{"id":9240,"date":"2025-01-05T23:55:13","date_gmt":"2025-01-06T03:55:13","guid":{"rendered":"https:\/\/noticiasveraces.com\/?p=9240"},"modified":"2025-01-05T23:55:13","modified_gmt":"2025-01-06T03:55:13","slug":"que-no-se-reescribe-ni-olvide-asalto-al-capitolio-dw-01-06-2025","status":"publish","type":"post","link":"https:\/\/noticiasveraces.com\/?p=9240","title":{"rendered":"que no se \u00abreescribe\u00bb ni olvide asalto al Capitolio \u2013 DW \u2013 01\/06\/2025"},"content":{"rendered":"<p> \n<\/p>\n<div>\n<p>El presidente de Estados Unidos, Joe Biden, dijo este domingo (05.01.2025) que los acontecimientos del 6 de enero de 2021, cuando partidario de Donald Trump irrumpieron en el Capitolio, no deben ser olvidados ni \u00abreescritos\u00bb despu\u00e9s de cuatro a\u00f1os de sucesos.<\/p>\n<p>\u00abNo creo que debamos fingir que eso no ocurri\u00f3\u00bb, dijeron a los periodistas en la Casa Blanca, un d\u00eda antes de que el Congreso certifique la victoria electoral de Trump en noviembre de 2024 que lo llevar\u00e1 de regreso al Despacho Oval.<\/p>\n<p>Tras el triunfo de Biden en los c\u00f3mics de 2020, el entonces presidente Trump pidi\u00f3 al Congreso ya su vicepresidente que bloquearan la certificaci\u00f3n, alegando sin pruebas que un fraude generalizado hab\u00eda provocado su derrota.<\/p>\n<p>Al t\u00e9rmino de una mitin frente a la Casa Blanca, los partidarios de Trump asaltaron el edificio del Capitolio, la sede del Congreso estadounidense, y obligaron a retrasar el procedimiento hasta primera hora de la ma\u00f1ana siguiente.<\/p>\n<h2>Una \u00abamenaza para la democracia\u00bb<\/h2>\n<p>\u00abCreo que lo que hizo fue una aut\u00e9ntica amenaza para la democracia\u00bb, a\u00f1adi\u00f3 Biden este domingo. \u00abTengo la esperanza de que lo hayamos superado\u00bb, matiz\u00f3.<\/p>\n<p>\u00abCreo que no debe ser reescrito, no creo que deba ser olvidado\u00bb, sostuvo.<\/p>\n<p>El mandatario saliente, que entregar\u00e1 el poder el pr\u00f3ximo 20 de enero a Trump, tambi\u00e9n hizo hincapi\u00e9 en sus esfuerzos por garantizar una \u00abtransici\u00f3n suave\u00bb.<\/p>\n<p>\u00abTenemos que volver a la transferencia b\u00e1sica y normal del poder\u00bb, dijo.<\/p>\n<p>Biden tach\u00f3 con frecuencia a Trump de \u00abamenaza para la democracia\u00bb cuando era el candidato presidencial dem\u00f3crata que se enfrentaba al republicano, antes de ser sustituido por la vicepresidenta Kamala Harris.<\/p>\n<p>Al contrario que en las elecciones de 2020, Biden reconoci\u00f3 r\u00e1pidamente la victoria electoral de Trump y, como s\u00edmbolo de compromiso con un traspaso pac\u00edfico, lo invit\u00f3 a reunirse en la Casa Blanca.<\/p>\n<p>jc (afp, ap)<\/p>\n<\/p>\n<\/div>\n\n","protected":false},"excerpt":{"rendered":"<p>El presidente de Estados Unidos, Joe Biden, dijo este domingo (05.01.2025) que los acontecimientos del 6 de enero de 2021, cuando partidario de Donald Trump irrumpieron en el Capitolio, no deben ser olvidados ni \u00abreescritos\u00bb despu\u00e9s de cuatro a\u00f1os de sucesos. \u00abNo creo que debamos fingir que eso no ocurri\u00f3\u00bb, dijeron a los periodistas en &hellip;<\/p>\n","protected":false},"author":1,"featured_media":9241,"comment_status":"open","ping_status":"open","sticky":false,"template":"","format":"standard","meta":{"fifu_image_url":"https:\/\/static.dw.com\/image\/71215547_6.jpg","fifu_image_alt":"","footnotes":""},"categories":[13],"tags":[],"class_list":["post-9240","post","type-post","status-publish","format-standard","has-post-thumbnail","","category-mundo"],"_links":{"self":[{"href":"https:\/\/noticiasveraces.com\/index.php?rest_route=\/wp\/v2\/posts\/9240","targetHints":{"allow":["GET"]}}],"collection":[{"href":"https:\/\/noticiasveraces.com\/index.php?rest_route=\/wp\/v2\/posts"}],"about":[{"href":"https:\/\/noticiasveraces.com\/index.php?rest_route=\/wp\/v2\/types\/post"}],"author":[{"embeddable":true,"href":"https:\/\/noticiasveraces.com\/index.php?rest_route=\/wp\/v2\/users\/1"}],"replies":[{"embeddable":true,"href":"https:\/\/noticiasveraces.com\/index.php?rest_route=%2Fwp%2Fv2%2Fcomments&post=9240"}],"version-history":[{"count":0,"href":"https:\/\/noticiasveraces.com\/index.php?rest_route=\/wp\/v2\/posts\/9240\/revisions"}],"wp:featuredmedia":[{"embeddable":true,"href":"https:\/\/noticiasveraces.com\/index.php?rest_route=\/wp\/v2\/media\/9241"}],"wp:attachment":[{"href":"https:\/\/noticiasveraces.com\/index.php?rest_route=%2Fwp%2Fv2%2Fmedia&parent=9240"}],"wp:term":[{"taxonomy":"category","embeddable":true,"href":"https:\/\/noticiasveraces.com\/index.php?rest_route=%2Fwp%2Fv2%2Fcategories&post=9240"},{"taxonomy":"post_tag","embeddable":true,"href":"https:\/\/noticiasveraces.com\/index.php?rest_route=%2Fwp%2Fv2%2Ftags&post=9240"}],"curies":[{"name":"wp","href":"https:\/\/api.w.org\/{rel}","templated":true}]}}