{"id":9237,"date":"2025-01-05T22:50:06","date_gmt":"2025-01-06T02:50:06","guid":{"rendered":"https:\/\/noticiasveraces.com\/?p=9237"},"modified":"2025-01-05T22:50:06","modified_gmt":"2025-01-06T02:50:06","slug":"se-espera-que-el-primer-ministro-justin-trudeau-anuncie-su-dimision-informe","status":"publish","type":"post","link":"https:\/\/noticiasveraces.com\/?p=9237","title":{"rendered":"Se espera que el primer ministro Justin Trudeau anuncie su dimisi\u00f3n: informe"},"content":{"rendered":"<p> \n<\/p>\n<div>\n<p class=\"speakable\">Seg\u00fan los medios canadienses, se espera que el primer ministro Justin Trudeau renuncie a su cargo el lunes.<\/p>\n<p class=\"speakable\">La noticia fue reportada por primera vez por el Globe and Mail el domingo por la noche, citando tres fuentes. El medio dijo que no est\u00e1 claro cu\u00e1ndo exactamente Trudeau dimitir\u00e1, pero se espera que sea antes de una reuni\u00f3n del grupo nacional el mi\u00e9rcoles.<\/p>\n<p>La noticia llega mientras la popularidad de Trudeau contin\u00faa disminuyendo en Canad\u00e1, que espera elecciones nacionales el 20 de octubre de este a\u00f1o. Seg\u00fan el encuestador canadiense Angus Reid, Trudeau tiene una tasa de desaprobaci\u00f3n de alrededor del 68% al 24 de diciembre, con un magro 28% de los canadienses apoy\u00e1ndolo.<\/p>\n<p>La posible renuncia tambi\u00e9n se producir\u00eda despu\u00e9s de que Trudeau afrontara unos meses dif\u00edciles en pol\u00edtica. En septiembre, se enfrent\u00f3 a una moci\u00f3n de censura en el parlamento que luego fracas\u00f3, a pesar de los esfuerzos del Partido Conservador por destituirlo de su cargo.<\/p>\n<p><strong><u>TRUMP SUGIERE QUE CANAD\u00c1 SE CONVIERTA EN EL ESTADO 51 DESPU\u00c9S DE QUE TRUDEAU DIJERA QUE LOS ARANCELES MATAR\u00cdAN LA ECONOM\u00cdA: FUENTES<\/u><\/strong><\/p>\n<div class=\"image-ct inline\">\n<div class=\"m\"><picture><source media=\"(max-width: 767px)\" srcset=\"https:\/\/a57.foxnews.com\/static.foxnews.com\/foxnews.com\/content\/uploads\/2025\/01\/343\/192\/gettyimages-2190144558.jpg?ve=1&amp;tl=1, https:\/\/a57.foxnews.com\/static.foxnews.com\/foxnews.com\/content\/uploads\/2025\/01\/686\/384\/gettyimages-2190144558.jpg?ve=1&amp;tl=1 2x\" height=\"192\" width=\"343\"><source media=\"(min-width: 768px) and (max-width: 1023px)\" srcset=\"https:\/\/a57.foxnews.com\/static.foxnews.com\/foxnews.com\/content\/uploads\/2025\/01\/672\/378\/gettyimages-2190144558.jpg?ve=1&amp;tl=1, https:\/\/a57.foxnews.com\/static.foxnews.com\/foxnews.com\/content\/uploads\/2025\/01\/1344\/756\/gettyimages-2190144558.jpg?ve=1&amp;tl=1 2x\" height=\"378\" width=\"672\"><source media=\"(min-width: 1024px) and (max-width: 1279px)\" srcset=\"https:\/\/a57.foxnews.com\/static.foxnews.com\/foxnews.com\/content\/uploads\/2025\/01\/931\/523\/gettyimages-2190144558.jpg?ve=1&amp;tl=1, https:\/\/a57.foxnews.com\/static.foxnews.com\/foxnews.com\/content\/uploads\/2025\/01\/1862\/1046\/gettyimages-2190144558.jpg?ve=1&amp;tl=1 2x\" height=\"523\" width=\"931\"><source media=\"(min-width: 1280px)\" srcset=\"https:\/\/a57.foxnews.com\/static.foxnews.com\/foxnews.com\/content\/uploads\/2025\/01\/720\/405\/gettyimages-2190144558.jpg?ve=1&amp;tl=1, https:\/\/a57.foxnews.com\/static.foxnews.com\/foxnews.com\/content\/uploads\/2025\/01\/1440\/810\/gettyimages-2190144558.jpg?ve=1&amp;tl=1 2x\" height=\"405\" width=\"720\"><img loading=\"lazy\" decoding=\"async\" src=\"https:\/\/a57.foxnews.com\/static.foxnews.com\/foxnews.com\/content\/uploads\/2025\/01\/1200\/675\/gettyimages-2190144558.jpg?ve=1&amp;tl=1\" alt=\"Justin Trudeau con traje y corbata\" width=\"1200\" height=\"675\"\/><\/source><\/source><\/source><\/source><\/picture><\/div>\n<div class=\"info\">\n<div class=\"caption\">\n<p><span>El primer ministro de Canad\u00e1, Justin Trudeau, podr\u00eda anunciar su dimisi\u00f3n el lunes, seg\u00fan informan los medios canadienses.<\/span> <span>(DAVE CHAN\/AFP v\u00eda Getty Images)<\/span><\/p>\n<\/div>\n<\/div>\n<\/div>\n<p>El 16 de diciembre, la ministra de Finanzas, Chrystia Freeland, anunci\u00f3 que dejar\u00eda el gabinete de Trudeau, asestando un duro golpe al primer ministro. En su carta de dimisi\u00f3n afirm\u00f3 que el \u00fanico \u00abcamino honesto y viable\u00bb era abandonar el Gabinete.<\/p>\n<p>\u00abDurante las \u00faltimas semanas, usted y yo nos hemos encontrado en desacuerdo sobre cu\u00e1l es el mejor camino a seguir para Canad\u00e1\u00bb, escribi\u00f3 Freeland, quien anteriormente era visto como un leal a Trudeau.<\/p>\n<p>\u00abNuestro pa\u00eds se enfrenta a un grave desaf\u00edo\u00bb, a\u00f1ade la carta. \u00abEso significa mantener nuestra p\u00f3lvora fiscal seca hoy, para que tengamos las reservas que podamos necesitar para una pr\u00f3xima guerra arancelaria\u00bb.<\/p>\n<p>M\u00e1s tarde, en diciembre, uno de los aliados clave de Trudeau, el l\u00edder del Nuevo Partido Dem\u00f3crata, Jagmeet Singh, dijo que planeaba presentar una moci\u00f3n formal de censura el 27 de enero.<\/p>\n<p>\u00abNo importa qui\u00e9n lidere el Partido Liberal, el tiempo de este gobierno se acab\u00f3. Presentaremos una clara moci\u00f3n de desconfianza en la pr\u00f3xima sesi\u00f3n de la C\u00e1mara de los Comunes\u00bb, dijo Singh.<\/p>\n<p><strong><u>TRUDEAU DE CANAD\u00c1 SE ENFRENTA A LA REVUELTA DESDE DENTRO MIENTRAS EL L\u00cdDER CONSERVADOR POPULAR BUSCA CAPITALIZAR<\/u><\/strong><\/p>\n<div class=\"image-ct inline\">\n<div class=\"m\"><picture><source media=\"(max-width: 767px)\" srcset=\"https:\/\/a57.foxnews.com\/static.foxnews.com\/foxnews.com\/content\/uploads\/2025\/01\/343\/192\/gettyimages-2190144581.jpg?ve=1&amp;tl=1, https:\/\/a57.foxnews.com\/static.foxnews.com\/foxnews.com\/content\/uploads\/2025\/01\/686\/384\/gettyimages-2190144581.jpg?ve=1&amp;tl=1 2x\" height=\"192\" width=\"343\"><source media=\"(min-width: 768px) and (max-width: 1023px)\" srcset=\"https:\/\/a57.foxnews.com\/static.foxnews.com\/foxnews.com\/content\/uploads\/2025\/01\/672\/378\/gettyimages-2190144581.jpg?ve=1&amp;tl=1, https:\/\/a57.foxnews.com\/static.foxnews.com\/foxnews.com\/content\/uploads\/2025\/01\/1344\/756\/gettyimages-2190144581.jpg?ve=1&amp;tl=1 2x\" height=\"378\" width=\"672\"><source media=\"(min-width: 1024px) and (max-width: 1279px)\" srcset=\"https:\/\/a57.foxnews.com\/static.foxnews.com\/foxnews.com\/content\/uploads\/2025\/01\/931\/523\/gettyimages-2190144581.jpg?ve=1&amp;tl=1, https:\/\/a57.foxnews.com\/static.foxnews.com\/foxnews.com\/content\/uploads\/2025\/01\/1862\/1046\/gettyimages-2190144581.jpg?ve=1&amp;tl=1 2x\" height=\"523\" width=\"931\"><source media=\"(min-width: 1280px)\" srcset=\"https:\/\/a57.foxnews.com\/static.foxnews.com\/foxnews.com\/content\/uploads\/2025\/01\/720\/405\/gettyimages-2190144581.jpg?ve=1&amp;tl=1, https:\/\/a57.foxnews.com\/static.foxnews.com\/foxnews.com\/content\/uploads\/2025\/01\/1440\/810\/gettyimages-2190144581.jpg?ve=1&amp;tl=1 2x\" height=\"405\" width=\"720\"><img loading=\"lazy\" decoding=\"async\" src=\"https:\/\/a57.foxnews.com\/static.foxnews.com\/foxnews.com\/content\/uploads\/2025\/01\/1200\/675\/gettyimages-2190144581.jpg?ve=1&amp;tl=1\" alt=\"Justin Trudeau con la mano en el aire\" width=\"1200\" height=\"675\"\/><\/source><\/source><\/source><\/source><\/picture><\/div>\n<div class=\"info\">\n<div class=\"caption\">\n<p><span>El primer ministro de Canad\u00e1, Justin Trudeau, se enfrenta a una popularidad cada vez menor en su pa\u00eds.<\/span> <span>(DAVE CHAN\/AFP v\u00eda Getty Images)<\/span><\/p>\n<\/div>\n<\/div>\n<\/div>\n<p>Las decisiones personales de Trudeau tambi\u00e9n han provocado reacciones violentas por parte de sus oponentes. A finales de noviembre, Trudeau enfrent\u00f3 cr\u00edticas internacionales despu\u00e9s de que lo vieran bailando en un concierto de Taylor Swift en Toronto mientras se produc\u00edan disturbios destructivos en su ciudad natal de Montreal.<\/p>\n<p>Don Stewart, miembro del Parlamento (MP) que representa parte de Toronto, critic\u00f3 al primer ministro en una publicaci\u00f3n en X.<\/p>\n<p>\u00abLos manifestantes sin ley arrasan Montreal en una protesta violenta. El Primer Ministro baila\u00bb, escribi\u00f3 el pol\u00edtico canadiense. \u00abEste es el Canad\u00e1 construido por el gobierno liberal\u00bb.<\/p>\n<p>\u00abRecuperar la ley y el orden, calles y comunidades seguras en el Canad\u00e1 que una vez conocimos y amamos\u00bb, a\u00f1adi\u00f3 Stewart. Trudeau denunci\u00f3 m\u00e1s tarde la anarqu\u00eda y calific\u00f3 los disturbios de \u00abespantosos\u00bb.<\/p>\n<p><strong><u>HAGA CLIC AQU\u00cd PARA OBTENER LA APLICACI\u00d3N FOX NEWS<\/u><\/strong><\/p>\n<div class=\"image-ct inline\">\n<div class=\"m\"><picture><source media=\"(max-width: 767px)\" srcset=\"https:\/\/a57.foxnews.com\/static.foxnews.com\/foxnews.com\/content\/uploads\/2025\/01\/343\/192\/gettyimages-2190144272.jpg?ve=1&amp;tl=1, https:\/\/a57.foxnews.com\/static.foxnews.com\/foxnews.com\/content\/uploads\/2025\/01\/686\/384\/gettyimages-2190144272.jpg?ve=1&amp;tl=1 2x\" height=\"192\" width=\"343\"><source media=\"(min-width: 768px) and (max-width: 1023px)\" srcset=\"https:\/\/a57.foxnews.com\/static.foxnews.com\/foxnews.com\/content\/uploads\/2025\/01\/672\/378\/gettyimages-2190144272.jpg?ve=1&amp;tl=1, https:\/\/a57.foxnews.com\/static.foxnews.com\/foxnews.com\/content\/uploads\/2025\/01\/1344\/756\/gettyimages-2190144272.jpg?ve=1&amp;tl=1 2x\" height=\"378\" width=\"672\"><source media=\"(min-width: 1024px) and (max-width: 1279px)\" srcset=\"https:\/\/a57.foxnews.com\/static.foxnews.com\/foxnews.com\/content\/uploads\/2025\/01\/931\/523\/gettyimages-2190144272.jpg?ve=1&amp;tl=1, https:\/\/a57.foxnews.com\/static.foxnews.com\/foxnews.com\/content\/uploads\/2025\/01\/1862\/1046\/gettyimages-2190144272.jpg?ve=1&amp;tl=1 2x\" height=\"523\" width=\"931\"><source media=\"(min-width: 1280px)\" srcset=\"https:\/\/a57.foxnews.com\/static.foxnews.com\/foxnews.com\/content\/uploads\/2025\/01\/720\/405\/gettyimages-2190144272.jpg?ve=1&amp;tl=1, https:\/\/a57.foxnews.com\/static.foxnews.com\/foxnews.com\/content\/uploads\/2025\/01\/1440\/810\/gettyimages-2190144272.jpg?ve=1&amp;tl=1 2x\" height=\"405\" width=\"720\"><img loading=\"lazy\" decoding=\"async\" src=\"https:\/\/a57.foxnews.com\/static.foxnews.com\/foxnews.com\/content\/uploads\/2025\/01\/1200\/675\/gettyimages-2190144272.jpg?ve=1&amp;tl=1\" alt=\"Justin Trudeau en una reuni\u00f3n\" width=\"1200\" height=\"675\"\/><\/source><\/source><\/source><\/source><\/picture><\/div>\n<div class=\"info\">\n<div class=\"caption\">\n<p><span>El primer ministro de Canad\u00e1, Justin Trudeau, dimitir\u00e1, seg\u00fan el Globe and Mail.<\/span> <span>(DAVE CHAN\/AFP v\u00eda Getty Images)<\/span><\/p>\n<\/div>\n<\/div>\n<\/div>\n<p>Fox News Digital se comunic\u00f3 con la oficina de Trudeau para solicitar comentarios.<\/p>\n<p><i>Chris Massaro de Fox News, The Associated Press y Reuters contribuyeron a este informe.<\/i><\/p>\n<p> <!----> <\/p>\n<div class=\"article-meta\">\n<div class=\"author-bio\">\n<p>Andrea Margolis es escritora de Fox News Digital y Fox Business. Los lectores pueden enviar consejos sobre historias a andrea.margolis@fox.com<u>.<\/u><\/p>\n<\/div>\n<\/div><\/div>\n\n","protected":false},"excerpt":{"rendered":"<p>Seg\u00fan los medios canadienses, se espera que el primer ministro Justin Trudeau renuncie a su cargo el lunes. La noticia fue reportada por primera vez por el Globe and Mail el domingo por la noche, citando tres fuentes. El medio dijo que no est\u00e1 claro cu\u00e1ndo exactamente Trudeau dimitir\u00e1, pero se espera que sea antes &hellip;<\/p>\n","protected":false},"author":1,"featured_media":9239,"comment_status":"open","ping_status":"open","sticky":false,"template":"","format":"standard","meta":{"fifu_image_url":"https:\/\/static.foxnews.com\/foxnews.com\/content\/uploads\/2025\/01\/gettyimages-2190144272.jpg","fifu_image_alt":"","footnotes":""},"categories":[13],"tags":[],"class_list":["post-9237","post","type-post","status-publish","format-standard","has-post-thumbnail","","category-mundo"],"_links":{"self":[{"href":"https:\/\/noticiasveraces.com\/index.php?rest_route=\/wp\/v2\/posts\/9237","targetHints":{"allow":["GET"]}}],"collection":[{"href":"https:\/\/noticiasveraces.com\/index.php?rest_route=\/wp\/v2\/posts"}],"about":[{"href":"https:\/\/noticiasveraces.com\/index.php?rest_route=\/wp\/v2\/types\/post"}],"author":[{"embeddable":true,"href":"https:\/\/noticiasveraces.com\/index.php?rest_route=\/wp\/v2\/users\/1"}],"replies":[{"embeddable":true,"href":"https:\/\/noticiasveraces.com\/index.php?rest_route=%2Fwp%2Fv2%2Fcomments&post=9237"}],"version-history":[{"count":0,"href":"https:\/\/noticiasveraces.com\/index.php?rest_route=\/wp\/v2\/posts\/9237\/revisions"}],"wp:featuredmedia":[{"embeddable":true,"href":"https:\/\/noticiasveraces.com\/index.php?rest_route=\/wp\/v2\/media\/9239"}],"wp:attachment":[{"href":"https:\/\/noticiasveraces.com\/index.php?rest_route=%2Fwp%2Fv2%2Fmedia&parent=9237"}],"wp:term":[{"taxonomy":"category","embeddable":true,"href":"https:\/\/noticiasveraces.com\/index.php?rest_route=%2Fwp%2Fv2%2Fcategories&post=9237"},{"taxonomy":"post_tag","embeddable":true,"href":"https:\/\/noticiasveraces.com\/index.php?rest_route=%2Fwp%2Fv2%2Ftags&post=9237"}],"curies":[{"name":"wp","href":"https:\/\/api.w.org\/{rel}","templated":true}]}}