{"id":9224,"date":"2025-01-05T20:20:10","date_gmt":"2025-01-06T00:20:10","guid":{"rendered":"https:\/\/noticiasveraces.com\/?p=9224"},"modified":"2025-01-05T20:20:10","modified_gmt":"2025-01-06T00:20:10","slug":"le-decia-que-le-encontrara-un-sentido-a-la-vida","status":"publish","type":"post","link":"https:\/\/noticiasveraces.com\/?p=9224","title":{"rendered":"\u00abLe dec\u00eda que le encontrara un sentido a la vida\u00bb"},"content":{"rendered":"<p> \n<\/p>\n<div id=\"intext\">\n<p>Luis Su\u00e1rez ha colaborado en el rescate de un hombre que intent\u00f3 suicidarse. Tal y como informan los medios uruguayos La Red 21 y Montevideo Portal, el que fuera delantero de Liverpool, Barcelona y Atl\u00e9tico de Madrid ha colaborado con las autoridades para tratar de evitar dicho suicidio en la localidad de Canelones, en Uruguay.<\/p>\n<p>El ahora futbolista del Inter de Miami se encontr\u00f3 paseando por la zona junto a su esposa, Sof\u00eda Balbi, cuando observ\u00f3 que un hombre estaba encaramado a un \u00e1rbol, con una soga, y amenazando con el suicidio si no se personaba su pareja.<\/p>\n<p>El hombre ten\u00eda 46 a\u00f1os y hab\u00eda trepado a un \u00e1rbol de seis metros con la intenci\u00f3n de quitarse la vida. Seg\u00fan el parte policial difundido por Prefectura, el hombre manifest\u00f3 que, \u00absi su pareja, una mujer de 53 a\u00f1os, no se presenta en el lugar, se quitar\u00e1 la vida\u00bb.<\/p>\n<p>El individuo se encontraba desarmado, si bien ten\u00eda una cuerda consigo y la hab\u00eda atado a su cuello. Adem\u00e1s, se inform\u00f3 que el hombre est\u00e1 siendo sometido a medidas cautelares relacionadas con violencia dom\u00e9stica.<\/p>\n<h2 class=\"title-h2\">\u00abCharlar de forma emp\u00e1tica\u00bb<\/h2>\n<p>El delantero uruguayo dialog\u00f3 entonces con el hombre, en compa\u00f1\u00eda de miembros de una organizaci\u00f3n no gubernamental especializada en psicolog\u00eda social. Andrea, integrante de la ONG, lo cont\u00f3 a Telenoche Uruguay: \u00abSe acerc\u00f3 Su\u00e1rez, jugador reconocido uruguayo, y lo que hicimos fue, en ese tiempo de contenci\u00f3n, tratar de charlar de una forma emp\u00e1tica y cercana para que no se hiciera tan prolongado , m\u00e1s all\u00e1 de que desde ayer este hombre est\u00e1 ah\u00ed luchando por su vida\u00bb.<\/p>\n<p>As\u00ed explic\u00f3 un testigo el momento en el medio citado: \u00abLuis se acerca porque es una persona muy humana, hoy me lo confirm\u00f3. Le dec\u00edamos que le encontrar\u00edamos un sentido a la vida, tratar de que bajara y que se sintiera acompa\u00f1ado con nosotros\u00bb .<\/p>\n<p>Finalmente, despu\u00e9s de largas horas de di\u00e1logo, el hombre fue persuadido para descender del \u00e1rbol. Una vez en el suelo, fue entregado a la Unidad Especializada en Violencia Dom\u00e9stica del Ministerio del Interior, donde recibir\u00e1 atenci\u00f3n y evaluaci\u00f3n profesional.<\/p>\n<p>El futbolista uruguayo estaba realizando una caminata por la rambla de Solymar, ubicada cerca de su residencia en Uruguay, donde permanecer\u00e1 tras pasar las festividades y vacaciones antes de regresar a los Estados Unidos para reincorporarse al Inter Miami de la MLS.<\/p>\n<p><i>>S\u00edguenos en nuestro canal de WhatsApp y no te pierdas la \u00faltima hora y toda la actualidad de antena3noticias.com<\/i><\/p>\n<div class=\"recirculation-video\" data-mod=\"a3mod_recirculation_video\">\n<div class=\"recirculation-video-wrapper\">\n<div>\n<div class=\"video-wrapper\">\n  <picture class=\"video-main-picture\"><source media=\"(min-width: 481px)\" srcset=\"https:\/\/fotografias.antena3.com\/clipping\/cmsimages01\/2025\/01\/04\/0A875C30-6BD9-4F98-B758-8D247E0F1DEC\/fred-kerley-posa-prision-despues-ser-arrestado-miami-beach_94.jpg?crop=1759,989,x0,y92&amp;width=800&amp;height=450&amp;optimize=medium&amp;format=webply\" width=\"800\" height=\"450\"><source media=\"(min-width: 391px) and (max-width: 480px)\" srcset=\"https:\/\/fotografias.antena3.com\/clipping\/cmsimages01\/2025\/01\/04\/0A875C30-6BD9-4F98-B758-8D247E0F1DEC\/fred-kerley-posa-prision-despues-ser-arrestado-miami-beach_70.jpg?crop=1759,989,x0,y92&amp;width=480&amp;height=270&amp;optimize=high&amp;format=webply\" width=\"480\" height=\"270\"><source media=\"(min-width: 321px) and (max-width: 390px)\" srcset=\"https:\/\/fotografias.antena3.com\/clipping\/cmsimages01\/2025\/01\/04\/0A875C30-6BD9-4F98-B758-8D247E0F1DEC\/fred-kerley-posa-prision-despues-ser-arrestado-miami-beach_92.jpg?crop=1759,988,x0,y93&amp;width=390&amp;height=219&amp;optimize=high&amp;format=webply\" width=\"390\" height=\"219\"><source media=\"(max-width: 320px)\" srcset=\"https:\/\/fotografias.antena3.com\/clipping\/cmsimages01\/2025\/01\/04\/0A875C30-6BD9-4F98-B758-8D247E0F1DEC\/fred-kerley-posa-prision-despues-ser-arrestado-miami-beach_52.jpg?crop=1759,989,x0,y92&amp;width=320&amp;height=180&amp;optimize=high&amp;format=webply\" width=\"320\" height=\"180\"><img decoding=\"async\" title=\"Fred Kerley posa en prisi\u00f3n despu\u00e9s de ser arrestado en Miami Beach\" alt=\"Fred Kerley posa en prisi\u00f3n despu\u00e9s de ser arrestado en Miami Beach\" width=\"480\" height=\"270\" src=\"https:\/\/fotografias.antena3.com\/clipping\/cmsimages01\/2025\/01\/04\/0A875C30-6BD9-4F98-B758-8D247E0F1DEC\/fred-kerley-posa-prision-despues-ser-arrestado-miami-beach_70.jpg?crop=1759,989,x0,y92&amp;width=480&amp;height=270&amp;optimize=high&amp;format=webply\" loading=\"lazy\" class=\"lazy\"\/><br \/>\n  <\/source><\/source><\/source><\/source><\/picture>\n <\/div>\n<\/div><\/div>\n<\/p><\/div>\n<\/div>\n\n","protected":false},"excerpt":{"rendered":"<p>Luis Su\u00e1rez ha colaborado en el rescate de un hombre que intent\u00f3 suicidarse. Tal y como informan los medios uruguayos La Red 21 y Montevideo Portal, el que fuera delantero de Liverpool, Barcelona y Atl\u00e9tico de Madrid ha colaborado con las autoridades para tratar de evitar dicho suicidio en la localidad de Canelones, en Uruguay. &hellip;<\/p>\n","protected":false},"author":1,"featured_media":9226,"comment_status":"open","ping_status":"open","sticky":false,"template":"","format":"standard","meta":{"fifu_image_url":"https:\/\/fotografias.antena3.com\/clipping\/cmsimages01\/2025\/01\/05\/97F3D549-4791-4FCF-B5C7-5AFCB4CCB852\/luis-suarez-partido-inter-miami_69.jpg?crop=3489,1963,x0,y0&width=1280&height=720&optimize=low&format=jpg","fifu_image_alt":"","footnotes":""},"categories":[6],"tags":[],"class_list":["post-9224","post","type-post","status-publish","format-standard","has-post-thumbnail","","category-deportes"],"_links":{"self":[{"href":"https:\/\/noticiasveraces.com\/index.php?rest_route=\/wp\/v2\/posts\/9224","targetHints":{"allow":["GET"]}}],"collection":[{"href":"https:\/\/noticiasveraces.com\/index.php?rest_route=\/wp\/v2\/posts"}],"about":[{"href":"https:\/\/noticiasveraces.com\/index.php?rest_route=\/wp\/v2\/types\/post"}],"author":[{"embeddable":true,"href":"https:\/\/noticiasveraces.com\/index.php?rest_route=\/wp\/v2\/users\/1"}],"replies":[{"embeddable":true,"href":"https:\/\/noticiasveraces.com\/index.php?rest_route=%2Fwp%2Fv2%2Fcomments&post=9224"}],"version-history":[{"count":0,"href":"https:\/\/noticiasveraces.com\/index.php?rest_route=\/wp\/v2\/posts\/9224\/revisions"}],"wp:featuredmedia":[{"embeddable":true,"href":"https:\/\/noticiasveraces.com\/index.php?rest_route=\/wp\/v2\/media\/9226"}],"wp:attachment":[{"href":"https:\/\/noticiasveraces.com\/index.php?rest_route=%2Fwp%2Fv2%2Fmedia&parent=9224"}],"wp:term":[{"taxonomy":"category","embeddable":true,"href":"https:\/\/noticiasveraces.com\/index.php?rest_route=%2Fwp%2Fv2%2Fcategories&post=9224"},{"taxonomy":"post_tag","embeddable":true,"href":"https:\/\/noticiasveraces.com\/index.php?rest_route=%2Fwp%2Fv2%2Ftags&post=9224"}],"curies":[{"name":"wp","href":"https:\/\/api.w.org\/{rel}","templated":true}]}}