{"id":9208,"date":"2025-01-05T19:21:31","date_gmt":"2025-01-05T23:21:31","guid":{"rendered":"https:\/\/noticiasveraces.com\/?p=9208"},"modified":"2025-01-05T19:21:31","modified_gmt":"2025-01-05T23:21:31","slug":"la-ultraderecha-en-austria-a-las-puertas-del-poder-dw-01-05-2025","status":"publish","type":"post","link":"https:\/\/noticiasveraces.com\/?p=9208","title":{"rendered":"La ultraderecha en Austria, a las puertas del poder \u2013 DW \u2013 01\/05\/2025"},"content":{"rendered":"<p> \n<\/p>\n<div>\n<p>Austria podr\u00eda tener por primera vez desde 1945 un jefe de Gobierno de extrema derecha, una posibilidad que se ha vuelto m\u00e1s concreta este fin de semana tras fracasar los intentos de formar un Gobierno que excluira al partido ultraderechista FP\u00d6 de Herbert Kickl, vencedor en las elecciones. de septiembre.<\/p>\n<p>Los acontecimientos se han precipitado desde el viernes pasado, cuando el peque\u00f1o partido Neos (neoliberal) anunci\u00f3 que abandonaba las negociaciones en curso con conservadores y socialdem\u00f3cratas sobre una coalici\u00f3n tripartita.<\/p>\n<p>El presidente del pa\u00eds, el progresista Alexander Van der Bellen, quien siempre ha manifestado sus reservas sobre Kickl como canciller federal, anunci\u00f3 este domingo (01.05.2025) que recibir\u00e1 al l\u00edder ultraderechista ma\u00f1ana lunes.<\/p>\n<p>\u00abSe han debilitado las voces en el se\u00f1or (partido conservador) \u00d6VP que descartaban una cooperaci\u00f3n con Kickl\u00bb tras la retirada de Karl Nehammer \u2013canciller federal en funciones\u2013 como presidente de la formaci\u00f3n, dijo el jefe del Estado en una breve comparancia televisada desde el Palacio Hofburg, sede de la presidencia.<\/p>\n<figure class=\"placeholder-image master_landscape big\"><img data-format=\"MASTER_LANDSCAPE\" data-id=\"71221614\" data-url=\"https:\/\/static.dw.com\/image\/71221614_${formatId}.jpg\" data-aspect-ratio=\"16\/9\" alt=\"El presidente Van der Bellen anunci\u00f3 desde el Palacio Hofburg su disposici\u00f3n a reunirse con el l\u00edder ultraderechista Kickl.\" style=\"padding-bottom: 56.25%; height: 0; max-height: 0;\"\/><figcaption class=\"img-caption\">El presidente Van der Bellen anunci\u00f3 desde el Palacio Hofburg su disposici\u00f3n a reunirse con el l\u00edder ultraderechista Kickl.<small class=\"copyright\">Imagen: Tobias Steinmaurer\/APA\/dpa\/picture Alliance<\/small><\/figcaption><\/figure>\n<h2><strong>El bloqueo pol\u00edtico agita el panorama austriaco <\/strong><\/h2>\n<p>El pa\u00eds alpino, miembro de la Uni\u00f3n Europea, se sumi\u00f3 en la incertidumbre pol\u00edtica el s\u00e1bado despu\u00e9s de que el primer ministro conservador Karl Nehammer pusiera fin a las negociaciones para formar un gobierno centrista sin la extrema derecha, que gan\u00f3 las elecciones legislativas de finales de septiembre.<\/p>\n<p><span data-slot-id=\"Article_InContent-1\" class=\"rich-text-ad\"\/><\/p>\n<p>Nehammer anunci\u00f3 que dimitir\u00eda \u00aben los pr\u00f3ximos d\u00edas\u00bb como canciller y presidente del Partido Popular austriaco (\u00d6VP), cargos que ocupaba desde finales de 2021, prometiendo \u00abuna transici\u00f3n ordenada\u00bb. <\/p>\n<p>Los dos partidos tradicionales reconocieron, entre mutuas acusaciones, que no pudieron salvar sus diferencias program\u00e1ticas, especialmente sobre las f\u00f3rmulas para reducir el d\u00e9ficit presupuestario excesivo.<\/p>\n<p>Durante una reuni\u00f3n de los l\u00edderes de su formaci\u00f3n el domingo, el secretario general del movimiento, Christian Stocker, fue designado jefe del partido en funciones. <\/p>\n<p>Stocker declar\u00f3 que su partido le hab\u00eda autorizado a iniciar negociaciones de coalici\u00f3n con la extrema derecha. <\/p>\n<p>\u00abEste pa\u00eds necesita un gobierno estable hoy, y no podemos seguir perdiendo un tiempo que no tenemos en campa\u00f1as electorales o en elecciones\u00bb, a\u00f1adi\u00f3.<\/p>\n<figure class=\"placeholder-image master_landscape big\"><img data-format=\"MASTER_LANDSCAPE\" data-id=\"71219268\" data-url=\"https:\/\/static.dw.com\/image\/71219268_${formatId}.jpg\" data-aspect-ratio=\"16\/9\" alt=\"El canciller saliente Nehammer dimiti\u00f3 tras fracasar en formar un gobierno centrista sin la extrema derecha.\" style=\"padding-bottom: 56.25%; height: 0; max-height: 0;\"\/><figcaption class=\"img-caption\">El canciller saliente Nehammer dimiti\u00f3 tras fracasar en formar un gobierno centrista sin la extrema derecha.<small class=\"copyright\">Imagen: Leonhard Foeger\/REUTERS<\/small><\/figcaption><\/figure>\n<h2><strong>Del rechazo al di\u00e1logo institucional <\/strong><\/h2>\n<p>Stocker sostuvo la decisi\u00f3n del presidente de dialogar con el l\u00edder de extrema derecha, cuyo partido logr\u00f3 casi el 29% de los votos en las legislativas del 29 de septiembre, pero que hasta ahora no hab\u00eda encontrado socios para formar gobierno. <\/p>\n<p>Por el momento no est\u00e1 claro si Van der Bellen pedir\u00e1 al partido de extrema derecha \u2013al que los \u00faltimos sondeos dan una estimaci\u00f3n de voto del 35 %\u2013 que intenta formar un gobierno. <\/p>\n<p>El FP\u00d6, uno de los partidos de extrema derecha m\u00e1s antiguos de Europa, fundado tras la Segunda Guerra Mundial por antiguos jerarcas y simpatizantes nazis, podr\u00eda encabezar por primera vez un gobierno nacional, aunque ya ha subido al poder en varias ocasiones como socio minoritario.<\/p>\n<p>El canciller Nehammer, que en el pasado dijo estar dispuesto a mantener discusiones con el FP\u00d6, aunque descart\u00f3 trabajar con su l\u00edder, lament\u00f3 el s\u00e1bado no haber podido crear una \u00abfuerza del centrismo pol\u00edtico para construir un muro contra los radicales\u00bb.<\/p>\n<p>El \u00d6VP qued\u00f3 segundo en las elecciones legislativas, con el 26% de los votos, seguido de los socialdem\u00f3cratas (21%).<\/p>\n<p>La formaci\u00f3n conservadora particip\u00f3 en distintos gobiernos del pa\u00eds de 9 millones de habitantes desde 1987 y gobern\u00f3 dos veces con el FP\u00d6, su socio minoritario, en 2000 y 2017.<\/p>\n<p>POCOS (AFP, EFE)<\/p>\n<\/div>\n\n","protected":false},"excerpt":{"rendered":"<p>Austria podr\u00eda tener por primera vez desde 1945 un jefe de Gobierno de extrema derecha, una posibilidad que se ha vuelto m\u00e1s concreta este fin de semana tras fracasar los intentos de formar un Gobierno que excluira al partido ultraderechista FP\u00d6 de Herbert Kickl, vencedor en las elecciones. de septiembre. Los acontecimientos se han precipitado &hellip;<\/p>\n","protected":false},"author":1,"featured_media":9209,"comment_status":"open","ping_status":"open","sticky":false,"template":"","format":"standard","meta":{"fifu_image_url":"https:\/\/static.dw.com\/image\/70361521_6.jpg","fifu_image_alt":"","footnotes":""},"categories":[13],"tags":[],"class_list":["post-9208","post","type-post","status-publish","format-standard","has-post-thumbnail","","category-mundo"],"_links":{"self":[{"href":"https:\/\/noticiasveraces.com\/index.php?rest_route=\/wp\/v2\/posts\/9208","targetHints":{"allow":["GET"]}}],"collection":[{"href":"https:\/\/noticiasveraces.com\/index.php?rest_route=\/wp\/v2\/posts"}],"about":[{"href":"https:\/\/noticiasveraces.com\/index.php?rest_route=\/wp\/v2\/types\/post"}],"author":[{"embeddable":true,"href":"https:\/\/noticiasveraces.com\/index.php?rest_route=\/wp\/v2\/users\/1"}],"replies":[{"embeddable":true,"href":"https:\/\/noticiasveraces.com\/index.php?rest_route=%2Fwp%2Fv2%2Fcomments&post=9208"}],"version-history":[{"count":0,"href":"https:\/\/noticiasveraces.com\/index.php?rest_route=\/wp\/v2\/posts\/9208\/revisions"}],"wp:featuredmedia":[{"embeddable":true,"href":"https:\/\/noticiasveraces.com\/index.php?rest_route=\/wp\/v2\/media\/9209"}],"wp:attachment":[{"href":"https:\/\/noticiasveraces.com\/index.php?rest_route=%2Fwp%2Fv2%2Fmedia&parent=9208"}],"wp:term":[{"taxonomy":"category","embeddable":true,"href":"https:\/\/noticiasveraces.com\/index.php?rest_route=%2Fwp%2Fv2%2Fcategories&post=9208"},{"taxonomy":"post_tag","embeddable":true,"href":"https:\/\/noticiasveraces.com\/index.php?rest_route=%2Fwp%2Fv2%2Ftags&post=9208"}],"curies":[{"name":"wp","href":"https:\/\/api.w.org\/{rel}","templated":true}]}}