{"id":9205,"date":"2025-01-05T18:20:11","date_gmt":"2025-01-05T22:20:11","guid":{"rendered":"https:\/\/noticiasveraces.com\/?p=9205"},"modified":"2025-01-05T18:20:11","modified_gmt":"2025-01-05T22:20:11","slug":"se-rumorea-que-el-lider-del-partido-nacionalista-austriaco-esta-en-conversaciones-para-formar-gobierno","status":"publish","type":"post","link":"https:\/\/noticiasveraces.com\/?p=9205","title":{"rendered":"Se rumorea que el l\u00edder del partido nacionalista austriaco est\u00e1 en conversaciones para formar gobierno"},"content":{"rendered":"<p> \n<\/p>\n<div>\n<p class=\"speakable\">El presidente austriaco, Alexander Van der Bellen, anunci\u00f3 el domingo que se reunir\u00eda con el pol\u00edtico de extrema derecha Herbert Kickl mientras crecen las especulaciones de que le pedir\u00e1 al l\u00edder del Partido de la Libertad que forme gobierno.<\/p>\n<p class=\"speakable\">Van der Bellen hizo el anuncio despu\u00e9s de reunirse con el canciller Karl Nehammer y otras personas en su palacio presidencial. Nehammer ha anunciado su intenci\u00f3n de dimitir despu\u00e9s de que las conversaciones de coalici\u00f3n entre su conservador Partido Popular Austriaco y los socialdem\u00f3cratas de centroizquierda fracasaran por el presupuesto.<\/p>\n<p>Nehammer ha descartado trabajar con Kickl, pero otros dentro de su partido son menos inflexibles. El domingo temprano, el Partido Popular nomin\u00f3 a su secretario general, Christian Stocker, como l\u00edder interino, pero el presidente dijo que Nehammer seguir\u00eda siendo canciller por ahora.<\/p>\n<p>Van der Bellen dijo que hab\u00eda estado hablando durante varias horas con funcionarios clave, despu\u00e9s de lo cual tuvo la impresi\u00f3n de que \u00ablas voces dentro del Partido Popular que excluyen la colaboraci\u00f3n con el Partido de la Libertad bajo el liderazgo de Herbert Kickl se han vuelto m\u00e1s silenciosas\u00bb.<\/p>\n<p><strong>ALEMANIA ACUSA A ELON MUSK DE INTENTAR INTERFERIR EN SUS ELECCIONES NACIONALES<\/strong><\/p>\n<p>El presidente afirm\u00f3 que este acontecimiento \u00abha abierto potencialmente un nuevo camino\u00bb, lo que le llev\u00f3 a invitar a Kickl a una reuni\u00f3n el lunes por la ma\u00f1ana.<\/p>\n<p>El Partido de la Libertad de Kickl encabez\u00f3 las encuestas en las elecciones nacionales de oto\u00f1o con el 29,2% de los votos, pero Van der Bellen encarg\u00f3 a Nehammer formar un nuevo gobierno porque ning\u00fan otro partido estaba dispuesto a trabajar con Kickl.<\/p>\n<p>Esa decisi\u00f3n gener\u00f3 fuertes cr\u00edticas por parte del Partido de la Libertad y sus partidarios, y Kickl dijo en octubre que \u00abno era correcto ni l\u00f3gico\u00bb que no obtuviera un mandato para formar un gobierno.<\/p>\n<p>\u00abNo somos responsables de la p\u00e9rdida de tiempo, de la situaci\u00f3n ca\u00f3tica y del enorme abuso de confianza que ha surgido\u00bb, afirm\u00f3 Kickl el domingo por la tarde en las redes sociales. \u00abAl contrario: est\u00e1 claro que el Partido de la Libertad ha sido y sigue siendo el \u00fanico factor estable en la pol\u00edtica austriaca.\u00bb<\/p>\n<div class=\"image-ct inline\">\n<div class=\"m\"><picture><source media=\"(max-width: 767px)\" srcset=\"https:\/\/a57.foxnews.com\/static.foxnews.com\/foxnews.com\/content\/uploads\/2025\/01\/343\/192\/ap25005532727147.jpg?ve=1&amp;tl=1, https:\/\/a57.foxnews.com\/static.foxnews.com\/foxnews.com\/content\/uploads\/2025\/01\/686\/384\/ap25005532727147.jpg?ve=1&amp;tl=1 2x\" height=\"192\" width=\"343\"><source media=\"(min-width: 768px) and (max-width: 1023px)\" srcset=\"https:\/\/a57.foxnews.com\/static.foxnews.com\/foxnews.com\/content\/uploads\/2025\/01\/672\/378\/ap25005532727147.jpg?ve=1&amp;tl=1, https:\/\/a57.foxnews.com\/static.foxnews.com\/foxnews.com\/content\/uploads\/2025\/01\/1344\/756\/ap25005532727147.jpg?ve=1&amp;tl=1 2x\" height=\"378\" width=\"672\"><source media=\"(min-width: 1024px) and (max-width: 1279px)\" srcset=\"https:\/\/a57.foxnews.com\/static.foxnews.com\/foxnews.com\/content\/uploads\/2025\/01\/931\/523\/ap25005532727147.jpg?ve=1&amp;tl=1, https:\/\/a57.foxnews.com\/static.foxnews.com\/foxnews.com\/content\/uploads\/2025\/01\/1862\/1046\/ap25005532727147.jpg?ve=1&amp;tl=1 2x\" height=\"523\" width=\"931\"><source media=\"(min-width: 1280px)\" srcset=\"https:\/\/a57.foxnews.com\/static.foxnews.com\/foxnews.com\/content\/uploads\/2025\/01\/720\/405\/ap25005532727147.jpg?ve=1&amp;tl=1, https:\/\/a57.foxnews.com\/static.foxnews.com\/foxnews.com\/content\/uploads\/2025\/01\/1440\/810\/ap25005532727147.jpg?ve=1&amp;tl=1 2x\" height=\"405\" width=\"720\"><img loading=\"lazy\" decoding=\"async\" src=\"https:\/\/a57.foxnews.com\/static.foxnews.com\/foxnews.com\/content\/uploads\/2025\/01\/1200\/675\/ap25005532727147.jpg?ve=1&amp;tl=1\" alt=\"Sede del Partido Popular Austriaco, Viena\" width=\"1200\" height=\"675\"\/><\/source><\/source><\/source><\/source><\/picture><\/div>\n<div class=\"info\">\n<div class=\"caption\">\n<p><span>Vista exterior de la sede del Partido Popular Austriaco en Viena, Austria, el domingo 5 de enero de 2025.<\/span> <span>(Foto AP\/Heinz-Peter Bader)<\/span><\/p>\n<\/div>\n<\/div>\n<\/div>\n<p>Stocker se dirigi\u00f3 a los periodistas el domingo por la tarde y confirm\u00f3 que hab\u00eda sido designado \u00abpor unanimidad\u00bb por su partido para ocupar el cargo de l\u00edder interino. \u00abMe siento muy honrado y feliz\u00bb, dijo.<\/p>\n<p>Tambi\u00e9n acogi\u00f3 con satisfacci\u00f3n la decisi\u00f3n del presidente de reunirse con Kickl y dijo que ahora espera que el l\u00edder del partido que result\u00f3 claramente ganador de las \u00faltimas elecciones tenga la tarea de formar un gobierno.<\/p>\n<p>\u00abSi nos invitan a negociar para formar un gobierno, aceptaremos esta invitaci\u00f3n\u00bb, a\u00f1adi\u00f3 Stocker.<\/p>\n<p>En el pasado, Stocker critic\u00f3 a Kickl, calific\u00e1ndolo de \u00abriesgo para la seguridad\u00bb del pa\u00eds.<\/p>\n<p>En su programa electoral \u00abFortaleza Austria\u00bb, el Partido de la Libertad pide \u00abla remigraci\u00f3n de extranjeros no invitados\u00bb, para lograr una naci\u00f3n m\u00e1s \u00abhomog\u00e9nea\u00bb mediante un estricto control de las fronteras y la suspensi\u00f3n del derecho de asilo mediante una ley de emergencia.<\/p>\n<p>El Partido de la Libertad tambi\u00e9n pide el fin de las sanciones contra Rusia, es muy cr\u00edtico con la ayuda militar occidental a Ucrania y quiere retirarse de la Iniciativa Europea Sky Shield, un proyecto de defensa antimisiles lanzado por Alemania. El Partido de la Libertad tambi\u00e9n firm\u00f3 un acuerdo de amistad en 2016 con el Partido Rusia Unida de Putin que ahora afirma que ha expirado.<\/p>\n<p>Kickl critic\u00f3 a las \u00ab\u00e9lites\u00bb de Bruselas y pidi\u00f3 que se devuelvan algunos poderes de la Uni\u00f3n Europea a Austria.<\/p>\n<p><strong>HAGA CLIC AQU\u00cd PARA OBTENER LA APLICACI\u00d3N FOX NEWS<\/strong><\/p>\n<p>Austria se vio sumida en la agitaci\u00f3n pol\u00edtica el viernes despu\u00e9s de que el partido liberal Neos se retirara de las conversaciones de coalici\u00f3n con el Partido Popular y los Socialdem\u00f3cratas. El s\u00e1bado, los dos partidos restantes, que s\u00f3lo tienen una mayor\u00eda de un esca\u00f1o en el Parlamento, hicieron otro intento de formar gobierno, pero tambi\u00e9n fracas\u00f3 al cabo de unas horas, y los negociadores dijeron que no pod\u00edan ponerse de acuerdo sobre c\u00f3mo reparar el problema. d\u00e9ficit presupuestario.<\/p>\n<p> <!----> <!----> <\/div>\n\n","protected":false},"excerpt":{"rendered":"<p>El presidente austriaco, Alexander Van der Bellen, anunci\u00f3 el domingo que se reunir\u00eda con el pol\u00edtico de extrema derecha Herbert Kickl mientras crecen las especulaciones de que le pedir\u00e1 al l\u00edder del Partido de la Libertad que forme gobierno. Van der Bellen hizo el anuncio despu\u00e9s de reunirse con el canciller Karl Nehammer y otras &hellip;<\/p>\n","protected":false},"author":1,"featured_media":9207,"comment_status":"open","ping_status":"open","sticky":false,"template":"","format":"standard","meta":{"fifu_image_url":"https:\/\/static.foxnews.com\/foxnews.com\/content\/uploads\/2025\/01\/ap25005532727147.jpg","fifu_image_alt":"","footnotes":""},"categories":[13],"tags":[],"class_list":["post-9205","post","type-post","status-publish","format-standard","has-post-thumbnail","","category-mundo"],"_links":{"self":[{"href":"https:\/\/noticiasveraces.com\/index.php?rest_route=\/wp\/v2\/posts\/9205","targetHints":{"allow":["GET"]}}],"collection":[{"href":"https:\/\/noticiasveraces.com\/index.php?rest_route=\/wp\/v2\/posts"}],"about":[{"href":"https:\/\/noticiasveraces.com\/index.php?rest_route=\/wp\/v2\/types\/post"}],"author":[{"embeddable":true,"href":"https:\/\/noticiasveraces.com\/index.php?rest_route=\/wp\/v2\/users\/1"}],"replies":[{"embeddable":true,"href":"https:\/\/noticiasveraces.com\/index.php?rest_route=%2Fwp%2Fv2%2Fcomments&post=9205"}],"version-history":[{"count":0,"href":"https:\/\/noticiasveraces.com\/index.php?rest_route=\/wp\/v2\/posts\/9205\/revisions"}],"wp:featuredmedia":[{"embeddable":true,"href":"https:\/\/noticiasveraces.com\/index.php?rest_route=\/wp\/v2\/media\/9207"}],"wp:attachment":[{"href":"https:\/\/noticiasveraces.com\/index.php?rest_route=%2Fwp%2Fv2%2Fmedia&parent=9205"}],"wp:term":[{"taxonomy":"category","embeddable":true,"href":"https:\/\/noticiasveraces.com\/index.php?rest_route=%2Fwp%2Fv2%2Fcategories&post=9205"},{"taxonomy":"post_tag","embeddable":true,"href":"https:\/\/noticiasveraces.com\/index.php?rest_route=%2Fwp%2Fv2%2Ftags&post=9205"}],"curies":[{"name":"wp","href":"https:\/\/api.w.org\/{rel}","templated":true}]}}