{"id":9202,"date":"2025-01-05T17:15:11","date_gmt":"2025-01-05T21:15:11","guid":{"rendered":"https:\/\/noticiasveraces.com\/?p=9202"},"modified":"2025-01-05T17:15:11","modified_gmt":"2025-01-05T21:15:11","slug":"ecuador-abre-una-campana-marcada-por-la-violencia-y-la-pugna-de-noboa-y-su-vicepresidenta","status":"publish","type":"post","link":"https:\/\/noticiasveraces.com\/?p=9202","title":{"rendered":"Ecuador abre una campa\u00f1a marcada por la violencia y la pugna de Noboa y su vicepresidenta"},"content":{"rendered":"<p> \n<br \/><img decoding=\"async\" src=\"https:\/\/s.france24.com\/media\/display\/b3a90186-ca32-11ef-b8a9-005056bfb2b6\/w:1024\/p:16x9\/2024-12-31T171729Z_134601465_RC2E0CAERQFX_RTRMADP_3_ECUADOR-CRIME.JPG\" \/><br \/>La campa\u00f1a para los comicios de febrero en Ecuador comenz\u00f3 este domingo 5 de enero, en medio de una persistente guerra contra bandas del narcotr\u00e1fico y la pugna por el poder entre el presidente Daniel Noboa, favorito a la reelecci\u00f3n, y su vicepresidenta, Ver\u00f3nica Abad. La campa\u00f1a est\u00e1 marcada tambi\u00e9n por la conmoci\u00f3n por el asesinato de cuatro ni\u00f1os tras ser detenidos en un operativo militar.<br \/>\n<br \/>\n","protected":false},"excerpt":{"rendered":"<p>La campa\u00f1a para los comicios de febrero en Ecuador comenz\u00f3 este domingo 5 de enero, en medio de una persistente guerra contra bandas del narcotr\u00e1fico y la pugna por el poder entre el presidente Daniel Noboa, favorito a la reelecci\u00f3n, y su vicepresidenta, Ver\u00f3nica Abad. La campa\u00f1a est\u00e1 marcada tambi\u00e9n por la conmoci\u00f3n por el &hellip;<\/p>\n","protected":false},"author":1,"featured_media":9204,"comment_status":"open","ping_status":"open","sticky":false,"template":"","format":"standard","meta":{"fifu_image_url":"https:\/\/s.france24.com\/media\/display\/b3a90186-ca32-11ef-b8a9-005056bfb2b6\/w:1024\/p:16x9\/2024-12-31T171729Z_134601465_RC2E0CAERQFX_RTRMADP_3_ECUADOR-CRIME.JPG","fifu_image_alt":"","footnotes":""},"categories":[13],"tags":[],"class_list":["post-9202","post","type-post","status-publish","format-standard","has-post-thumbnail","","category-mundo"],"_links":{"self":[{"href":"https:\/\/noticiasveraces.com\/index.php?rest_route=\/wp\/v2\/posts\/9202","targetHints":{"allow":["GET"]}}],"collection":[{"href":"https:\/\/noticiasveraces.com\/index.php?rest_route=\/wp\/v2\/posts"}],"about":[{"href":"https:\/\/noticiasveraces.com\/index.php?rest_route=\/wp\/v2\/types\/post"}],"author":[{"embeddable":true,"href":"https:\/\/noticiasveraces.com\/index.php?rest_route=\/wp\/v2\/users\/1"}],"replies":[{"embeddable":true,"href":"https:\/\/noticiasveraces.com\/index.php?rest_route=%2Fwp%2Fv2%2Fcomments&post=9202"}],"version-history":[{"count":0,"href":"https:\/\/noticiasveraces.com\/index.php?rest_route=\/wp\/v2\/posts\/9202\/revisions"}],"wp:featuredmedia":[{"embeddable":true,"href":"https:\/\/noticiasveraces.com\/index.php?rest_route=\/wp\/v2\/media\/9204"}],"wp:attachment":[{"href":"https:\/\/noticiasveraces.com\/index.php?rest_route=%2Fwp%2Fv2%2Fmedia&parent=9202"}],"wp:term":[{"taxonomy":"category","embeddable":true,"href":"https:\/\/noticiasveraces.com\/index.php?rest_route=%2Fwp%2Fv2%2Fcategories&post=9202"},{"taxonomy":"post_tag","embeddable":true,"href":"https:\/\/noticiasveraces.com\/index.php?rest_route=%2Fwp%2Fv2%2Ftags&post=9202"}],"curies":[{"name":"wp","href":"https:\/\/api.w.org\/{rel}","templated":true}]}}