{"id":9199,"date":"2025-01-05T16:10:10","date_gmt":"2025-01-05T20:10:10","guid":{"rendered":"https:\/\/noticiasveraces.com\/?p=9199"},"modified":"2025-01-05T16:10:10","modified_gmt":"2025-01-05T20:10:10","slug":"la-oficina-del-primer-ministro-israeli-niega-informes-de-que-hamas-envio-una-lista-de-rehenes-para-liberarlos-en-caso-de-llegar-a-un-acuerdo","status":"publish","type":"post","link":"https:\/\/noticiasveraces.com\/?p=9199","title":{"rendered":"La oficina del Primer Ministro israel\u00ed niega informes de que Ham\u00e1s envi\u00f3 una lista de rehenes para liberarlos en caso de llegar a un acuerdo."},"content":{"rendered":"<p> \n<\/p>\n<div>\n<p class=\"speakable\">La oficina del primer ministro israel\u00ed, Benjam\u00edn Netanyahu, ha negado los informes de que Ham\u00e1s haya enviado una lista de rehenes que ser\u00e1n liberados en un posible acuerdo de alto el fuego el domingo.<\/p>\n<p class=\"speakable\">Reuters inform\u00f3 el domingo que Hamas hab\u00eda aprobado una lista de 34 rehenes que podr\u00eda estar dispuesto a liberar a cambio de un acuerdo de alto el fuego. Los funcionarios de Hamas dijeron que el acuerdo depend\u00eda de que Israel alcanzara un acuerdo para retirarse de Gaza y promulgar un alto el fuego permanente.<\/p>\n<p>\u00abAl contrario de lo que se afirm\u00f3, Ham\u00e1s no ha enviado una lista de nombres de rehenes hasta este momento\u00bb, dijo la oficina de Netanyahu en un comunicado.<\/p>\n<p>La declaraci\u00f3n se produce d\u00edas despu\u00e9s de que Netanyahu fuera dado de alta del hospital el jueves tras su cirug\u00eda de pr\u00f3stata.<\/p>\n<p><strong><u>NETANYAHU VA EN CONTRA DE LAS \u00d3RDENES DEL M\u00c9DICO, APARECE EN EL PARLAMENTO ISRAEL\u00cd DESPU\u00c9S DE LA CIRUG\u00cdA<\/u><\/strong><\/p>\n<div class=\"image-ct inline\">\n<div class=\"m\"><picture><source media=\"(max-width: 767px)\" srcset=\"https:\/\/a57.foxnews.com\/static.foxnews.com\/foxnews.com\/content\/uploads\/2024\/09\/343\/192\/GettyImages-2169352575.jpg?ve=1&amp;tl=1, https:\/\/a57.foxnews.com\/static.foxnews.com\/foxnews.com\/content\/uploads\/2024\/09\/686\/384\/GettyImages-2169352575.jpg?ve=1&amp;tl=1 2x\" height=\"192\" width=\"343\"><source media=\"(min-width: 768px) and (max-width: 1023px)\" srcset=\"https:\/\/a57.foxnews.com\/static.foxnews.com\/foxnews.com\/content\/uploads\/2024\/09\/672\/378\/GettyImages-2169352575.jpg?ve=1&amp;tl=1, https:\/\/a57.foxnews.com\/static.foxnews.com\/foxnews.com\/content\/uploads\/2024\/09\/1344\/756\/GettyImages-2169352575.jpg?ve=1&amp;tl=1 2x\" height=\"378\" width=\"672\"><source media=\"(min-width: 1024px) and (max-width: 1279px)\" srcset=\"https:\/\/a57.foxnews.com\/static.foxnews.com\/foxnews.com\/content\/uploads\/2024\/09\/931\/523\/GettyImages-2169352575.jpg?ve=1&amp;tl=1, https:\/\/a57.foxnews.com\/static.foxnews.com\/foxnews.com\/content\/uploads\/2024\/09\/1862\/1046\/GettyImages-2169352575.jpg?ve=1&amp;tl=1 2x\" height=\"523\" width=\"931\"><source media=\"(min-width: 1280px)\" srcset=\"https:\/\/a57.foxnews.com\/static.foxnews.com\/foxnews.com\/content\/uploads\/2024\/09\/720\/405\/GettyImages-2169352575.jpg?ve=1&amp;tl=1, https:\/\/a57.foxnews.com\/static.foxnews.com\/foxnews.com\/content\/uploads\/2024\/09\/1440\/810\/GettyImages-2169352575.jpg?ve=1&amp;tl=1 2x\" height=\"405\" width=\"720\"><img loading=\"lazy\" decoding=\"async\" src=\"https:\/\/a57.foxnews.com\/static.foxnews.com\/foxnews.com\/content\/uploads\/2024\/09\/1200\/675\/GettyImages-2169352575.jpg?ve=1&amp;tl=1\" alt=\"Netanyahu en conferencia de prensa\" width=\"1200\" height=\"675\"\/><\/source><\/source><\/source><\/source><\/picture><\/div>\n<div class=\"info\">\n<div class=\"caption\">\n<p><span>El primer ministro israel\u00ed, Benjamin Netanyahu, habla durante una conferencia de prensa en Jerusal\u00e9n.<\/span> <span>(OHAD ZWIGENBERG\/POOL\/AFP v\u00eda Getty Images)<\/span><\/p>\n<\/div>\n<\/div>\n<\/div>\n<p>Su oficina dijo que Netanyahu, de 75 a\u00f1os, estaba en buenas condiciones y completamente consciente despu\u00e9s de concluir su <u>cirugia de prostata<\/u>.<\/p>\n<p>El l\u00edder israel\u00ed se ha sometido a varios procedimientos de salud en los \u00faltimos dos a\u00f1os. En marzo, Netanyahu <u>se someti\u00f3 a una cirug\u00eda de hernia<\/u> bajo anestesia total, y el viceprimer ministro Yariv Levin asumi\u00f3 temporalmente su cargo durante el proceso.<\/p>\n<div class=\"image-ct inline\">\n<div class=\"m\"><picture><source media=\"(max-width: 767px)\" srcset=\"https:\/\/a57.foxnews.com\/static.foxnews.com\/foxnews.com\/content\/uploads\/2024\/12\/343\/192\/netanyahu-vote.jpg?ve=1&amp;tl=1, https:\/\/a57.foxnews.com\/static.foxnews.com\/foxnews.com\/content\/uploads\/2024\/12\/686\/384\/netanyahu-vote.jpg?ve=1&amp;tl=1 2x\" height=\"192\" width=\"343\"><source media=\"(min-width: 768px) and (max-width: 1023px)\" srcset=\"https:\/\/a57.foxnews.com\/static.foxnews.com\/foxnews.com\/content\/uploads\/2024\/12\/672\/378\/netanyahu-vote.jpg?ve=1&amp;tl=1, https:\/\/a57.foxnews.com\/static.foxnews.com\/foxnews.com\/content\/uploads\/2024\/12\/1344\/756\/netanyahu-vote.jpg?ve=1&amp;tl=1 2x\" height=\"378\" width=\"672\"><source media=\"(min-width: 1024px) and (max-width: 1279px)\" srcset=\"https:\/\/a57.foxnews.com\/static.foxnews.com\/foxnews.com\/content\/uploads\/2024\/12\/931\/523\/netanyahu-vote.jpg?ve=1&amp;tl=1, https:\/\/a57.foxnews.com\/static.foxnews.com\/foxnews.com\/content\/uploads\/2024\/12\/1862\/1046\/netanyahu-vote.jpg?ve=1&amp;tl=1 2x\" height=\"523\" width=\"931\"><source media=\"(min-width: 1280px)\" srcset=\"https:\/\/a57.foxnews.com\/static.foxnews.com\/foxnews.com\/content\/uploads\/2024\/12\/720\/405\/netanyahu-vote.jpg?ve=1&amp;tl=1, https:\/\/a57.foxnews.com\/static.foxnews.com\/foxnews.com\/content\/uploads\/2024\/12\/1440\/810\/netanyahu-vote.jpg?ve=1&amp;tl=1 2x\" height=\"405\" width=\"720\"><img loading=\"lazy\" decoding=\"async\" src=\"https:\/\/a57.foxnews.com\/static.foxnews.com\/foxnews.com\/content\/uploads\/2024\/12\/1200\/675\/netanyahu-vote.jpg?ve=1&amp;tl=1\" alt=\"Benjam\u00edn Netanyahu\" width=\"1200\" height=\"675\"\/><\/source><\/source><\/source><\/source><\/picture><\/div>\n<div class=\"info\">\n<div class=\"caption\">\n<p><span>El primer ministro Benjam\u00edn Netanyahu vota en la Knesset de Israel apenas un d\u00eda despu\u00e9s de una operaci\u00f3n grave. <\/span> <span>(Yoav Dudkevitch\/TPS-IL)<\/span><\/p>\n<\/div>\n<\/div>\n<\/div>\n<p>Meses antes de los ataques del 7 de octubre, Netanyahu <u>sufri\u00f3 deshidrataci\u00f3n<\/u> y fue ingresado en un hospital en julio de 2023. El l\u00edder israel\u00ed dijo que se deshidrat\u00f3 despu\u00e9s de visitar el Mar de Galilea sin agua ni protecci\u00f3n solar durante una ola de calor.<\/p>\n<p>Una semana despu\u00e9s de ser ingresado por deshidrataci\u00f3n, los m\u00e9dicos de Netanyahu le implantaron un marcapasos para regular <u>su ritmo cardiaco<\/u> y ritmo.<\/p>\n<p>La operaci\u00f3n m\u00e1s reciente de Netanyahu se produjo cuando el pol\u00edtico de 75 a\u00f1os <u>contin\u00faa testificando<\/u> en un caso de corrupci\u00f3n en su contra en Israel. Subi\u00f3 al estrado a principios de diciembre y se espera que contin\u00fae testificando en el nuevo a\u00f1o.<\/p>\n<div class=\"image-ct inline\">\n<div class=\"m\"><picture><source media=\"(max-width: 767px)\" srcset=\"https:\/\/a57.foxnews.com\/static.foxnews.com\/foxnews.com\/content\/uploads\/2024\/12\/343\/192\/whatsapp-image-2024-12-17-at-19.22.15-1.jpeg?ve=1&amp;tl=1, https:\/\/a57.foxnews.com\/static.foxnews.com\/foxnews.com\/content\/uploads\/2024\/12\/686\/384\/whatsapp-image-2024-12-17-at-19.22.15-1.jpeg?ve=1&amp;tl=1 2x\" height=\"192\" width=\"343\"><source media=\"(min-width: 768px) and (max-width: 1023px)\" srcset=\"https:\/\/a57.foxnews.com\/static.foxnews.com\/foxnews.com\/content\/uploads\/2024\/12\/672\/378\/whatsapp-image-2024-12-17-at-19.22.15-1.jpeg?ve=1&amp;tl=1, https:\/\/a57.foxnews.com\/static.foxnews.com\/foxnews.com\/content\/uploads\/2024\/12\/1344\/756\/whatsapp-image-2024-12-17-at-19.22.15-1.jpeg?ve=1&amp;tl=1 2x\" height=\"378\" width=\"672\"><source media=\"(min-width: 1024px) and (max-width: 1279px)\" srcset=\"https:\/\/a57.foxnews.com\/static.foxnews.com\/foxnews.com\/content\/uploads\/2024\/12\/931\/523\/whatsapp-image-2024-12-17-at-19.22.15-1.jpeg?ve=1&amp;tl=1, https:\/\/a57.foxnews.com\/static.foxnews.com\/foxnews.com\/content\/uploads\/2024\/12\/1862\/1046\/whatsapp-image-2024-12-17-at-19.22.15-1.jpeg?ve=1&amp;tl=1 2x\" height=\"523\" width=\"931\"><source media=\"(min-width: 1280px)\" srcset=\"https:\/\/a57.foxnews.com\/static.foxnews.com\/foxnews.com\/content\/uploads\/2024\/12\/720\/405\/whatsapp-image-2024-12-17-at-19.22.15-1.jpeg?ve=1&amp;tl=1, https:\/\/a57.foxnews.com\/static.foxnews.com\/foxnews.com\/content\/uploads\/2024\/12\/1440\/810\/whatsapp-image-2024-12-17-at-19.22.15-1.jpeg?ve=1&amp;tl=1 2x\" height=\"405\" width=\"720\"><img loading=\"lazy\" decoding=\"async\" src=\"https:\/\/a57.foxnews.com\/static.foxnews.com\/foxnews.com\/content\/uploads\/2024\/12\/1200\/675\/whatsapp-image-2024-12-17-at-19.22.15-1.jpeg?ve=1&amp;tl=1\" alt=\"Benjam\u00edn Netanyahu\" width=\"1200\" height=\"675\"\/><\/source><\/source><\/source><\/source><\/picture><\/div>\n<div class=\"info\">\n<div class=\"caption\">\n<p><span>El primer ministro Benjam\u00edn Netanyahu se reuni\u00f3 el martes en Monte Herm\u00f3n con el ministro de Defensa, Israel Katz, el jefe de Estado Mayor, el teniente coronel Herzi Halevi, el comandante del Comando Norte, general de divisi\u00f3n Uri Gordin, y el jefe del Shin Bet, Ronen Bar.<\/span> <span>(FDI)<\/span><\/p>\n<\/div>\n<\/div>\n<\/div>\n<p><strong><u>HAGA CLIC AQU\u00cd PARA OBTENER LA APLICACI\u00d3N FOX NEWS<\/u><\/strong><\/p>\n<p>Netanyahu tambi\u00e9n lidera actualmente a las FDI en m\u00faltiples frentes en todo el mundo. <u>el Medio Oriente<\/u>continuando atacando a los terroristas iran\u00edes y sus representantes.<\/p>\n<p><i>Yonat Friling contribuy\u00f3 a este informe.<\/i><\/p>\n<p> <!----> <\/p>\n<div class=\"article-meta\">\n<div class=\"author-bio\">\n<p>Anders Hagstrom es reportero de Fox News Digital que cubre la pol\u00edtica nacional y las principales noticias de \u00faltima hora. Env\u00ede sugerencias a Anders.Hagstrom@Fox.com, o en Twitter: @Hagstrom_Anders.<\/p>\n<\/div>\n<\/div><\/div>\n\n","protected":false},"excerpt":{"rendered":"<p>La oficina del primer ministro israel\u00ed, Benjam\u00edn Netanyahu, ha negado los informes de que Ham\u00e1s haya enviado una lista de rehenes que ser\u00e1n liberados en un posible acuerdo de alto el fuego el domingo. Reuters inform\u00f3 el domingo que Hamas hab\u00eda aprobado una lista de 34 rehenes que podr\u00eda estar dispuesto a liberar a cambio &hellip;<\/p>\n","protected":false},"author":1,"featured_media":9201,"comment_status":"open","ping_status":"open","sticky":false,"template":"","format":"standard","meta":{"fifu_image_url":"https:\/\/static.foxnews.com\/foxnews.com\/content\/uploads\/2024\/09\/GettyImages-2169352575.jpg","fifu_image_alt":"","footnotes":""},"categories":[13],"tags":[],"class_list":["post-9199","post","type-post","status-publish","format-standard","has-post-thumbnail","","category-mundo"],"_links":{"self":[{"href":"https:\/\/noticiasveraces.com\/index.php?rest_route=\/wp\/v2\/posts\/9199","targetHints":{"allow":["GET"]}}],"collection":[{"href":"https:\/\/noticiasveraces.com\/index.php?rest_route=\/wp\/v2\/posts"}],"about":[{"href":"https:\/\/noticiasveraces.com\/index.php?rest_route=\/wp\/v2\/types\/post"}],"author":[{"embeddable":true,"href":"https:\/\/noticiasveraces.com\/index.php?rest_route=\/wp\/v2\/users\/1"}],"replies":[{"embeddable":true,"href":"https:\/\/noticiasveraces.com\/index.php?rest_route=%2Fwp%2Fv2%2Fcomments&post=9199"}],"version-history":[{"count":0,"href":"https:\/\/noticiasveraces.com\/index.php?rest_route=\/wp\/v2\/posts\/9199\/revisions"}],"wp:featuredmedia":[{"embeddable":true,"href":"https:\/\/noticiasveraces.com\/index.php?rest_route=\/wp\/v2\/media\/9201"}],"wp:attachment":[{"href":"https:\/\/noticiasveraces.com\/index.php?rest_route=%2Fwp%2Fv2%2Fmedia&parent=9199"}],"wp:term":[{"taxonomy":"category","embeddable":true,"href":"https:\/\/noticiasveraces.com\/index.php?rest_route=%2Fwp%2Fv2%2Fcategories&post=9199"},{"taxonomy":"post_tag","embeddable":true,"href":"https:\/\/noticiasveraces.com\/index.php?rest_route=%2Fwp%2Fv2%2Ftags&post=9199"}],"curies":[{"name":"wp","href":"https:\/\/api.w.org\/{rel}","templated":true}]}}