{"id":9193,"date":"2025-01-05T14:13:57","date_gmt":"2025-01-05T18:13:57","guid":{"rendered":"https:\/\/noticiasveraces.com\/?p=9193"},"modified":"2025-01-05T14:13:57","modified_gmt":"2025-01-05T18:13:57","slug":"la-oposicion-del-barca-pide-la-dimision-inmediata-de-joan-laporta-tras-el-caso-olmo","status":"publish","type":"post","link":"https:\/\/noticiasveraces.com\/?p=9193","title":{"rendered":"La oposici\u00f3n del Bar\u00e7a pide \u00abla dimisi\u00f3n inmediata\u00bb de Joan Laporta tras el &#8216;caso Olmo&#8217;"},"content":{"rendered":"<p> \n<\/p>\n<div id=\"intext\">\n<p>Todos los grupos de oposici\u00f3n barcelonista han pedido de forma conjunta \u00abla dimisi\u00f3n inmediata\u00bb de la directiva que preside Joan Laporta y amenazan con una moci\u00f3n de censura, seg\u00fan ha anunciado en un comunicado.<\/p>\n<p>El texto est\u00e1 firmado por &#8216;Si al Futur&#8217;, que lidera V\u00edctor Font, &#8216;Som un clam&#8217; (Joan Camprub\u00ed), as\u00ed como ocho grupos m\u00e1s. Font fue segundo en las elecciones ganadas por Laporta y Comprub\u00ed ha mostrado su inter\u00e9s en presidir la entidad.<\/p>\n<p>El caso Dani Olmo y Pau V\u00edctor es el \u00faltimo episodio de negligencias en el debe de la directiva de Joan Laporta, seg\u00fan los citados colectivos.<\/p>\n<h2 class=\"title-h2\">Piden \u00abuna nueva etapa\u00bb<\/h2>\n<p>En el texto, firmado por los colectivos Compromissaris FCB, Dignitat Blaugrana, El Senyor Ramon, Seguiment FCB, La Resist\u00e8ncia del Palau, S\u00ed al Futur, Suma Bar\u00e7a, Som un Clam, Transpar\u00e8ncia Blaugrana y Un Crit Valent, solicitan la dimisi\u00f3n de la directiva porque \u00abahora es el momento de demostrar el verdadero barcelonismo\u00bb.<\/p>\n<p>\u00abDeben dimitir para dejar paso a una nueva etapa con nuevas formas de gesti\u00f3n y con personas que tengan la energ\u00eda y determinaci\u00f3n necesaria para revitalizar una entidad necesitada de cambio y gesti\u00f3n profesional. Les pedimos, por tanto, que dimitan de forma inmediata\u00bb, aseveran en el comunicado.<\/p>\n<h2 class=\"title-h2\">Dos soluciones<\/h2>\n<p>En el caso contrario, los grupos citados ofrecen dos soluciones. La primera que la directiva se someta \u00aba una cuesti\u00f3n de confianza vinculante\u00bb, ya que existen \u00abmecanismos estatutarios para articularla\u00bb y la siguiente es activar un voto de censura.<\/p>\n<p>\u00abEs la \u00fanica herramienta que tenemos los socios y sociales\u00bb, seg\u00fan se asegura en el comunicado, aunque es una opci\u00f3n que implica \u00abun importante esfuerzo y desgaste tanto para sus impulsores como para el Club\u00bb.<\/p>\n<h2 class=\"title-h2\">Justificacion<\/h2>\n<p>En su justificaci\u00f3n, los grupos citados desear\u00edan que el Barcelona operase \u00abde forma planificada y eficiente, que la gesti\u00f3n fuera excelente, que fu\u00e9semos l\u00edderes en muchas iniciativas positivas, que nos anticip\u00e1semos al futuro, porque entonces los colectivos firmantes vivir\u00edamos otro tipo de barcelonismo\u00bb .<\/p>\n<p>\u00abPero negar la realidad y pensar que las cosas pueden cambiar por generaci\u00f3n espont\u00e1nea no forma parte de una conducta asociativa madura, y si nos dejamos llevar socialmente, acabaremos perdiendo aquello que amamos\u00bb, aseguran en su comunicado.<\/p>\n<h2 class=\"title-h2\">\u00abCaos\u00bb<\/h2>\n<p>Los citados colectivos califican la situaci\u00f3n actual vivida en estas \u00faltimas semanas \u00abde caos\u00bb y citan una lista de agravios que se ha ido incrementando significativamente con el paso del tiempo.<\/p>\n<p>En la misma recogen \u00abel incumplimiento del criterio del auditor en la aprobaci\u00f3n de las cuentas 23\/24 para evitar reconocer p\u00e9rdidas ordinarias, el reconocimiento de una comisi\u00f3n dif\u00edcil de entender por una mediaci\u00f3n en la renovaci\u00f3n del contrato con Nike o la tentativa de contratar a un jugador (Thomas Heurtel) para la secci\u00f3n de baloncesto de dudosa honorabilidad usando pr\u00e1cticas lamentables\u00bb.<\/p>\n<p>Pero tambi\u00e9n \u00abla incertidumbre permanente respecto al nuevo Palau Blaugrana, la negligencia en <b>las inscripciones de los jugadores Dani Olmo y Pau V\u00edctor<\/b>esperando al \u00faltimo momento a pesar de haber tenido 4 meses para hacerlo, la cesi\u00f3n de derechos durante 20 a\u00f1os a empresas de pa\u00edses con los que la Junta prometi\u00f3 que nunca har\u00eda tratos, perdiendo ingresos futuros y la falta de voluntad de di\u00e1logo con la Grada de Animaci\u00f3n para resolver un conflicto que perjudica a todos\u00bb.<\/p>\n<h2 class=\"title-h2\">&#8216;Incumplimientos y negligencias&#8217;<\/h2>\n<p>Se\u00f1alan a la junta de Laporta por sus \u00abflagrantes incumplimientos electorales\u00bb, y recuerdan que \u00ablos casos de negligencia, como queda demostrado, se multiplican y la crisis social es evidente\u00bb.<\/p>\n<p>\u00abVivir al l\u00edmite de forma constante provoca que un d\u00eda la moneda no caiga del lado deseado, causando un perjuicio material, econ\u00f3mico y social irreparable y, posiblemente, un punto de no retorno. En todo caso, la imagen y reputaci\u00f3n del Club se han visto gravemente da\u00f1adas desde hace tiempo\u00bb, se\u00f1alan los citados colectivos.<\/p>\n<p><i>>S\u00edguenos en nuestro canal de WhatsApp y no te pierdas la \u00faltima hora y toda la actualidad de antena3noticias.com<\/i><\/p>\n<div class=\"recirculation-video\" data-mod=\"a3mod_recirculation_video\">\n<div class=\"recirculation-video-wrapper\">\n<div>\n<div class=\"video-wrapper\">\n  <picture class=\"video-main-picture\"><source media=\"(min-width: 481px)\" srcset=\"https:\/\/fotografias.antena3.com\/clipping\/cmsimages01\/2025\/01\/04\/25D10539-C729-44D4-90A4-CF50D28E9CE6\/carolina-marin-junto-reyes-magos-huelva_94.jpg?crop=1638,921,x0,y297&amp;width=800&amp;height=450&amp;optimize=medium&amp;format=webply\" width=\"800\" height=\"450\"><source media=\"(min-width: 391px) and (max-width: 480px)\" srcset=\"https:\/\/fotografias.antena3.com\/clipping\/cmsimages01\/2025\/01\/04\/25D10539-C729-44D4-90A4-CF50D28E9CE6\/carolina-marin-junto-reyes-magos-huelva_70.jpg?crop=1638,921,x0,y297&amp;width=480&amp;height=270&amp;optimize=high&amp;format=webply\" width=\"480\" height=\"270\"><source media=\"(min-width: 321px) and (max-width: 390px)\" srcset=\"https:\/\/fotografias.antena3.com\/clipping\/cmsimages01\/2025\/01\/04\/25D10539-C729-44D4-90A4-CF50D28E9CE6\/carolina-marin-junto-reyes-magos-huelva_92.jpg?crop=1638,920,x0,y298&amp;width=390&amp;height=219&amp;optimize=high&amp;format=webply\" width=\"390\" height=\"219\"><source media=\"(max-width: 320px)\" srcset=\"https:\/\/fotografias.antena3.com\/clipping\/cmsimages01\/2025\/01\/04\/25D10539-C729-44D4-90A4-CF50D28E9CE6\/carolina-marin-junto-reyes-magos-huelva_52.jpg?crop=1638,921,x0,y297&amp;width=320&amp;height=180&amp;optimize=high&amp;format=webply\" width=\"320\" height=\"180\"><img decoding=\"async\" title=\"Carolina Mar\u00edn, junto a los Reyes Magos en Huelva\" alt=\"Carolina Mar\u00edn, junto a los Reyes Magos en Huelva\" width=\"480\" height=\"270\" src=\"https:\/\/fotografias.antena3.com\/clipping\/cmsimages01\/2025\/01\/04\/25D10539-C729-44D4-90A4-CF50D28E9CE6\/carolina-marin-junto-reyes-magos-huelva_70.jpg?crop=1638,921,x0,y297&amp;width=480&amp;height=270&amp;optimize=high&amp;format=webply\" loading=\"lazy\" class=\"lazy\"\/><br \/>\n  <\/source><\/source><\/source><\/source><\/picture>\n <\/div>\n<\/div><\/div>\n<\/p><\/div>\n<\/div>\n\n","protected":false},"excerpt":{"rendered":"<p>Todos los grupos de oposici\u00f3n barcelonista han pedido de forma conjunta \u00abla dimisi\u00f3n inmediata\u00bb de la directiva que preside Joan Laporta y amenazan con una moci\u00f3n de censura, seg\u00fan ha anunciado en un comunicado. El texto est\u00e1 firmado por &#8216;Si al Futur&#8217;, que lidera V\u00edctor Font, &#8216;Som un clam&#8217; (Joan Camprub\u00ed), as\u00ed como ocho grupos &hellip;<\/p>\n","protected":false},"author":1,"featured_media":9195,"comment_status":"open","ping_status":"open","sticky":false,"template":"","format":"standard","meta":{"fifu_image_url":"https:\/\/fotografias.antena3.com\/clipping\/cmsimages01\/2025\/01\/05\/F3B7C463-0502-453B-A5E7-52E04184B47D\/joan-laporta-presidente-barca_69.jpg?crop=5543,3118,x0,y0&width=1280&height=720&optimize=low&format=jpg","fifu_image_alt":"","footnotes":""},"categories":[6],"tags":[],"class_list":["post-9193","post","type-post","status-publish","format-standard","has-post-thumbnail","","category-deportes"],"_links":{"self":[{"href":"https:\/\/noticiasveraces.com\/index.php?rest_route=\/wp\/v2\/posts\/9193","targetHints":{"allow":["GET"]}}],"collection":[{"href":"https:\/\/noticiasveraces.com\/index.php?rest_route=\/wp\/v2\/posts"}],"about":[{"href":"https:\/\/noticiasveraces.com\/index.php?rest_route=\/wp\/v2\/types\/post"}],"author":[{"embeddable":true,"href":"https:\/\/noticiasveraces.com\/index.php?rest_route=\/wp\/v2\/users\/1"}],"replies":[{"embeddable":true,"href":"https:\/\/noticiasveraces.com\/index.php?rest_route=%2Fwp%2Fv2%2Fcomments&post=9193"}],"version-history":[{"count":0,"href":"https:\/\/noticiasveraces.com\/index.php?rest_route=\/wp\/v2\/posts\/9193\/revisions"}],"wp:featuredmedia":[{"embeddable":true,"href":"https:\/\/noticiasveraces.com\/index.php?rest_route=\/wp\/v2\/media\/9195"}],"wp:attachment":[{"href":"https:\/\/noticiasveraces.com\/index.php?rest_route=%2Fwp%2Fv2%2Fmedia&parent=9193"}],"wp:term":[{"taxonomy":"category","embeddable":true,"href":"https:\/\/noticiasveraces.com\/index.php?rest_route=%2Fwp%2Fv2%2Fcategories&post=9193"},{"taxonomy":"post_tag","embeddable":true,"href":"https:\/\/noticiasveraces.com\/index.php?rest_route=%2Fwp%2Fv2%2Ftags&post=9193"}],"curies":[{"name":"wp","href":"https:\/\/api.w.org\/{rel}","templated":true}]}}