{"id":9172,"date":"2025-01-05T11:47:10","date_gmt":"2025-01-05T15:47:10","guid":{"rendered":"https:\/\/noticiasveraces.com\/?p=9172"},"modified":"2025-01-05T11:47:10","modified_gmt":"2025-01-05T15:47:10","slug":"scholz-desmiente-indecente-historia-de-reunion-con-putin-dw-01-05-2025","status":"publish","type":"post","link":"https:\/\/noticiasveraces.com\/?p=9172","title":{"rendered":"Scholz desmiente \u201cindecente\u201d historia de reuni\u00f3n con Putin \u2013 DW \u2013 01\/05\/2025"},"content":{"rendered":"<p> \n<\/p>\n<div>\n<p>El canciller de Alemania, el socialdem\u00f3crata Olaf Scholz, neg\u00f3 tajantemente este domingo (01.05.2025) que vaya a reunirse con el dirigente ruso Vladimir Putin, como ha insinuado un pol\u00edtico conservador, una afirmaci\u00f3n que ha calificado de \u00abfalsa\u00bb y de \u00abindecente\u00bb. \u00ab, pues ni siquiera se lo hab\u00eda planteado. El Gobierno alem\u00e1n incluso anunci\u00f3 acciones legales.<\/p>\n<p>\u00abEsta es una afirmaci\u00f3n falsa. No se deber\u00eda hacer algo as\u00ed, es profundamente indecente\u00bb, recalc\u00f3 Scholz tras una reuni\u00f3n del Partido Socialdem\u00f3crata (SPD) en Berl\u00edn. \u00abNo hay ninguna base. Nadie puede afirmar algo que ni siquiera se ha planteado y por eso las personas honestas pueden indignarse cuando se hacen acusaciones falsas\u00bb, enfatiz\u00f3 el canciller.<\/p>\n<p>Scholz subray\u00f3 que tiene una postura clara sobre c\u00f3mo proceder en la guerra rusa contra Ucrania. Reiter\u00f3 que Kiev debe poder defenderse de la agresi\u00f3n de Mosc\u00fa y para ello recibe la ayuda de Alemania, el pa\u00eds europeo que m\u00e1s apoya a ese pa\u00eds con 28.000 millones de euros destinados a armamento, adem\u00e1s de la asistencia en el marco de la Uni\u00f3n Europea y el G7 y la acogida de refugiados ucranianos.<\/p>\n<h2>\u00abEs una calumnia\u00bb<\/h2>\n<p>\u00abTodo esto es el apoyo que brinda Alemania, y tambi\u00e9n se puede confiar en Alemania en el futuro y hay que dec\u00edrselo claramente al presidente ruso, y eso es lo que hice en mi \u00faltima llamada telef\u00f3nica (en noviembre pasado) y seguir\u00e1 siendo el mensaje que me gusta decir y repetir\u00e9 en todas partes en el futuro\u00bb, explic\u00f3. \u00abNo renunciaremos al apoyo, Rusia no debe contar con el hecho de que el apoyo a Ucrania se debilitar\u00e1 en alg\u00fan momento. Y as\u00ed ser\u00e1 en el futuro\u00bb, sostuvo Scholz.<\/p>\n<p>El rumor lo divulg\u00f3 el pol\u00edtico de la Uni\u00f3n Cristianodem\u00f3crata (CDU) Roderich Kiesewetter, quien escribi\u00f3 en la red social X (Twitter) que hay que \u00abprepararse para una sorpresa en la campa\u00f1a electoral\u00bb, pues \u00abcada vez hay m\u00e1s indicios de que el El canciller Scholz viajar\u00e1 a Mosc\u00fa o se reunir\u00e1 con Putin antes del 23 de febrero\u00bb, d\u00eda de las elecciones generales anticipadas en Alemania.<\/p>\n<p>El portavoz del Gobierno, Steffen Hebestreit, anunci\u00f3 acciones legales contra Kiesewetter. \u00abEs una calumnia lo que est\u00e1 haciendo el diputado Kiesewetter\u00bb, dijo. \u00abNo hay consideraciones para tal viaje y no tendr\u00eda ning\u00fan sentido\u00bb. El Gobierno tambi\u00e9n se defender\u00e1 jur\u00eddicamente. \u00abSe est\u00e1n preparando medidas legales\u00bb, apunt\u00f3 Hebestreit.<\/p>\n<p>DZC (EFE, dpa)<\/p>\n<\/div>\n\n","protected":false},"excerpt":{"rendered":"<p>El canciller de Alemania, el socialdem\u00f3crata Olaf Scholz, neg\u00f3 tajantemente este domingo (01.05.2025) que vaya a reunirse con el dirigente ruso Vladimir Putin, como ha insinuado un pol\u00edtico conservador, una afirmaci\u00f3n que ha calificado de \u00abfalsa\u00bb y de \u00abindecente\u00bb. \u00ab, pues ni siquiera se lo hab\u00eda planteado. El Gobierno alem\u00e1n incluso anunci\u00f3 acciones legales. \u00abEsta &hellip;<\/p>\n","protected":false},"author":1,"featured_media":9173,"comment_status":"open","ping_status":"open","sticky":false,"template":"","format":"standard","meta":{"fifu_image_url":"https:\/\/static.dw.com\/image\/70825285_6.jpg","fifu_image_alt":"","footnotes":""},"categories":[13],"tags":[],"class_list":["post-9172","post","type-post","status-publish","format-standard","has-post-thumbnail","","category-mundo"],"_links":{"self":[{"href":"https:\/\/noticiasveraces.com\/index.php?rest_route=\/wp\/v2\/posts\/9172","targetHints":{"allow":["GET"]}}],"collection":[{"href":"https:\/\/noticiasveraces.com\/index.php?rest_route=\/wp\/v2\/posts"}],"about":[{"href":"https:\/\/noticiasveraces.com\/index.php?rest_route=\/wp\/v2\/types\/post"}],"author":[{"embeddable":true,"href":"https:\/\/noticiasveraces.com\/index.php?rest_route=\/wp\/v2\/users\/1"}],"replies":[{"embeddable":true,"href":"https:\/\/noticiasveraces.com\/index.php?rest_route=%2Fwp%2Fv2%2Fcomments&post=9172"}],"version-history":[{"count":0,"href":"https:\/\/noticiasveraces.com\/index.php?rest_route=\/wp\/v2\/posts\/9172\/revisions"}],"wp:featuredmedia":[{"embeddable":true,"href":"https:\/\/noticiasveraces.com\/index.php?rest_route=\/wp\/v2\/media\/9173"}],"wp:attachment":[{"href":"https:\/\/noticiasveraces.com\/index.php?rest_route=%2Fwp%2Fv2%2Fmedia&parent=9172"}],"wp:term":[{"taxonomy":"category","embeddable":true,"href":"https:\/\/noticiasveraces.com\/index.php?rest_route=%2Fwp%2Fv2%2Fcategories&post=9172"},{"taxonomy":"post_tag","embeddable":true,"href":"https:\/\/noticiasveraces.com\/index.php?rest_route=%2Fwp%2Fv2%2Ftags&post=9172"}],"curies":[{"name":"wp","href":"https:\/\/api.w.org\/{rel}","templated":true}]}}