{"id":9164,"date":"2025-01-05T09:44:22","date_gmt":"2025-01-05T13:44:22","guid":{"rendered":"https:\/\/noticiasveraces.com\/?p=9164"},"modified":"2025-01-05T09:44:22","modified_gmt":"2025-01-05T13:44:22","slug":"ecuador-vicepresidenta-dice-que-asumira-la-presidencia-en-creciente-pugna-con-noboa","status":"publish","type":"post","link":"https:\/\/noticiasveraces.com\/?p=9164","title":{"rendered":"Ecuador: vicepresidenta dice que asumir\u00e1 la Presidencia, en creciente pugna con Noboa"},"content":{"rendered":"<p> \n<br \/><img decoding=\"async\" src=\"https:\/\/s.france24.com\/media\/display\/42bce05e-caf6-11ef-b690-005056bf30b7\/w:1024\/p:16x9\/000_346C8RA.jpg\" \/><br \/>Ver\u00f3nica Abad, vicepresidenta de Ecuador, asegur\u00f3 este s\u00e1bado en un comunicado que asumir\u00e1 la Presidencia del pa\u00eds a partir del domingo 5 de enero. Esto, en medio de especulaciones sobre que el presidente, Daniel Noboa, pide una licencia para iniciar su campa\u00f1a para los c\u00f3mics generales de febrero y de una creciente pugna pol\u00edtica entre ambos.<br \/>\n<br \/>\n","protected":false},"excerpt":{"rendered":"<p>Ver\u00f3nica Abad, vicepresidenta de Ecuador, asegur\u00f3 este s\u00e1bado en un comunicado que asumir\u00e1 la Presidencia del pa\u00eds a partir del domingo 5 de enero. Esto, en medio de especulaciones sobre que el presidente, Daniel Noboa, pide una licencia para iniciar su campa\u00f1a para los c\u00f3mics generales de febrero y de una creciente pugna pol\u00edtica entre &hellip;<\/p>\n","protected":false},"author":1,"featured_media":9166,"comment_status":"open","ping_status":"open","sticky":false,"template":"","format":"standard","meta":{"fifu_image_url":"https:\/\/s.france24.com\/media\/display\/42bce05e-caf6-11ef-b690-005056bf30b7\/w:1024\/p:16x9\/000_346C8RA.jpg","fifu_image_alt":"","footnotes":""},"categories":[13],"tags":[],"class_list":["post-9164","post","type-post","status-publish","format-standard","has-post-thumbnail","","category-mundo"],"_links":{"self":[{"href":"https:\/\/noticiasveraces.com\/index.php?rest_route=\/wp\/v2\/posts\/9164","targetHints":{"allow":["GET"]}}],"collection":[{"href":"https:\/\/noticiasveraces.com\/index.php?rest_route=\/wp\/v2\/posts"}],"about":[{"href":"https:\/\/noticiasveraces.com\/index.php?rest_route=\/wp\/v2\/types\/post"}],"author":[{"embeddable":true,"href":"https:\/\/noticiasveraces.com\/index.php?rest_route=\/wp\/v2\/users\/1"}],"replies":[{"embeddable":true,"href":"https:\/\/noticiasveraces.com\/index.php?rest_route=%2Fwp%2Fv2%2Fcomments&post=9164"}],"version-history":[{"count":0,"href":"https:\/\/noticiasveraces.com\/index.php?rest_route=\/wp\/v2\/posts\/9164\/revisions"}],"wp:featuredmedia":[{"embeddable":true,"href":"https:\/\/noticiasveraces.com\/index.php?rest_route=\/wp\/v2\/media\/9166"}],"wp:attachment":[{"href":"https:\/\/noticiasveraces.com\/index.php?rest_route=%2Fwp%2Fv2%2Fmedia&parent=9164"}],"wp:term":[{"taxonomy":"category","embeddable":true,"href":"https:\/\/noticiasveraces.com\/index.php?rest_route=%2Fwp%2Fv2%2Fcategories&post=9164"},{"taxonomy":"post_tag","embeddable":true,"href":"https:\/\/noticiasveraces.com\/index.php?rest_route=%2Fwp%2Fv2%2Ftags&post=9164"}],"curies":[{"name":"wp","href":"https:\/\/api.w.org\/{rel}","templated":true}]}}