{"id":9159,"date":"2025-01-05T08:11:02","date_gmt":"2025-01-05T12:11:02","guid":{"rendered":"https:\/\/noticiasveraces.com\/?p=9159"},"modified":"2025-01-05T08:11:02","modified_gmt":"2025-01-05T12:11:02","slug":"hallan-muerto-al-delantero-mathias-acuna-en-una-habitacion-de-hotel","status":"publish","type":"post","link":"https:\/\/noticiasveraces.com\/?p=9159","title":{"rendered":"Hallan muerto al delantero Math\u00edas Acu\u00f1a en una habitaci\u00f3n de hotel"},"content":{"rendered":"<p> \n<\/p>\n<div id=\"intext\">\n<p>El delantero uruguayo Math\u00edas Acu\u00f1a, de 32 a\u00f1os y que jugaba en el Mushuc Runa ecuatoriano, fue hallado sin vida el s\u00e1bado en una habitaci\u00f3n de hotel en la localidad de Ambato (Ecuador), a unos 100 kil\u00f3metros de Quito, con el suicidio como principal. hip\u00f3tesis de su muerte.<\/p>\n<p>\u00abMushuc Runa Sporting Club expresa su sentimiento de pesar ante el sensible fallecimiento de Math\u00edas Acu\u00f1a. Quienes conformamos la instituci\u00f3n extendemos nuestras condolencias a su familia y seres queridos ante esta irreparable p\u00e9rdida. Paz en su tumba\u00bb, comunic\u00f3 el club.<\/p>\n<p>La Asociaci\u00f3n Uruguaya de F\u00fatbol (AUF) tambi\u00e9n se uni\u00f3 a las muestras de duelo. \u00abLamentamos con profunda tristeza el fallecimiento del futbolista uruguayo Math\u00edas Acu\u00f1a. Nuestras condolencias a sus familiares, compa\u00f1eros y amigos\u00bb, se\u00f1al\u00f3.<\/p>\n<p>Acu\u00f1a, que desarroll\u00f3 gran parte de su carrera en Uruguay y que tambi\u00e9n prob\u00f3 suerte en Europa en Grecia -Larissas y PAS Lamia-, fich\u00f3 por el Mushuc Runa en julio de 2024.<\/p>\n<h2 class=\"title-h2\">Investigaci\u00f3n por presuntos malos tratos<\/h2>\n<p>Sobre \u00e9l pesaba una investigaci\u00f3n sobre presuntos malos tratos sobre su expareja, lo que le obligaba a llevar desde hace apenas un mes una pulsera electr\u00f3nica para controlar su ubicaci\u00f3n.<\/p>\n<p><i>>S\u00edguenos en nuestro canal de WhatsApp y no te pierdas la \u00faltima hora y toda la actualidad de antena3noticias.com<\/i><\/p>\n<div class=\"recirculation-video\" data-mod=\"a3mod_recirculation_video\">\n<div class=\"recirculation-video-wrapper\">\n<div>\n<div class=\"video-wrapper\">\n  <picture class=\"video-main-picture\"><source media=\"(min-width: 481px)\" srcset=\"https:\/\/fotografias.antena3.com\/clipping\/cmsimages01\/2025\/01\/02\/18FBA365-A284-46F5-971D-46D4C5F3D312\/caesars-superdome-nueva-orleans_94.jpg?crop=4570,2571,x0,y184&amp;width=800&amp;height=450&amp;optimize=medium&amp;format=webply\" width=\"800\" height=\"450\"><source media=\"(min-width: 391px) and (max-width: 480px)\" srcset=\"https:\/\/fotografias.antena3.com\/clipping\/cmsimages01\/2025\/01\/02\/18FBA365-A284-46F5-971D-46D4C5F3D312\/caesars-superdome-nueva-orleans_70.jpg?crop=4570,2571,x0,y184&amp;width=480&amp;height=270&amp;optimize=high&amp;format=webply\" width=\"480\" height=\"270\"><source media=\"(min-width: 321px) and (max-width: 390px)\" srcset=\"https:\/\/fotografias.antena3.com\/clipping\/cmsimages01\/2025\/01\/02\/18FBA365-A284-46F5-971D-46D4C5F3D312\/caesars-superdome-nueva-orleans_92.jpg?crop=4570,2566,x0,y186&amp;width=390&amp;height=219&amp;optimize=high&amp;format=webply\" width=\"390\" height=\"219\"><source media=\"(max-width: 320px)\" srcset=\"https:\/\/fotografias.antena3.com\/clipping\/cmsimages01\/2025\/01\/02\/18FBA365-A284-46F5-971D-46D4C5F3D312\/caesars-superdome-nueva-orleans_52.jpg?crop=4570,2571,x0,y184&amp;width=320&amp;height=180&amp;optimize=high&amp;format=webply\" width=\"320\" height=\"180\"><img decoding=\"async\" title=\"El Caesars Superdomo de Nueva Orleans\" alt=\"El Caesars Superdomo de Nueva Orleans\" width=\"480\" height=\"270\" src=\"https:\/\/fotografias.antena3.com\/clipping\/cmsimages01\/2025\/01\/02\/18FBA365-A284-46F5-971D-46D4C5F3D312\/caesars-superdome-nueva-orleans_70.jpg?crop=4570,2571,x0,y184&amp;width=480&amp;height=270&amp;optimize=high&amp;format=webply\" loading=\"lazy\" class=\"lazy\"\/><br \/>\n  <\/source><\/source><\/source><\/source><\/picture>\n <\/div>\n<\/div><\/div>\n<\/p><\/div>\n<\/div>\n\n","protected":false},"excerpt":{"rendered":"<p>El delantero uruguayo Math\u00edas Acu\u00f1a, de 32 a\u00f1os y que jugaba en el Mushuc Runa ecuatoriano, fue hallado sin vida el s\u00e1bado en una habitaci\u00f3n de hotel en la localidad de Ambato (Ecuador), a unos 100 kil\u00f3metros de Quito, con el suicidio como principal. hip\u00f3tesis de su muerte. \u00abMushuc Runa Sporting Club expresa su sentimiento &hellip;<\/p>\n","protected":false},"author":1,"featured_media":9161,"comment_status":"open","ping_status":"open","sticky":false,"template":"","format":"standard","meta":{"fifu_image_url":"https:\/\/fotografias.antena3.com\/clipping\/cmsimages01\/2025\/01\/05\/68526673-4838-407A-A331-B4EE9356D383\/delantero-uruguayo-mathias-acuna_69.jpg?crop=1080,608,x0,y50&width=1280&height=720&optimize=low&format=jpg","fifu_image_alt":"","footnotes":""},"categories":[6],"tags":[],"class_list":["post-9159","post","type-post","status-publish","format-standard","has-post-thumbnail","","category-deportes"],"_links":{"self":[{"href":"https:\/\/noticiasveraces.com\/index.php?rest_route=\/wp\/v2\/posts\/9159","targetHints":{"allow":["GET"]}}],"collection":[{"href":"https:\/\/noticiasveraces.com\/index.php?rest_route=\/wp\/v2\/posts"}],"about":[{"href":"https:\/\/noticiasveraces.com\/index.php?rest_route=\/wp\/v2\/types\/post"}],"author":[{"embeddable":true,"href":"https:\/\/noticiasveraces.com\/index.php?rest_route=\/wp\/v2\/users\/1"}],"replies":[{"embeddable":true,"href":"https:\/\/noticiasveraces.com\/index.php?rest_route=%2Fwp%2Fv2%2Fcomments&post=9159"}],"version-history":[{"count":0,"href":"https:\/\/noticiasveraces.com\/index.php?rest_route=\/wp\/v2\/posts\/9159\/revisions"}],"wp:featuredmedia":[{"embeddable":true,"href":"https:\/\/noticiasveraces.com\/index.php?rest_route=\/wp\/v2\/media\/9161"}],"wp:attachment":[{"href":"https:\/\/noticiasveraces.com\/index.php?rest_route=%2Fwp%2Fv2%2Fmedia&parent=9159"}],"wp:term":[{"taxonomy":"category","embeddable":true,"href":"https:\/\/noticiasveraces.com\/index.php?rest_route=%2Fwp%2Fv2%2Fcategories&post=9159"},{"taxonomy":"post_tag","embeddable":true,"href":"https:\/\/noticiasveraces.com\/index.php?rest_route=%2Fwp%2Fv2%2Ftags&post=9159"}],"curies":[{"name":"wp","href":"https:\/\/api.w.org\/{rel}","templated":true}]}}