{"id":9142,"date":"2025-01-05T04:48:37","date_gmt":"2025-01-05T08:48:37","guid":{"rendered":"https:\/\/noticiasveraces.com\/?p=9142"},"modified":"2025-01-05T04:48:37","modified_gmt":"2025-01-05T08:48:37","slug":"la-nueva-prohibicion-de-los-calentadores-de-agua-de-biden-hara-subir-los-precios-de-la-energia-para-los-pobres-y-las-personas-mayores-experto","status":"publish","type":"post","link":"https:\/\/noticiasveraces.com\/?p=9142","title":{"rendered":"La nueva prohibici\u00f3n de los calentadores de agua de Biden har\u00e1 subir los precios de la energ\u00eda para los pobres y las personas mayores: experto"},"content":{"rendered":"<p> \n<\/p>\n<div><!----> <!----> <\/p>\n<div class=\"featured featured-video video-ct\">\n<div class=\"contain\">\n<div class=\"info\">\n<div class=\"caption\">\n<p>El editor ejecutivo de Climate Depot, Marc Morano, reacciona a los comentarios de una audiencia del Senado sobre preocupaciones clim\u00e1ticas y habla del \u00faltimo impulso clim\u00e1tico de la administraci\u00f3n Biden sobre &#8216;The Bottom Line&#8217;.<\/p>\n<\/div>\n<\/div>\n<\/div>\n<\/div>\n<p>La administraci\u00f3n Biden est\u00e1 prohibiendo el mercado de ciertos calentadores de agua a gas natural como parte de su agenda de cambio clim\u00e1tico, una medida que, seg\u00fan los cr\u00edticos, aumentar\u00e1 los costos de energ\u00eda para los hogares de personas mayores y de bajos ingresos. <\/p>\n<p>La medida adoptada en los \u00faltimos d\u00edas de la administraci\u00f3n eliminar\u00e1 de los estantes los calentadores de agua sin condensaci\u00f3n que funcionan con gas natural para 2029, en un intento por reducir las emisiones de di\u00f3xido de carbono, que los defensores del cambio clim\u00e1tico y el presidente Biden dicen que causan el calentamiento global. <\/p>\n<p>Las nuevas reglas requerir\u00e1n que los nuevos calentadores de agua a gas sin tanque utilicen aproximadamente un 13% menos de energ\u00eda que los modelos sin tanque menos eficientes de la actualidad. <\/p>\n<div class=\"inline image-ct\">\n<div class=\"m\"><picture><source media=\"(max-width: 767px)\" srcset=\"https:\/\/a57.foxnews.com\/static.foxbusiness.com\/foxbusiness.com\/content\/uploads\/2025\/01\/343\/192\/biden-heaters-climate-.jpg?ve=1&amp;tl=1, https:\/\/a57.foxnews.com\/static.foxbusiness.com\/foxbusiness.com\/content\/uploads\/2025\/01\/686\/384\/biden-heaters-climate-.jpg?ve=1&amp;tl=1 2x\"><source media=\"(min-width: 768px) and (max-width: 1023px)\" srcset=\"https:\/\/a57.foxnews.com\/static.foxbusiness.com\/foxbusiness.com\/content\/uploads\/2025\/01\/672\/378\/biden-heaters-climate-.jpg?ve=1&amp;tl=1, https:\/\/a57.foxnews.com\/static.foxbusiness.com\/foxbusiness.com\/content\/uploads\/2025\/01\/1344\/756\/biden-heaters-climate-.jpg?ve=1&amp;tl=1 2x\"><source media=\"(min-width: 1024px) and (max-width: 1279px)\" srcset=\"https:\/\/a57.foxnews.com\/static.foxbusiness.com\/foxbusiness.com\/content\/uploads\/2025\/01\/931\/523\/biden-heaters-climate-.jpg?ve=1&amp;tl=1, https:\/\/a57.foxnews.com\/static.foxbusiness.com\/foxbusiness.com\/content\/uploads\/2025\/01\/1862\/1046\/biden-heaters-climate-.jpg?ve=1&amp;tl=1 2x\"><source media=\"(min-width: 1280px)\" srcset=\"https:\/\/a57.foxnews.com\/static.foxbusiness.com\/foxbusiness.com\/content\/uploads\/2025\/01\/720\/405\/biden-heaters-climate-.jpg?ve=1&amp;tl=1, https:\/\/a57.foxnews.com\/static.foxbusiness.com\/foxbusiness.com\/content\/uploads\/2025\/01\/1440\/810\/biden-heaters-climate-.jpg?ve=1&amp;tl=1 2x\"><img decoding=\"async\" src=\"https:\/\/a57.foxnews.com\/static.foxbusiness.com\/foxbusiness.com\/content\/uploads\/2025\/01\/931\/523\/biden-heaters-climate-.jpg?ve=1&amp;tl=1\" alt=\"Joe Biden, prohibici\u00f3n de hester\"\/><\/source><\/source><\/source><\/source><\/picture><\/div>\n<div class=\"caption\">\n<p><span>La administraci\u00f3n Biden est\u00e1 prohibiendo el mercado de ciertos calentadores de agua a gas natural como parte de su agenda de cambio clim\u00e1tico, una medida que, seg\u00fan los cr\u00edticos, aumentar\u00e1 los costos de energ\u00eda para los hogares de personas mayores y de bajos ingresos.<\/span><span>  (Ting Shen\/Bloomberg v\u00eda Getty Images, izquierda, Hearst Newspapers v\u00eda Getty Images, derecha. \/ Getty Images)<\/span><\/p>\n<\/div>\n<\/div>\n<p><strong>LA C\u00c1MARA DE COMERCIO DE EE.UU. Y EL GRUPO PETROLERO DEMANDAN A VERMONT POR LEY QUE EXIGE A LAS EMPRESAS PAGAR POR LOS DA\u00d1OS DEL CAMBIO CLIM\u00c1TICO<\/strong><\/p>\n<p>Las reglas se aplican tanto a los calentadores de agua a gas sin condensaci\u00f3n como a los de condensaci\u00f3n, pero aumentan los requisitos de eficiencia a un umbral que solo los modelos de condensaci\u00f3n pueden cumplir, prohibiendo efectivamente los modelos sin condensaci\u00f3n, m\u00e1s baratos pero menos eficientes, seg\u00fan The Washington Free Beacon. La tecnolog\u00eda de condensaci\u00f3n desperdicia menos calor. <\/p>\n<p>Los consumidores se ver\u00e1n obligados a comprar modelos m\u00e1s caros o calentadores de agua con tanque de almacenamiento no instant\u00e1neo m\u00e1s baratos, que son menos eficientes que los modelos prohibidos por el DOE.<\/p>\n<p>La tecnolog\u00eda sin tanque se utiliza a menudo cuando el espacio es escaso, como en edificios de apartamentos y casas m\u00e1s peque\u00f1as, escribi\u00f3 Diana Furchtgott-Ruth, directora del Centro de Energ\u00eda, Clima y Medio Ambiente, en The Daily Signal.<\/p>\n<p>Por ejemplo, Rinnai America es la \u00fanica empresa que produce calentadores de agua sin tanque en Estados Unidos. Su calentador de agua de gas natural sin tanque y sin condensaci\u00f3n se vende por alrededor de $1,000 en Home Depot, en comparaci\u00f3n con $1,800 por un tanque de condensaci\u00f3n de 75 galones.<\/p>\n<p>Las nuevas reglas fueron publicadas por el Departamento de Energ\u00eda (DOE) el d\u00eda despu\u00e9s de Navidad, aunque la agencia no hizo ning\u00fan anuncio p\u00fablico. Fox Business se comunic\u00f3 con el DOE para solicitar comentarios.<\/p>\n<div class=\"inline image-ct\">\n<div class=\"m\"><picture><source media=\"(max-width: 767px)\" srcset=\"https:\/\/a57.foxnews.com\/static.foxbusiness.com\/foxbusiness.com\/content\/uploads\/2023\/12\/343\/192\/joe-biden-climate-crisis.jpg?ve=1&amp;tl=1, https:\/\/a57.foxnews.com\/static.foxbusiness.com\/foxbusiness.com\/content\/uploads\/2023\/12\/686\/384\/joe-biden-climate-crisis.jpg?ve=1&amp;tl=1 2x\"><source media=\"(min-width: 768px) and (max-width: 1023px)\" srcset=\"https:\/\/a57.foxnews.com\/static.foxbusiness.com\/foxbusiness.com\/content\/uploads\/2023\/12\/672\/378\/joe-biden-climate-crisis.jpg?ve=1&amp;tl=1, https:\/\/a57.foxnews.com\/static.foxbusiness.com\/foxbusiness.com\/content\/uploads\/2023\/12\/1344\/756\/joe-biden-climate-crisis.jpg?ve=1&amp;tl=1 2x\"><source media=\"(min-width: 1024px) and (max-width: 1279px)\" srcset=\"https:\/\/a57.foxnews.com\/static.foxbusiness.com\/foxbusiness.com\/content\/uploads\/2023\/12\/931\/523\/joe-biden-climate-crisis.jpg?ve=1&amp;tl=1, https:\/\/a57.foxnews.com\/static.foxbusiness.com\/foxbusiness.com\/content\/uploads\/2023\/12\/1862\/1046\/joe-biden-climate-crisis.jpg?ve=1&amp;tl=1 2x\"><source media=\"(min-width: 1280px)\" srcset=\"https:\/\/a57.foxnews.com\/static.foxbusiness.com\/foxbusiness.com\/content\/uploads\/2023\/12\/720\/405\/joe-biden-climate-crisis.jpg?ve=1&amp;tl=1, https:\/\/a57.foxnews.com\/static.foxbusiness.com\/foxbusiness.com\/content\/uploads\/2023\/12\/1440\/810\/joe-biden-climate-crisis.jpg?ve=1&amp;tl=1 2x\"><img decoding=\"async\" src=\"https:\/\/a57.foxnews.com\/static.foxbusiness.com\/foxbusiness.com\/content\/uploads\/2023\/12\/931\/523\/joe-biden-climate-crisis.jpg?ve=1&amp;tl=1\" alt=\"El presidente Biden pronuncia un discurso en un evento clim\u00e1tico\"\/><\/source><\/source><\/source><\/source><\/picture><\/div>\n<div class=\"caption\">\n<p><span>El presidente Biden pronuncia un discurso sobre las condiciones de calor extremo el 27 de julio de 2023. <\/span><span>  (Reuters\/Jonathan Ernst\/Foto de archivo\/Fotos de Reuters)<\/span><\/p>\n<\/div>\n<\/div>\n<p><strong>EL GIGANTE DEL PETROLEO SHELL GANA UNA APELACI\u00d3N CONTRA LOS ACTIVISTAS CLIM\u00c1TICOS EN UN CASO HIST\u00d3RICO DE EMISIONES DE CARBONO<\/strong><\/p>\n<p>Matthew Agen, asesor principal de energ\u00eda de la Asociaci\u00f3n Estadounidense del Gas, critic\u00f3 la medida y la calific\u00f3 de \u00abprofundamente preocupante e irresponsable\u00bb.<\/p>\n<p>\u00abLa regla final es una violaci\u00f3n de la Ley de Conservaci\u00f3n y Pol\u00edtica Energ\u00e9tica (EPCA), que proh\u00edbe al DOE promulgar una norma que haga que un producto con una caracter\u00edstica de desempe\u00f1o distintiva no est\u00e9 disponible\u00bb, dijo Agen en un comunicado antes de que se publicaran oficialmente las reglas.<\/p>\n<p>Para empeorar las cosas, dijo Agen, el propio an\u00e1lisis del DOE afirma que el ahorro promedio en costos durante el ciclo de vida ascender\u00eda a apenas $112 durante toda la vida \u00fatil promedio del producto de 20 a\u00f1os. Dijo que la norma es injustificable por motivos legales y pr\u00e1cticos.<\/p>\n<p>\u00abObligar a los clientes mayores y de bajos ingresos a pagar mucho m\u00e1s por adelantado es particularmente preocupante. La decisi\u00f3n del DOE de seguir adelante con una regla final defectuosa es profundamente decepcionante\u00bb. <\/p>\n<p>Rinnai construy\u00f3 recientemente una f\u00e1brica de 360.000 pies cuadrados y 70 millones de d\u00f3lares en Georgia para fabricar calentadores de agua a gas sin condensaci\u00f3n para el mercado estadounidense, seg\u00fan The Washington Free Beacon. <\/p>\n<p>Frank Windsor, presidente de Rinnai America, dijo al medio que la medida es un \u00abmal negocio\u00bb.<\/p>\n<p>Dijo que la compa\u00f1\u00eda emprendi\u00f3 la construcci\u00f3n en 2020 despu\u00e9s de los esfuerzos del presidente Trump para impulsar la fabricaci\u00f3n estadounidense y que emplea a cientos.<\/p>\n<p>\u00abCuando la norma entre en vigor, toda esa fabricaci\u00f3n ser\u00e1 b\u00e1sicamente irrelevante\u00bb, dijo Windsor al medio. \u00abB\u00e1sicamente, muchos de los equipos m\u00e1s importantes en los que hemos invertido tendr\u00e1n que ser desechados\u00bb.<\/p>\n<div class=\"inline image-ct\">\n<div class=\"m\"><picture><source media=\"(max-width: 767px)\" srcset=\"https:\/\/a57.foxnews.com\/static.foxbusiness.com\/foxbusiness.com\/content\/uploads\/2023\/08\/343\/192\/worker-protest.jpg?ve=1&amp;tl=1, https:\/\/a57.foxnews.com\/static.foxbusiness.com\/foxbusiness.com\/content\/uploads\/2023\/08\/686\/384\/worker-protest.jpg?ve=1&amp;tl=1 2x\"><source media=\"(min-width: 768px) and (max-width: 1023px)\" srcset=\"https:\/\/a57.foxnews.com\/static.foxbusiness.com\/foxbusiness.com\/content\/uploads\/2023\/08\/672\/378\/worker-protest.jpg?ve=1&amp;tl=1, https:\/\/a57.foxnews.com\/static.foxbusiness.com\/foxbusiness.com\/content\/uploads\/2023\/08\/1344\/756\/worker-protest.jpg?ve=1&amp;tl=1 2x\"><source media=\"(min-width: 1024px) and (max-width: 1279px)\" srcset=\"https:\/\/a57.foxnews.com\/static.foxbusiness.com\/foxbusiness.com\/content\/uploads\/2023\/08\/931\/523\/worker-protest.jpg?ve=1&amp;tl=1, https:\/\/a57.foxnews.com\/static.foxbusiness.com\/foxbusiness.com\/content\/uploads\/2023\/08\/1862\/1046\/worker-protest.jpg?ve=1&amp;tl=1 2x\"><source media=\"(min-width: 1280px)\" srcset=\"https:\/\/a57.foxnews.com\/static.foxbusiness.com\/foxbusiness.com\/content\/uploads\/2023\/08\/720\/405\/worker-protest.jpg?ve=1&amp;tl=1, https:\/\/a57.foxnews.com\/static.foxbusiness.com\/foxbusiness.com\/content\/uploads\/2023\/08\/1440\/810\/worker-protest.jpg?ve=1&amp;tl=1 2x\"><img decoding=\"async\" src=\"https:\/\/a57.foxnews.com\/static.foxbusiness.com\/foxbusiness.com\/content\/uploads\/2023\/08\/931\/523\/worker-protest.jpg?ve=1&amp;tl=1\" alt=\"Trabajador protestando fuera de la corporaci\u00f3n\"\/><\/source><\/source><\/source><\/source><\/picture><\/div>\n<div class=\"caption\">\n<p><span>Personas con pancartas y carteles durante una huelga mundial por el cambio clim\u00e1tico.<\/span><span>  (iStock \/ iStock)<\/span><\/p>\n<\/div>\n<\/div>\n<p><strong><u>OBT\u00c9N FOX BUSINESS SOBRE LA MARCHA HACIENDO CLIC AQU\u00cd<\/u><\/strong><\/p>\n<p>Sin embargo, la medida fue bien recibida por la organizaci\u00f3n sin fines de lucro Appliance Standards Awareness Project (ASAP), diciendo que eliminar\u00e1 32 millones de toneladas m\u00e9tricas de emisiones de di\u00f3xido de carbono de los calentadores de agua vendidos durante 30 a\u00f1os. <\/p>\n<p>El grupo, que apoya la reducci\u00f3n del uso de energ\u00eda y agua en los electrodom\u00e9sticos, dice que defiende los est\u00e1ndares de eficiencia del DOE.<\/p>\n<p>\u00abEsta es una medida de sentido com\u00fan que reducir\u00e1 los costos totales de los hogares y al mismo tiempo reducir\u00e1 las emisiones que calientan el planeta\u00bb, dijo Andrew deLaski, director ejecutivo de ASAP. <\/p>\n<p>\u00abEstos est\u00e1ndares tan esperados garantizar\u00e1n que m\u00e1s familias ahorren con tecnolog\u00eda comprobada de eficiencia energ\u00e9tica que ya se utiliza en la mayor\u00eda de las unidades sin tanque\u00bb.<\/p>\n<\/div>\n\n","protected":false},"excerpt":{"rendered":"<p>El editor ejecutivo de Climate Depot, Marc Morano, reacciona a los comentarios de una audiencia del Senado sobre preocupaciones clim\u00e1ticas y habla del \u00faltimo impulso clim\u00e1tico de la administraci\u00f3n Biden sobre &#8216;The Bottom Line&#8217;. La administraci\u00f3n Biden est\u00e1 prohibiendo el mercado de ciertos calentadores de agua a gas natural como parte de su agenda de &hellip;<\/p>\n","protected":false},"author":1,"featured_media":9144,"comment_status":"open","ping_status":"open","sticky":false,"template":"","format":"standard","meta":{"fifu_image_url":"https:\/\/a57.foxnews.com\/static.foxbusiness.com\/foxbusiness.com\/content\/uploads\/2025\/01\/0\/0\/biden-heaters-climate-.jpg?ve=1&tl=1","fifu_image_alt":"","footnotes":""},"categories":[3],"tags":[],"class_list":["post-9142","post","type-post","status-publish","format-standard","has-post-thumbnail","","category-negocio"],"_links":{"self":[{"href":"https:\/\/noticiasveraces.com\/index.php?rest_route=\/wp\/v2\/posts\/9142","targetHints":{"allow":["GET"]}}],"collection":[{"href":"https:\/\/noticiasveraces.com\/index.php?rest_route=\/wp\/v2\/posts"}],"about":[{"href":"https:\/\/noticiasveraces.com\/index.php?rest_route=\/wp\/v2\/types\/post"}],"author":[{"embeddable":true,"href":"https:\/\/noticiasveraces.com\/index.php?rest_route=\/wp\/v2\/users\/1"}],"replies":[{"embeddable":true,"href":"https:\/\/noticiasveraces.com\/index.php?rest_route=%2Fwp%2Fv2%2Fcomments&post=9142"}],"version-history":[{"count":0,"href":"https:\/\/noticiasveraces.com\/index.php?rest_route=\/wp\/v2\/posts\/9142\/revisions"}],"wp:featuredmedia":[{"embeddable":true,"href":"https:\/\/noticiasveraces.com\/index.php?rest_route=\/wp\/v2\/media\/9144"}],"wp:attachment":[{"href":"https:\/\/noticiasveraces.com\/index.php?rest_route=%2Fwp%2Fv2%2Fmedia&parent=9142"}],"wp:term":[{"taxonomy":"category","embeddable":true,"href":"https:\/\/noticiasveraces.com\/index.php?rest_route=%2Fwp%2Fv2%2Fcategories&post=9142"},{"taxonomy":"post_tag","embeddable":true,"href":"https:\/\/noticiasveraces.com\/index.php?rest_route=%2Fwp%2Fv2%2Ftags&post=9142"}],"curies":[{"name":"wp","href":"https:\/\/api.w.org\/{rel}","templated":true}]}}