{"id":9133,"date":"2025-01-05T03:51:58","date_gmt":"2025-01-05T07:51:58","guid":{"rendered":"https:\/\/noticiasveraces.com\/?p=9133"},"modified":"2025-01-05T03:51:58","modified_gmt":"2025-01-05T07:51:58","slug":"aumenta-la-ceguera-en-el-mundo-aun-cuando-muchos-casos-de-perdida-de-vision-podrian-prevenirse","status":"publish","type":"post","link":"https:\/\/noticiasveraces.com\/?p=9133","title":{"rendered":"Aumenta la ceguera en el mundo a\u00fan cuando muchos casos de p\u00e9rdida de visi\u00f3n podr\u00edan prevenirse"},"content":{"rendered":"<p> \n<br \/><img decoding=\"async\" src=\"https:\/\/gdb.voanews.com\/4e5dc213-3698-49b8-8c30-f97bc7b1029b_w800_h450.jpg\" \/><\/p>\n<div>\n<span class=\"dateline\">Washington\u2014 <\/span><\/p>\n<p>Los casos de ceguera y otros padecimientos de discapacidad visual aumentan en el mundo mientras crecen los llamados de alerta de Naciones Unidas, que conmemora este s\u00e1bado 4 de enero el <strong><em>D\u00eda Mundial del Braille<\/em><\/strong>  y la prevenci\u00f3n de los padecimientos visuales. Los datos comparativos por d\u00e9cadas. <strong><em>reflejando esa tendencia.<\/em><\/strong><\/p>\n<p>Los n\u00fameros globales facilitados por la Organizaci\u00f3n Mundial de la Salud (OMS) indican que m\u00e1s 2.200 millones de personas con deterioro de la visi\u00f3n y unos 1.000 millones con riesgo de perder la vista por diferentes causas. El n\u00famero global de personas no videntes se calcula en 39 millones.<\/p>\n<p>\u201cSe estima que, a nivel mundial, solo el 36 % de las personas con un deterioro de la visi\u00f3n lejana debido a errores de refracci\u00f3n y el 17 % de las personas con discapacidad visual debido a las cataratas han tenido acceso a una intervenci\u00f3n adecuada\u201d , seg\u00fan la OMS, que trabaja en gu\u00edas para agilizar la atenci\u00f3n en los pa\u00edses como un acuciante tema de salud \u201curgente\u201d.<\/p>\n<p>Este organismo de la ONU estima que la discapacidad visual supone una enorme carga econ\u00f3mica al afectar la producci\u00f3n que a nivel global supondr\u00eda unos 441.000 millones de d\u00f3lares.<\/p>\n<h3 class=\"wsw__h3\">En Latinoam\u00e9rica<\/h3>\n<p>Los pa\u00edses latinoamericanos no escapan a la ceguera que, seg\u00fan la Organizaci\u00f3n Panamericana de la Salud (OPS), a partir de estudios estima que por cada mill\u00f3n de habitantes hay unas 5.000 personas no videntes. En el mismo rango habr\u00eda unas 20.000 con visi\u00f3n parcial.<\/p>\n<p>Y \u201cla carga de la ceguera no est\u00e1 distribuida uniformemente en la Am\u00e9rica Latina y el Caribe\u201d, pues buena parte de las personas que han perdido la vista, sus enfermedades pudieron ser tratables, dice el organismo regional.<\/p>\n<p>OPS tambi\u00e9n considera que en la regi\u00f3n las personas m\u00e1s pobres son las que padecen sin un debido tratamiento afecciones de <em><strong>cataratas<\/strong><\/em>defectos refractivos, <em><strong>retinopat\u00eda diab\u00e9tica<\/strong><\/em>ceguera infantil, <em><strong>glaucoma<\/strong><\/em>, <em><strong>oncocercosis y tracoma<\/strong><\/em>\u201d, que termina en ceguera.<\/p>\n<p>Si a ello se agrega que las personas con discapacidad \u201ctienen menos probabilidades de acceder a la atenci\u00f3n sanitaria, la educaci\u00f3n y el empleo y de participar en la comunidad\u201d, por las limitantes propias de su condici\u00f3n.<\/p>\n<p>Aunque los problemas de visi\u00f3n no tienen un grupo espec\u00edfico con mayor vulnerabilidad, pero los registros de las agencias de la salud de la ONU indican que la mayor concentraci\u00f3n de casos de discapacidad visual o ceguera aumenta en personas de 50 a\u00f1os.<\/p>\n<p>\u201cLa p\u00e9rdida de visi\u00f3n puede afectar a personas de todas las edades, la mayor\u00eda de las personas con discapacidad visual y ceguera superan los 50 a\u00f1os\u201d, puntualiza la OMS.<\/p>\n<h3 class=\"wsw__h3\">Las enfermedades de la vista.<\/h3>\n<p>La Biblioteca Nacional de Medicina de Estados Unidos, Medicine Plus considera que la p\u00e9rdida de visi\u00f3n en un rango 20\/200, significa que el ojo no percibe la luz, y es declarado como ciego, y esto puede ser ocasionado por diferentes causas y enfermedades.<\/p>\n<p>\u201cLa ceguera completa significa que usted no puede ver nada y no ve la luz. La mayor\u00eda de las personas que emplean el t\u00e9rmino \u00abceguera\u00bb quieren decir ceguera completa\u201d, las causas tambi\u00e9n incluyen incidentes que llevan a la p\u00e9rdida de visi\u00f3n.<\/p>\n<p>Entre las causas incidentales est\u00e1n las lesiones de la superficie del ojo como quemaduras con productos qu\u00edmicos, o lesiones en entornos deportivos o laborales.<\/p>\n<p>Eso aparte de las condiciones m\u00e9dicas que pueden desencadenar en un problema de visi\u00f3n como la diabetes, glaucoma y la degeneraci\u00f3n muscular del ojo.<\/p>\n<p>Otro de los riesgos que puede llevar a la p\u00e9rdida de visi\u00f3n total son cataratas, que seg\u00fan Medicine Plus causa visi\u00f3n nublada o borrosa, y la luz brillante puede causar una especie de resplandor a la vista. De no ser tratado puede avanzar a una p\u00e9rdida total.<\/p>\n<p>El glaucoma ocasiona un \u201cestrechamiento conc\u00e9ntrico del campo visual y \u00e1reas faltantes de la visi\u00f3n\u201d. Y con la \u201cdegeneraci\u00f3n macular\u201d, la persona conserva la visi\u00f3n lateral, \u201cpero la visi\u00f3n central se pierde lentamente\u201d.<\/p>\n<p>Entre otras causas de p\u00e9rdida de visi\u00f3n, Medicine Plus considera como recurrente la obstrucci\u00f3n de vasos sangu\u00edneos de la retirada, complicaciones de cirug\u00eda de los ojos, ojo perezoso, <em><strong>la neuritis<\/strong><\/em>  y la <em><strong>retinitis pigmentaria<\/strong><\/em>tumores como el retinoblastoma y glioma del nervio \u00f3ptico.<\/p>\n<p>Otros trastornos que pueden llevar a ceguera son: el <em><strong>desprendimiento completo de retina<\/strong><\/em>la retinopat\u00eda diab\u00e9tica en etapa final, una infecci\u00f3n ocular interna grave, y la oclusi\u00f3n vascular, este \u00faltimo es por falta de flujo sangu\u00edneo en el ojo.<\/p>\n<p>Existe la pregunta de si la exposici\u00f3n permanente a tel\u00e9fonos m\u00f3viles y pantallas causar\u00eda da\u00f1os a la vista, la American Academy of Ophthalmology considera que no existen estudios que demuestren da\u00f1os a la vista por la luz de las pantallas, aunque reconoce que investigaciones han demostrado que la la luz puede causar da\u00f1os al ojo; Sin embargo, hasta ahora los experimentos no son concluyentes, advierte.<\/p>\n<h3 class=\"wsw__h3\">La alerta de la ONU<\/h3>\n<p>Naciones Unidas emiti\u00f3 la resoluci\u00f3n de su Asamblea General el 1 de noviembre de 2018, que cada 4 de enero -a partir de 2019- se reconozca en todo el mundo el D\u00eda Mundial del Braille, para crear mayor conciencia sobre la importancia de este m\u00e9todo de comunicaci\u00f3n para no videntes, como parte de los compromisos para implementar el cumplimiento de respeto a derechos humanos.<\/p>\n<p>Al establecerse esta fecha, la ONU ampara el acceso a la educaci\u00f3n ya gozar de derechos como la libertad de expresi\u00f3n de las personas no videntes con pleno acceso a la lectura y la escritura con el m\u00e9todo braille.<\/p>\n<p>El braille es una representaci\u00f3n t\u00e1ctil que utiliza s\u00edmbolos alfab\u00e9ticos y num\u00e9ricos basados \u200b\u200ben seis puntos para representar cada letra y cada n\u00famero; Tambi\u00e9n re\u00fane simbolog\u00eda musical y es est\u00e1ndar para todo el mundo.<\/p>\n<p>\u201cEl braille es un medio de comunicaci\u00f3n para las personas ciegas, como se refleja en el <em><strong>art\u00edculo 2 de la Convenci\u00f3n sobre los Derechos de las Personas con Discapacidad<\/strong><\/em>y puede ser relevante en los contextos de la educaci\u00f3n, la libertad de expresi\u00f3n y opini\u00f3n y el acceso a la informaci\u00f3n y la comunicaci\u00f3n escrita, as\u00ed como en el contexto de la inclusi\u00f3n social para las personas ciegas, como se refleja en los art\u00edculos 21. y 24 de la Convenci\u00f3n\u201d, seg\u00fan la ONU.<\/p>\n<p><em><strong>\u00a1Con\u00e9ctate con la Voz de Am\u00e9rica! Suscr\u00edbete a nuestros canales de<\/strong><strong>YouTube<\/strong><strong>, <\/strong><strong>WhatsApp<\/strong><strong>  y al <\/strong><strong>hoja informativa<\/strong><strong>. Activa las notificaciones y s\u00edguenos en <\/strong><strong>Facebook<\/strong><strong>, <\/strong><a class=\"wsw__a\" href=\"https:\/\/nam10.safelinks.protection.outlook.com\/?url=https%3A%2F%2Ftwitter.com%2FVozdeAmerica&amp;data=05%7C02%7Cwserrano%40voanews.com%7C0b9cfda59f52447b0ed708dc07d64451%7Cba99e87c673541c2b1c1354eee3a8659%7C0%7C0%7C638393864063639904%7CUnknown%7CTWFpbGZsb3d8eyJWIjoiMC4wLjAwMDAiLCJQIjoiV2luMzIiLCJBTiI6Ik1haWwiLCJXVCI6Mn0%3D%7C3000%7C%7C%7C&amp;sdata=unLJDFixL8cjTiSip1dC8ViP8otjrQyzq1ziP2g1PMo%3D&amp;reserved=0\" target=\"_blank\"><strong>inc\u00f3gnita<\/strong><\/a><strong>  mi <\/strong><strong>Instagram<\/strong><strong>.<\/strong><\/em><\/p>\n<\/div>\n<p><script async src=\"https:\/\/platform.twitter.com\/widgets.js\" charset=\"utf-8\"><\/script><script async src=\"\/\/www.instagram.com\/embed.js\"><\/script><br \/>\n<br \/>\n","protected":false},"excerpt":{"rendered":"<p>Washington\u2014 Los casos de ceguera y otros padecimientos de discapacidad visual aumentan en el mundo mientras crecen los llamados de alerta de Naciones Unidas, que conmemora este s\u00e1bado 4 de enero el D\u00eda Mundial del Braille y la prevenci\u00f3n de los padecimientos visuales. Los datos comparativos por d\u00e9cadas. reflejando esa tendencia. Los n\u00fameros globales facilitados &hellip;<\/p>\n","protected":false},"author":1,"featured_media":9135,"comment_status":"open","ping_status":"open","sticky":false,"template":"","format":"standard","meta":{"fifu_image_url":"https:\/\/gdb.voanews.com\/4e5dc213-3698-49b8-8c30-f97bc7b1029b_w800_h450.jpg","fifu_image_alt":"","footnotes":""},"categories":[8],"tags":[],"class_list":["post-9133","post","type-post","status-publish","format-standard","has-post-thumbnail","","category-salud"],"_links":{"self":[{"href":"https:\/\/noticiasveraces.com\/index.php?rest_route=\/wp\/v2\/posts\/9133","targetHints":{"allow":["GET"]}}],"collection":[{"href":"https:\/\/noticiasveraces.com\/index.php?rest_route=\/wp\/v2\/posts"}],"about":[{"href":"https:\/\/noticiasveraces.com\/index.php?rest_route=\/wp\/v2\/types\/post"}],"author":[{"embeddable":true,"href":"https:\/\/noticiasveraces.com\/index.php?rest_route=\/wp\/v2\/users\/1"}],"replies":[{"embeddable":true,"href":"https:\/\/noticiasveraces.com\/index.php?rest_route=%2Fwp%2Fv2%2Fcomments&post=9133"}],"version-history":[{"count":0,"href":"https:\/\/noticiasveraces.com\/index.php?rest_route=\/wp\/v2\/posts\/9133\/revisions"}],"wp:featuredmedia":[{"embeddable":true,"href":"https:\/\/noticiasveraces.com\/index.php?rest_route=\/wp\/v2\/media\/9135"}],"wp:attachment":[{"href":"https:\/\/noticiasveraces.com\/index.php?rest_route=%2Fwp%2Fv2%2Fmedia&parent=9133"}],"wp:term":[{"taxonomy":"category","embeddable":true,"href":"https:\/\/noticiasveraces.com\/index.php?rest_route=%2Fwp%2Fv2%2Fcategories&post=9133"},{"taxonomy":"post_tag","embeddable":true,"href":"https:\/\/noticiasveraces.com\/index.php?rest_route=%2Fwp%2Fv2%2Ftags&post=9133"}],"curies":[{"name":"wp","href":"https:\/\/api.w.org\/{rel}","templated":true}]}}