{"id":9129,"date":"2025-01-05T03:25:13","date_gmt":"2025-01-05T07:25:13","guid":{"rendered":"https:\/\/noticiasveraces.com\/?p=9129"},"modified":"2025-01-05T03:25:13","modified_gmt":"2025-01-05T07:25:13","slug":"otra-jornada-de-protestas-en-contra-ya-favor-de-yoon-dw-01-05-2025","status":"publish","type":"post","link":"https:\/\/noticiasveraces.com\/?p=9129","title":{"rendered":"otra jornada de protestas en contra ya favor de Yoon \u2013 DW \u2013 01\/05\/2025"},"content":{"rendered":"<p> \n<\/p>\n<div>\n<p>Se\u00fal fue escenario este s\u00e1bado (04.01.2025) de manifestaciones con miles de personas a favor o en contra del arresto del presidente de Corea del Sur, Yoon Suk-yeol, que afectar\u00e1n al tr\u00e1fico e incrementaron a\u00fan m\u00e1s la tensi\u00f3n que se vive estos d\u00edas en la capital surcoreana.<\/p>\n<p>Unas 35.000 personas se dieron cita en la c\u00e9ntrica plaza de Gwanghwamun para protestar contra los intentos de arrestar a Yoon a cuenta de su fallida declaraci\u00f3n de la ley marcial el pasado 3 de diciembre.<\/p>\n<p>En ese mismo enclave tambi\u00e9n se celebr\u00f3 una manifestaci\u00f3n para que se destituya de manera definitiva al mandatario, que fue inhabilitado por el Parlamento el pasado 14 de diciembre y est\u00e1 a la espera de que el Constitucional lo restituya o lo cese por completo.<\/p>\n<p>El grupo pro-Yoon se desplaz\u00f3 despu\u00e9s a los aleda\u00f1os de la residencia presidencial en el barrio de Hannam, donde a solo 400 metros tuvo lugar tambi\u00e9n una marcha en contra del presidente convocada por la principal confederaci\u00f3n de sindicatos surcoreana.<\/p>\n<p>En un momento dado los sindicalistas trataron de romper el cerco policial y avanzar hacia la residencia de Yoon, lo que depar\u00f3 varios choques violentos y dos arrestos por parte de las fuerzas de seguridad.<\/p>\n<p>El rodado en Hannam se vio afectado, as\u00ed como la l\u00ednea 6 de metro, ya que se opt\u00f3 por no detener los convoyes en la estaci\u00f3n m\u00e1s cercana a la residencia presidencial para evitar formar m\u00e1s aglomeraciones. <\/p>\n<p><span data-slot-id=\"Article_InContent-1\" class=\"rich-text-ad\"\/><\/p>\n<h2>Delito de insurrecci\u00f3n<\/h2>\n<p>Los encontronazos de hoy se producen despu\u00e9s de que el viernes la oficina anticorrupci\u00f3n tuviera que cancelar su operativo para arrestar temporalmente a Yoon para interrogarlo sobre la ley marcial debido a que el Servicio de Seguridad Presidencial (PSS) impidi\u00f3 el acceso y protagoniz\u00f3 una tensa confrontaci\u00f3n que duro tres o cuatro horas.<\/p>\n<p>Se cree que los investigadores podr\u00edan intentar de nuevo detener al presidente ma\u00f1ana domingo, puesto que su orden para arrestarlo caduca el lunes.<\/p>\n<p>La oficina anticorrupci\u00f3n pidi\u00f3 de nuevo al presidente interino, Choi Sang-mok, que ordenare al equipo de seguridad presidencial -sobre el que te\u00f3ricamente tendr\u00eda potestad- cooperar en la detenci\u00f3n.<\/p>\n<p>Por su parte, los abogados de Yoon han solicitado una orden judicial para anular la orden de arresto, argumentando que solo la Fiscal\u00eda puede solicitar una detenci\u00f3n por un supuesto delito de insurrecci\u00f3n, el \u00fanico al que no es inmune un presidente surcoreano.<\/p>\n<p>Corea del Sur castiga a los l\u00edderes de un movimiento de insurrecci\u00f3n con cadena perpetua o la pena capital (sobre la cual existe una moratoria en el pa\u00eds desde hace casi 40 a\u00f1os).<\/p>\n<p>En caso de que puedan arrestarlo, el equipo formado por el CIO, la Polic\u00eda y el Ministerio de Defensa Nacional, dispone de 48 horas para interrogar a Yoon e incluso solicitar una orden para prolongar la detenci\u00f3n si lo cree necesario.<\/p>\n<p>mg (efe,ap)<\/p>\n<\/p>\n<\/div>\n\n","protected":false},"excerpt":{"rendered":"<p>Se\u00fal fue escenario este s\u00e1bado (04.01.2025) de manifestaciones con miles de personas a favor o en contra del arresto del presidente de Corea del Sur, Yoon Suk-yeol, que afectar\u00e1n al tr\u00e1fico e incrementaron a\u00fan m\u00e1s la tensi\u00f3n que se vive estos d\u00edas en la capital surcoreana. Unas 35.000 personas se dieron cita en la c\u00e9ntrica &hellip;<\/p>\n","protected":false},"author":1,"featured_media":9130,"comment_status":"open","ping_status":"open","sticky":false,"template":"","format":"standard","meta":{"fifu_image_url":"https:\/\/static.dw.com\/image\/71218596_6.jpg","fifu_image_alt":"","footnotes":""},"categories":[13],"tags":[],"class_list":["post-9129","post","type-post","status-publish","format-standard","has-post-thumbnail","","category-mundo"],"_links":{"self":[{"href":"https:\/\/noticiasveraces.com\/index.php?rest_route=\/wp\/v2\/posts\/9129","targetHints":{"allow":["GET"]}}],"collection":[{"href":"https:\/\/noticiasveraces.com\/index.php?rest_route=\/wp\/v2\/posts"}],"about":[{"href":"https:\/\/noticiasveraces.com\/index.php?rest_route=\/wp\/v2\/types\/post"}],"author":[{"embeddable":true,"href":"https:\/\/noticiasveraces.com\/index.php?rest_route=\/wp\/v2\/users\/1"}],"replies":[{"embeddable":true,"href":"https:\/\/noticiasveraces.com\/index.php?rest_route=%2Fwp%2Fv2%2Fcomments&post=9129"}],"version-history":[{"count":0,"href":"https:\/\/noticiasveraces.com\/index.php?rest_route=\/wp\/v2\/posts\/9129\/revisions"}],"wp:featuredmedia":[{"embeddable":true,"href":"https:\/\/noticiasveraces.com\/index.php?rest_route=\/wp\/v2\/media\/9130"}],"wp:attachment":[{"href":"https:\/\/noticiasveraces.com\/index.php?rest_route=%2Fwp%2Fv2%2Fmedia&parent=9129"}],"wp:term":[{"taxonomy":"category","embeddable":true,"href":"https:\/\/noticiasveraces.com\/index.php?rest_route=%2Fwp%2Fv2%2Fcategories&post=9129"},{"taxonomy":"post_tag","embeddable":true,"href":"https:\/\/noticiasveraces.com\/index.php?rest_route=%2Fwp%2Fv2%2Ftags&post=9129"}],"curies":[{"name":"wp","href":"https:\/\/api.w.org\/{rel}","templated":true}]}}