{"id":9112,"date":"2025-01-05T00:13:06","date_gmt":"2025-01-05T04:13:06","guid":{"rendered":"https:\/\/noticiasveraces.com\/?p=9112"},"modified":"2025-01-05T00:13:06","modified_gmt":"2025-01-05T04:13:06","slug":"muere-japonesa-de-116-anos-la-persona-mas-longeva-del-mundo-dw-01-05-2025-2","status":"publish","type":"post","link":"https:\/\/noticiasveraces.com\/?p=9112","title":{"rendered":"Muere japonesa de 116 a\u00f1os, la persona m\u00e1s longeva del mundo \u2013 DW \u2013 01\/05\/2025"},"content":{"rendered":"<p> \n<\/p>\n<div>\n<p>La persona de m\u00e1s edad en el mundo, la japonesa Tomiko Itooka, muri\u00f3 a los 116 a\u00f1os, anunciado el s\u00e1bado (04.01.2025) la ciudad de Ashiya, donde viv\u00eda en el sur de Jap\u00f3n.<\/p>\n<p>Itooka, que ten\u00eda cuatro hijos y cinco nietos, muri\u00f3 el 29 de diciembre en la residencia para personas mayores donde viv\u00eda desde 2019, precis\u00f3 el alcalde de Ashiya en un comunicado.<\/p>\n<p>Nacida el 23 de mayo de 1908 en Osaka, no lejos de Ashiya, fue identificada como la decana de la humanidad tras el deceso en agosto de 2024 de la espa\u00f1ola Maria Branyas Morera a los 117 a\u00f1os.<\/p>\n<p>\u00abItooka nos dio valor y esperanza y una larga vida\u00bb, dijo el alcalde de Ashiya, Ryosuke Takashima. \u00abLe agradecemos por eso\u00bb, agreg\u00f3 el funcionario de 27 a\u00f1os.<\/p>\n<p>De una familia de tres hijos, fue jugadora de voleibol en su juventud, conoci\u00f3 guerras, pandemias y revoluciones tecnol\u00f3gicas.<\/p>\n<p>En su ancianidad le gustaban los pl\u00e1tanos y el Calpis, una bebida a base de fermentos l\u00e1cteos muy popular en Jap\u00f3n, detall\u00f3 el comunicado de la alcald\u00eda.<\/p>\n<p>Jap\u00f3n experimenta en la actualidad una crisis demogr\u00e1fica, con una poblaci\u00f3n de personas mayores y otra activa que disminuye y gastos financieros m\u00e9dicos y sociales crecientes.<\/p>\n<p>En septiembre, Jap\u00f3n ten\u00eda m\u00e1s de 95.000 centenarios, entre ellos el 88% mujeres. M\u00e1s de una tercera parte de los 124 millones de habitantes del pa\u00eds tiene 65 a\u00f1os o m\u00e1s.<\/p>\n<p>gs (afp, efe)<\/p>\n<\/div>\n\n","protected":false},"excerpt":{"rendered":"<p>La persona de m\u00e1s edad en el mundo, la japonesa Tomiko Itooka, muri\u00f3 a los 116 a\u00f1os, anunciado el s\u00e1bado (04.01.2025) la ciudad de Ashiya, donde viv\u00eda en el sur de Jap\u00f3n. Itooka, que ten\u00eda cuatro hijos y cinco nietos, muri\u00f3 el 29 de diciembre en la residencia para personas mayores donde viv\u00eda desde 2019, &hellip;<\/p>\n","protected":false},"author":1,"featured_media":9113,"comment_status":"open","ping_status":"open","sticky":false,"template":"","format":"standard","meta":{"fifu_image_url":"https:\/\/static.dw.com\/image\/71215724_6.jpg","fifu_image_alt":"","footnotes":""},"categories":[13],"tags":[],"class_list":["post-9112","post","type-post","status-publish","format-standard","has-post-thumbnail","","category-mundo"],"_links":{"self":[{"href":"https:\/\/noticiasveraces.com\/index.php?rest_route=\/wp\/v2\/posts\/9112","targetHints":{"allow":["GET"]}}],"collection":[{"href":"https:\/\/noticiasveraces.com\/index.php?rest_route=\/wp\/v2\/posts"}],"about":[{"href":"https:\/\/noticiasveraces.com\/index.php?rest_route=\/wp\/v2\/types\/post"}],"author":[{"embeddable":true,"href":"https:\/\/noticiasveraces.com\/index.php?rest_route=\/wp\/v2\/users\/1"}],"replies":[{"embeddable":true,"href":"https:\/\/noticiasveraces.com\/index.php?rest_route=%2Fwp%2Fv2%2Fcomments&post=9112"}],"version-history":[{"count":0,"href":"https:\/\/noticiasveraces.com\/index.php?rest_route=\/wp\/v2\/posts\/9112\/revisions"}],"wp:featuredmedia":[{"embeddable":true,"href":"https:\/\/noticiasveraces.com\/index.php?rest_route=\/wp\/v2\/media\/9113"}],"wp:attachment":[{"href":"https:\/\/noticiasveraces.com\/index.php?rest_route=%2Fwp%2Fv2%2Fmedia&parent=9112"}],"wp:term":[{"taxonomy":"category","embeddable":true,"href":"https:\/\/noticiasveraces.com\/index.php?rest_route=%2Fwp%2Fv2%2Fcategories&post=9112"},{"taxonomy":"post_tag","embeddable":true,"href":"https:\/\/noticiasveraces.com\/index.php?rest_route=%2Fwp%2Fv2%2Ftags&post=9112"}],"curies":[{"name":"wp","href":"https:\/\/api.w.org\/{rel}","templated":true}]}}