{"id":9078,"date":"2025-01-04T18:55:11","date_gmt":"2025-01-04T22:55:11","guid":{"rendered":"https:\/\/noticiasveraces.com\/?p=9078"},"modified":"2025-01-04T18:55:11","modified_gmt":"2025-01-04T22:55:11","slug":"primer-ministro-conservador-de-austria-anuncia-su-dimision-dw-01-04-2025","status":"publish","type":"post","link":"https:\/\/noticiasveraces.com\/?p=9078","title":{"rendered":"Primer ministro conservador de Austria anuncia su dimisi\u00f3n \u2013 DW \u2013 01\/04\/2025"},"content":{"rendered":"<p> \n<\/p>\n<div>\n<p>El primer ministro conservador austr\u00edaco, Karl Nehammer, anunci\u00f3 este s\u00e1bado (01.04.2023) que dimitir\u00e1 como canciller y presidente de su partido \u00aben los pr\u00f3ximos d\u00edas\u00bb tras poner fin a las negociaciones con los socialdem\u00f3cratas para intentar formar un gobierno. Nehammer ocupaba estos cargos desde diciembre de 2021.<\/p>\n<p>\u00abDespu\u00e9s de la ruptura de las negociaciones de negociaci\u00f3n (&#8230;) abandonar\u00e9 mis dos funciones como canciller y presidente del Partido Popular en los pr\u00f3ximos d\u00edas y permitir\u00e9 una transici\u00f3n ordenada\u00bb, indic\u00f3 Nehammer en un mensaje en la red social X.<\/p>\n<blockquote class=\"tweet embed\" data-id=\"1875608844984094740\"\/>\n<p>El anuncio de dimisi\u00f3n llega m\u00e1s de tres meses despu\u00e9s de las legislativas del 29 de septiembre que gan\u00f3 la extrema derecha.<\/p>\n<p>El viernes, el partido liberal Neos decidi\u00f3 retirarse de las negociaciones tripartitas para formar un gobierno centrista. <\/p>\n<p>El objetivo era marginar al Partido de la Libertad de Austria (FP\u00d6, extrema derecha), que sali\u00f3 vencedor en las \u00faltimas legislativas. <\/p>\n<p>El FP\u00d6 logr\u00f3 el 28,8% de los votos, pero no pudo encontrar aliados para formar gobierno. <\/p>\n<p>El Partido Popular de Austria (\u00d6VP) qued\u00f3 en segundo lugar con el 26,3 % de los votos, seguido del Partido Socialdem\u00f3crata de Austria (SP\u00d6, centroizquierda) con el 21,1 %. <\/p>\n<h2><strong>Retirada de Neos <\/strong><\/h2>\n<p>Estos resultados hab\u00edan llevado a Nehammer a iniciar conversaciones con el SP\u00d6 y Neos para formar un gobierno, pero se rompieron el viernes con la retirada de Neos. <\/p>\n<p>La l\u00edder de Neos, Beate Meinl-Reisinger, justific\u00f3 su salida explicando que no era posible alcanzar un acuerdo en cuestiones clave, ya que los otros partidos no quer\u00edan afrontar reformas profundas del Estado pese a la dif\u00edcil situaci\u00f3n econ\u00f3mica. Austria cerr\u00f3 en 2024 su segundo a\u00f1o de recesi\u00f3n.<\/p>\n<p>Los dos partidos centristas restantes hab\u00edan dicho que quer\u00edan continuar. Pero el s\u00e1bado, Nehammer anunci\u00f3 en X que un \u00abacuerdo con el SP\u00d6 es imposible en temas clave\u00bb y que \u00aben consecuencia, ponemos fin a las negociaciones con el SP\u00d6\u00bb.<\/p>\n<p>Los \u00faltimos sondeos muestran un panorama para muchos preocupante: mientras el \u00d6VP y SP\u00d6 tienen una intenci\u00f3n de voto de cerca del 20-21% cada uno, el ultra FP\u00d6 ha aumentado su ventaja hasta el 35-37%.<\/p>\n<p>POCOS (AFP, EFE)<\/p>\n<\/div>\n\n","protected":false},"excerpt":{"rendered":"<p>El primer ministro conservador austr\u00edaco, Karl Nehammer, anunci\u00f3 este s\u00e1bado (01.04.2023) que dimitir\u00e1 como canciller y presidente de su partido \u00aben los pr\u00f3ximos d\u00edas\u00bb tras poner fin a las negociaciones con los socialdem\u00f3cratas para intentar formar un gobierno. Nehammer ocupaba estos cargos desde diciembre de 2021. \u00abDespu\u00e9s de la ruptura de las negociaciones de negociaci\u00f3n &hellip;<\/p>\n","protected":false},"author":1,"featured_media":9079,"comment_status":"open","ping_status":"open","sticky":false,"template":"","format":"standard","meta":{"fifu_image_url":"https:\/\/static.dw.com\/image\/70572743_6.jpg","fifu_image_alt":"","footnotes":""},"categories":[13],"tags":[],"class_list":["post-9078","post","type-post","status-publish","format-standard","has-post-thumbnail","","category-mundo"],"_links":{"self":[{"href":"https:\/\/noticiasveraces.com\/index.php?rest_route=\/wp\/v2\/posts\/9078","targetHints":{"allow":["GET"]}}],"collection":[{"href":"https:\/\/noticiasveraces.com\/index.php?rest_route=\/wp\/v2\/posts"}],"about":[{"href":"https:\/\/noticiasveraces.com\/index.php?rest_route=\/wp\/v2\/types\/post"}],"author":[{"embeddable":true,"href":"https:\/\/noticiasveraces.com\/index.php?rest_route=\/wp\/v2\/users\/1"}],"replies":[{"embeddable":true,"href":"https:\/\/noticiasveraces.com\/index.php?rest_route=%2Fwp%2Fv2%2Fcomments&post=9078"}],"version-history":[{"count":0,"href":"https:\/\/noticiasveraces.com\/index.php?rest_route=\/wp\/v2\/posts\/9078\/revisions"}],"wp:featuredmedia":[{"embeddable":true,"href":"https:\/\/noticiasveraces.com\/index.php?rest_route=\/wp\/v2\/media\/9079"}],"wp:attachment":[{"href":"https:\/\/noticiasveraces.com\/index.php?rest_route=%2Fwp%2Fv2%2Fmedia&parent=9078"}],"wp:term":[{"taxonomy":"category","embeddable":true,"href":"https:\/\/noticiasveraces.com\/index.php?rest_route=%2Fwp%2Fv2%2Fcategories&post=9078"},{"taxonomy":"post_tag","embeddable":true,"href":"https:\/\/noticiasveraces.com\/index.php?rest_route=%2Fwp%2Fv2%2Ftags&post=9078"}],"curies":[{"name":"wp","href":"https:\/\/api.w.org\/{rel}","templated":true}]}}