{"id":9066,"date":"2025-01-04T14:35:14","date_gmt":"2025-01-04T18:35:14","guid":{"rendered":"https:\/\/noticiasveraces.com\/?p=9066"},"modified":"2025-01-04T14:35:14","modified_gmt":"2025-01-04T18:35:14","slug":"ecuador-decreta-nuevo-estado-de-excepcion-en-quito-y-siete-provincias","status":"publish","type":"post","link":"https:\/\/noticiasveraces.com\/?p=9066","title":{"rendered":"Ecuador decreta nuevo estado de excepci\u00f3n en Quito y siete provincias"},"content":{"rendered":"<p> \n<br \/><img decoding=\"async\" src=\"https:\/\/s.france24.com\/media\/display\/80465152-ca25-11ef-95e5-005056a97e36\/w:1024\/p:16x9\/5aedb35902e9a9e3a85b6308d4800dddeed9ca29.jpg\" \/><br \/>Ecuador, que sostiene una guerra contra bandas del narcotr\u00e1fico, decret\u00f3 un nuevo estado de excepci\u00f3n en Quito y siete de sus 24 provincias, consideradas las m\u00e1s violentas, seg\u00fan un decreto presidencial divulgado el viernes.<br \/>\n<br \/>\n","protected":false},"excerpt":{"rendered":"<p>Ecuador, que sostiene una guerra contra bandas del narcotr\u00e1fico, decret\u00f3 un nuevo estado de excepci\u00f3n en Quito y siete de sus 24 provincias, consideradas las m\u00e1s violentas, seg\u00fan un decreto presidencial divulgado el viernes.<\/p>\n","protected":false},"author":1,"featured_media":9068,"comment_status":"open","ping_status":"open","sticky":false,"template":"","format":"standard","meta":{"fifu_image_url":"https:\/\/s.france24.com\/media\/display\/80465152-ca25-11ef-95e5-005056a97e36\/w:1024\/p:16x9\/5aedb35902e9a9e3a85b6308d4800dddeed9ca29.jpg","fifu_image_alt":"","footnotes":""},"categories":[13],"tags":[],"class_list":["post-9066","post","type-post","status-publish","format-standard","has-post-thumbnail","","category-mundo"],"_links":{"self":[{"href":"https:\/\/noticiasveraces.com\/index.php?rest_route=\/wp\/v2\/posts\/9066","targetHints":{"allow":["GET"]}}],"collection":[{"href":"https:\/\/noticiasveraces.com\/index.php?rest_route=\/wp\/v2\/posts"}],"about":[{"href":"https:\/\/noticiasveraces.com\/index.php?rest_route=\/wp\/v2\/types\/post"}],"author":[{"embeddable":true,"href":"https:\/\/noticiasveraces.com\/index.php?rest_route=\/wp\/v2\/users\/1"}],"replies":[{"embeddable":true,"href":"https:\/\/noticiasveraces.com\/index.php?rest_route=%2Fwp%2Fv2%2Fcomments&post=9066"}],"version-history":[{"count":0,"href":"https:\/\/noticiasveraces.com\/index.php?rest_route=\/wp\/v2\/posts\/9066\/revisions"}],"wp:featuredmedia":[{"embeddable":true,"href":"https:\/\/noticiasveraces.com\/index.php?rest_route=\/wp\/v2\/media\/9068"}],"wp:attachment":[{"href":"https:\/\/noticiasveraces.com\/index.php?rest_route=%2Fwp%2Fv2%2Fmedia&parent=9066"}],"wp:term":[{"taxonomy":"category","embeddable":true,"href":"https:\/\/noticiasveraces.com\/index.php?rest_route=%2Fwp%2Fv2%2Fcategories&post=9066"},{"taxonomy":"post_tag","embeddable":true,"href":"https:\/\/noticiasveraces.com\/index.php?rest_route=%2Fwp%2Fv2%2Ftags&post=9066"}],"curies":[{"name":"wp","href":"https:\/\/api.w.org\/{rel}","templated":true}]}}