{"id":9063,"date":"2025-01-04T14:02:28","date_gmt":"2025-01-04T18:02:28","guid":{"rendered":"https:\/\/noticiasveraces.com\/?p=9063"},"modified":"2025-01-04T14:02:28","modified_gmt":"2025-01-04T18:02:28","slug":"hallan-muerto-a-gerard-olive-el-montanero-que-ascendio-al-aneto-para-dormir-en-nochevieja","status":"publish","type":"post","link":"https:\/\/noticiasveraces.com\/?p=9063","title":{"rendered":"Hallan muerto a Gerard Oliv\u00e9, el monta\u00f1ero que ascendi\u00f3 al Aneto para dormir en Nochevieja"},"content":{"rendered":"<p> \n<\/p>\n<div id=\"intext\">\n<p>La Guardia Civil ha encontrado este s\u00e1bado sobre las 13:30 horas el cuerpo sin vida del monta\u00f1ero catal\u00e1n Gerard Oliv\u00e9, que se encontraba desaparecido desde el pasado 31 de diciembre, en una zona de dif\u00edcil acceso del valle de Salenques, en el t\u00e9rmino municipal de Montanuy (Huesca).<\/p>\n<blockquote class=\"blockquote \">\n<p class=\"blockquote__quote\">\u00abGerard nos dej\u00f3 inesperadamente mientras hac\u00eda una de las cosas que m\u00e1s amaba: disfrutar de las monta\u00f1as\u00bb<\/p>\n<\/blockquote>\n<p>Seg\u00fan informa la Guardia Civil, la muerte de Oliv\u00e9 se habr\u00eda producido tras sufrir una ca\u00edda desde la parte alta de la cresta Salenques.<\/p>\n<p>\u00abCon el coraz\u00f3n roto, compartimos que Gerard nos dej\u00f3 inesperadamente mientras hac\u00eda una de las cosas que m\u00e1s amaba: disfrutar de las monta\u00f1as. Agradecemos a todos los que lo conocemos y aman por su cari\u00f1o y apoyo. Gerard siempre estar\u00e1 con nosotros en cada cumbre. , cada paisaje y cada recuerdo. Te queremos\u00bb, han confirmado a trav\u00e9s de su cuenta de Instagram.<\/p>\n<p>Gerard Oliv\u00e9, de 41 a\u00f1os, fue localizado por \u00faltima vez en la zona del Refugio de Coronas antes de empezar la ascensi\u00f3n al Aneto el pasado 31 de diciembre, seg\u00fan ha informado en redes sociales el Ayuntamiento tarraconense de Tivissa, localidad de la que era oriundo. .<\/p>\n<p>La b\u00fasqueda del monta\u00f1ero, que hab\u00eda dejado estacionado su veh\u00edculo en el p\u00e1rking de Senarta, se activ\u00f3 el pasado jueves 2 de enero, cuando un familiar avis\u00f3 de su desaparici\u00f3n con una llamada a trav\u00e9s de la Sala de Emergencias 112 SOS Arag\u00f3n, en la Central COS 062 de la Guardia Civil de Huesca, al no haber vuelto a su domicilio.<\/p>\n<p>La Guardia Civil de Huesca activ\u00f3 un dispositivo de b\u00fasqueda en el que participaron, efectivos del GREIM de Benasque y Unidad A\u00e9rea de Huesca.<\/p>\n<p>Tras ser hallado, el cuerpo de Oliv\u00e9 fue evacuado y trasladado en la aeronave hasta la helisuperficie de Benasque, donde lo esperaban los servicios funerarios, para ser llevado al Instituto de Medicina Legal de Arag\u00f3n en Zaragoza.<\/p>\n<h2 class=\"title-h2\">Experto en vivacs extremos<\/h2>\n<p>El monta\u00f1ero del Baix Ebre era experto en vivacs y hab\u00eda realizado varios entre los que destaca el que hizo colgado en una hamaca en la Cresta de Salenques, que fue muy seguido en redes sociales, adem\u00e1s de otros en diferentes cimas pirenaicas.<\/p>\n<p>Como se defini\u00f3 en la red social Instagram, Gerard Oliv\u00e9 se consider\u00f3 un \u00abamante del vivac extremo\u00bb y junto a un &#8216;reel&#8217; del momento de su pernoctaci\u00f3n en la Cresta de Salenques escribi\u00f3: \u00abBendita locura que con su poder te lleva m\u00e1s all\u00e1 de tus sue\u00f1os y capacidades, te transporta en un mundo con infinidad de posibilidades\u00bb.<\/p>\n<p>Descanse en paz.<\/p>\n<p><i>S\u00edguenos en nuestro <b>canal de whatsapp<\/b> y no te pierdas la \u00faltima hora y toda la actualidad de antena3noticias.com<\/i><\/p>\n<div class=\"recirculation-video\" data-mod=\"a3mod_recirculation_video\">\n<div class=\"recirculation-video-wrapper\">\n<div>\n<div class=\"video-wrapper\">\n  <picture class=\"video-main-picture\"><source media=\"(min-width: 481px)\" srcset=\"https:\/\/fotografias.antena3.com\/clipping\/cmsimages01\/2025\/01\/03\/00BFD35D-F4CA-48B6-98F1-A797ED864AC6\/daniel-caballero-cumple-objetivo-correr-12-maratones-12-meses_94.jpg?crop=1280,720,x0,y0&amp;width=800&amp;height=450&amp;optimize=medium&amp;format=webply\" width=\"800\" height=\"450\"><source media=\"(min-width: 391px) and (max-width: 480px)\" srcset=\"https:\/\/fotografias.antena3.com\/clipping\/cmsimages01\/2025\/01\/03\/00BFD35D-F4CA-48B6-98F1-A797ED864AC6\/daniel-caballero-cumple-objetivo-correr-12-maratones-12-meses_70.jpg?crop=1280,720,x0,y0&amp;width=480&amp;height=270&amp;optimize=high&amp;format=webply\" width=\"480\" height=\"270\"><source media=\"(min-width: 321px) and (max-width: 390px)\" srcset=\"https:\/\/fotografias.antena3.com\/clipping\/cmsimages01\/2025\/01\/03\/00BFD35D-F4CA-48B6-98F1-A797ED864AC6\/daniel-caballero-cumple-objetivo-correr-12-maratones-12-meses_92.jpg?crop=1280,719,x0,y1&amp;width=390&amp;height=219&amp;optimize=high&amp;format=webply\" width=\"390\" height=\"219\"><source media=\"(max-width: 320px)\" srcset=\"https:\/\/fotografias.antena3.com\/clipping\/cmsimages01\/2025\/01\/03\/00BFD35D-F4CA-48B6-98F1-A797ED864AC6\/daniel-caballero-cumple-objetivo-correr-12-maratones-12-meses_52.jpg?crop=1280,720,x0,y0&amp;width=320&amp;height=180&amp;optimize=high&amp;format=webply\" width=\"320\" height=\"180\"><img decoding=\"async\" title=\"Daniel Caballero cumple su objetivo: correr 12 maratones en 12 meses\" alt=\"Daniel Caballero cumple su objetivo: correr 12 maratones en 12 meses\" width=\"480\" height=\"270\" src=\"https:\/\/fotografias.antena3.com\/clipping\/cmsimages01\/2025\/01\/03\/00BFD35D-F4CA-48B6-98F1-A797ED864AC6\/daniel-caballero-cumple-objetivo-correr-12-maratones-12-meses_70.jpg?crop=1280,720,x0,y0&amp;width=480&amp;height=270&amp;optimize=high&amp;format=webply\" loading=\"lazy\" class=\"lazy\"\/><br \/>\n  <\/source><\/source><\/source><\/source><\/picture>\n <\/div>\n<\/div><\/div>\n<\/p><\/div>\n<\/div>\n\n","protected":false},"excerpt":{"rendered":"<p>La Guardia Civil ha encontrado este s\u00e1bado sobre las 13:30 horas el cuerpo sin vida del monta\u00f1ero catal\u00e1n Gerard Oliv\u00e9, que se encontraba desaparecido desde el pasado 31 de diciembre, en una zona de dif\u00edcil acceso del valle de Salenques, en el t\u00e9rmino municipal de Montanuy (Huesca). \u00abGerard nos dej\u00f3 inesperadamente mientras hac\u00eda una de &hellip;<\/p>\n","protected":false},"author":1,"featured_media":9065,"comment_status":"open","ping_status":"open","sticky":false,"template":"","format":"standard","meta":{"fifu_image_url":"https:\/\/fotografias.antena3.com\/clipping\/cmsimages01\/2025\/01\/04\/DBA6F83F-4BDA-4EFD-8EC0-20C31E06C589\/montanero-gerard-olive_69.jpg?crop=1007,566,x0,y0&width=1280&height=720&optimize=low&format=jpg","fifu_image_alt":"","footnotes":""},"categories":[6],"tags":[],"class_list":["post-9063","post","type-post","status-publish","format-standard","has-post-thumbnail","","category-deportes"],"_links":{"self":[{"href":"https:\/\/noticiasveraces.com\/index.php?rest_route=\/wp\/v2\/posts\/9063","targetHints":{"allow":["GET"]}}],"collection":[{"href":"https:\/\/noticiasveraces.com\/index.php?rest_route=\/wp\/v2\/posts"}],"about":[{"href":"https:\/\/noticiasveraces.com\/index.php?rest_route=\/wp\/v2\/types\/post"}],"author":[{"embeddable":true,"href":"https:\/\/noticiasveraces.com\/index.php?rest_route=\/wp\/v2\/users\/1"}],"replies":[{"embeddable":true,"href":"https:\/\/noticiasveraces.com\/index.php?rest_route=%2Fwp%2Fv2%2Fcomments&post=9063"}],"version-history":[{"count":0,"href":"https:\/\/noticiasveraces.com\/index.php?rest_route=\/wp\/v2\/posts\/9063\/revisions"}],"wp:featuredmedia":[{"embeddable":true,"href":"https:\/\/noticiasveraces.com\/index.php?rest_route=\/wp\/v2\/media\/9065"}],"wp:attachment":[{"href":"https:\/\/noticiasveraces.com\/index.php?rest_route=%2Fwp%2Fv2%2Fmedia&parent=9063"}],"wp:term":[{"taxonomy":"category","embeddable":true,"href":"https:\/\/noticiasveraces.com\/index.php?rest_route=%2Fwp%2Fv2%2Fcategories&post=9063"},{"taxonomy":"post_tag","embeddable":true,"href":"https:\/\/noticiasveraces.com\/index.php?rest_route=%2Fwp%2Fv2%2Ftags&post=9063"}],"curies":[{"name":"wp","href":"https:\/\/api.w.org\/{rel}","templated":true}]}}