{"id":9035,"date":"2025-01-04T11:24:26","date_gmt":"2025-01-04T15:24:26","guid":{"rendered":"https:\/\/noticiasveraces.com\/?p=9035"},"modified":"2025-01-04T11:24:26","modified_gmt":"2025-01-04T15:24:26","slug":"canciller-aleman-condena-declaraciones-erraticas-de-musk-dw-01-04-2025","status":"publish","type":"post","link":"https:\/\/noticiasveraces.com\/?p=9035","title":{"rendered":"Canciller alem\u00e1n condena \u00abdeclaraciones err\u00e1ticas\u00bb de Musk \u2013 DW \u2013 01\/04\/2025"},"content":{"rendered":"<p> \n<\/p>\n<div>\n<p>El canciller de Alemania, el socialdem\u00f3crata Olaf Scholz, conden\u00f3 las \u00abdeclaraciones err\u00e1ticas\u00bb de Elon Musk as\u00ed como el apoyo del multimillonario estadounidense al partido de ultraderecha AfD, en una entrevista publicada este s\u00e1bado (01.04.2025) por el semanario alem\u00e1n <em>Popa<\/em>. Al mismo tiempo, el dirigente alem\u00e1n llam\u00f3 a mantener la calma ante las declaraciones del empresario.<\/p>\n<p>\u00abEn Alemania, todo est\u00e1 sucediendo de acuerdo a la voluntad de los ciudadanos, y no de acuerdo a las declaraciones err\u00e1ticas de un multimillonario estadounidense\u00bb, declar\u00f3 el dirigente alem\u00e1n, a un mes y medio de las elecciones parlamentarias anticipadas previstas para el pr\u00f3ximo 23. de febrero. Agreg\u00f3 que no hay \u00abnada nuevo\u201d en las palabras de \u00abun rico empresario de los medios que no aprecia las pol\u00edticas socialdem\u00f3cratas\u201d.<\/p>\n<p>Scholz abog\u00f3 por mantener la calma frente a los dichos de Musk, due\u00f1o de X (Twitter) y muy cercano al presidente electo estadounidense Donald Trump, que tal como cita la revista <em>Popa<\/em>llam\u00f3 a Scholz \u00abloco\u00bb a principios de noviembre y luego \u00abimb\u00e9cil incompetente\u00bb el 20 de diciembre antes de atacar al presidente alem\u00e1n Frank-Walter Steinmeier, a quien tild\u00f3 de \u00abtirano\u00bb.<\/p>\n<h2>Hay cosas m\u00e1s problem\u00e1ticas<\/h2>\n<p>El canciller alem\u00e1n considera que el apoyo de Musk a la AfD, \u00abun partido que aboga por un acercamiento a la Rusia de Putin y quiere el debilitamiento de los lazos transatl\u00e1nticos\u00bb, es \u00abmucho m\u00e1s problem\u00e1tico que estos insultos\u00bb. \u00abEl presidente alem\u00e1n no es un tirano antidemocr\u00e1tico y Alemania es una democracia fuerte y estable, diga lo que diga el se\u00f1or Musk\u00bb, subray\u00f3 el canciller.<\/p>\n<p>Cuando la revista <em>Popa<\/em> Cuando se le pregunt\u00f3 si planeaba invitar a Musk a una discusi\u00f3n, Scholz respondi\u00f3: \u00abNo creo que haya que tratar de ganarse el favor del se\u00f1or Musk. Eso se lo dejo a otros\u00bb. El canciller alem\u00e1n dijo que se reuni\u00f3 con Musk en marzo de 2022, en la inauguraci\u00f3n de la f\u00e1brica de Tesla en Brandeburgo, cerca de Berl\u00edn, en un \u00abmomento en que la AfD local protestaba contra su establecimiento\u00bb en ese lugar.<\/p>\n<p>Alemania pas\u00f3 a ser uno de los \u00faltimos blancos en Europa de los ataques de Musk, que busca proyectar su influencia en beneficio de la extrema derecha, especialmente en Reino Unido, y arremete tambi\u00e9n contra la Comisi\u00f3n Europea.<\/p>\n<p>DZC (AFP, AP)<\/p>\n<\/div>\n\n","protected":false},"excerpt":{"rendered":"<p>El canciller de Alemania, el socialdem\u00f3crata Olaf Scholz, conden\u00f3 las \u00abdeclaraciones err\u00e1ticas\u00bb de Elon Musk as\u00ed como el apoyo del multimillonario estadounidense al partido de ultraderecha AfD, en una entrevista publicada este s\u00e1bado (01.04.2025) por el semanario alem\u00e1n Popa. Al mismo tiempo, el dirigente alem\u00e1n llam\u00f3 a mantener la calma ante las declaraciones del empresario. &hellip;<\/p>\n","protected":false},"author":1,"featured_media":9036,"comment_status":"open","ping_status":"open","sticky":false,"template":"","format":"standard","meta":{"fifu_image_url":"https:\/\/static.dw.com\/image\/71216407_6.jpg","fifu_image_alt":"","footnotes":""},"categories":[13],"tags":[],"class_list":["post-9035","post","type-post","status-publish","format-standard","has-post-thumbnail","","category-mundo"],"_links":{"self":[{"href":"https:\/\/noticiasveraces.com\/index.php?rest_route=\/wp\/v2\/posts\/9035","targetHints":{"allow":["GET"]}}],"collection":[{"href":"https:\/\/noticiasveraces.com\/index.php?rest_route=\/wp\/v2\/posts"}],"about":[{"href":"https:\/\/noticiasveraces.com\/index.php?rest_route=\/wp\/v2\/types\/post"}],"author":[{"embeddable":true,"href":"https:\/\/noticiasveraces.com\/index.php?rest_route=\/wp\/v2\/users\/1"}],"replies":[{"embeddable":true,"href":"https:\/\/noticiasveraces.com\/index.php?rest_route=%2Fwp%2Fv2%2Fcomments&post=9035"}],"version-history":[{"count":0,"href":"https:\/\/noticiasveraces.com\/index.php?rest_route=\/wp\/v2\/posts\/9035\/revisions"}],"wp:featuredmedia":[{"embeddable":true,"href":"https:\/\/noticiasveraces.com\/index.php?rest_route=\/wp\/v2\/media\/9036"}],"wp:attachment":[{"href":"https:\/\/noticiasveraces.com\/index.php?rest_route=%2Fwp%2Fv2%2Fmedia&parent=9035"}],"wp:term":[{"taxonomy":"category","embeddable":true,"href":"https:\/\/noticiasveraces.com\/index.php?rest_route=%2Fwp%2Fv2%2Fcategories&post=9035"},{"taxonomy":"post_tag","embeddable":true,"href":"https:\/\/noticiasveraces.com\/index.php?rest_route=%2Fwp%2Fv2%2Ftags&post=9035"}],"curies":[{"name":"wp","href":"https:\/\/api.w.org\/{rel}","templated":true}]}}