{"id":8983,"date":"2025-01-04T01:55:11","date_gmt":"2025-01-04T05:55:11","guid":{"rendered":"https:\/\/noticiasveraces.com\/?p=8983"},"modified":"2025-01-04T01:55:11","modified_gmt":"2025-01-04T05:55:11","slug":"son-los-ultimos-seis-meses","status":"publish","type":"post","link":"https:\/\/noticiasveraces.com\/?p=8983","title":{"rendered":"\u00abSon los \u00faltimos seis meses\u00bb"},"content":{"rendered":"<p> \n<\/p>\n<div id=\"intext\">\n<p>Mohamed Salah, en entrevista con Sky Sports este viernes, ha despejado todas las dudas con respecto a su renovaci\u00f3n con el Liverpool y confirma que la presente ser\u00e1 su \u00faltima temporada como <i>rojo<\/i>: \u00abQuiero ganar esta Premier League&#8230; ya que ser\u00e1 mi \u00faltimo a\u00f1o en el club. Quiero darle este regalo especial al club ya la ciudad\u00bb.<\/p>\n<p>La renovaci\u00f3n de Salah es un asunto recurrente en el Liverpool, pese a que el 1 de septiembre de 2024 <b>ya habia dicho esto mismo<\/b> tras un partido de Premier League ante el United, precisamente el rival de este pr\u00f3ximo domingo: \u00ab\u00c9sta ser\u00e1 mi \u00faltima temporada en el Pool\u00bb, dijo en aquel momento, algo que ha ratificado hoy.<\/p>\n<p>Cuando se le pregunt\u00f3 si realmente cree que esta es su \u00faltima temporada en el club, contest\u00f3: \u00abHasta ahora, s\u00ed. Son los \u00faltimos seis meses. No hay progresos ah\u00ed. Estamos muy lejos de cualquier progreso. As\u00ed que s\u00f3lo tenemos que esperar y ver\u00bb.<\/p>\n<p>\u200b<\/p>\n<p>El delantero de 32 a\u00f1os es el m\u00e1ximo goleador de la Premier con 17 goles, a los que hay que sumar 13 asistencias. El egipcio acaba contrato en seis meses, el pr\u00f3ximo junio de 2025.<\/p>\n<p>\u200b<\/p>\n<p>\u200b\u00bbEn mis entrevistas de los \u00faltimos siete u ocho a\u00f1os, siempre dije que quiero ganar la Champions League. Pero esta es la primera vez que digo que realmente quiero ganar la Premier League con el Liverpool. Esperamos ese t\u00edtulo durante aproximadamente 30 a\u00f1os para ganarlo y era la pandemia&#8230; y no tuvimos tiempo de celebrarlo de la manera correcta Ojal\u00e1 podamos hacerlo este a\u00f1o\u00bb, dijo en la entrevista con Sky Sports.<\/p>\n<h2 class=\"title-h2\">Trent Alexander-Arnold<\/h2>\n<p>Otro futbolista <i>rojo <\/i>que acaba contrato el pr\u00f3ximo verano es el lateral Trent Alexander-Arnold. Su t\u00e9cnico, Arne Slot, asegura no obstante que el jugador est\u00e1 \u00abtotalmente comprometido\u00bb con el club ingl\u00e9s pese a las \u00faltimas noticias de esta semana sobre el <b>acercamiento del Real Madrid por su contrataci\u00f3n<\/b>.<\/p>\n<p>\u00abPuedo deciros que jugar\u00e1 el domingo y espero que ofrezca el mismo rendimiento que en el \u00faltimo medio a\u00f1o, porque todo el mundo ha visto la gran primera mitad de temporada que ha tenido, lo mucho que est\u00e1 aqu\u00ed y que quiere ganar aqu\u00ed\u00bb, apunt\u00f3 el t\u00e9cnico neerland\u00e9s en rueda de prensa.<\/p>\n<p>El entrenador del l\u00edder de la Premier ha conversado con el internacional estos d\u00edas, pero a pesar de entender \u00abperfectamente la pregunta y el por qu\u00e9\u00bb, eludi\u00f3 desvelar el contenido de esta charla. \u00abEstas conversaciones nunca las he compartido, ni sobre Trent, ni sobre ning\u00fan otro, sobre lo que hablo con ellos\u00bb, zanj\u00f3.<\/p>\n<p>\u00abFue una conversaci\u00f3n como muchas otras que tuvimos Trent y yo, as\u00ed que dej\u00e9moslo ah\u00ed. Le veo en el campo de entrenamiento todos los d\u00edas dej\u00e1ndose la piel. Est\u00e1 totalmente comprometido con nosotros y jugar\u00e1 el domingo\u00bb, reiter\u00f3 Slot, que siempre ha dejado. la responsabilidad de las negociaciones contractuales y los traspasos al director deportivo, Richard Hughes.<\/p>\n<p>\u00abSi desestabilizara a los jugadores del Liverpool que otros hablaran de ellos, entonces s\u00ed que tendr\u00edamos un problema, porque si juegas en uno de los clubes m\u00e1s grandes del mundo, todo el mundo est\u00e1 siempre hablando de ti, a veces en relaci\u00f3n con otros clubes\u00bb , afirm\u00f3.<\/p>\n<h2 class=\"title-h2\">Posible inter\u00e9s blanco<\/h2>\n<p>El preparador neerland\u00e9s asegur\u00f3 que el jugador de 26 a\u00f1os, que termina contrato en julio, no est\u00e1 en venta a pesar del posible inter\u00e9s del Real Madrid, el cual no cree que tenga un efecto desestabilizador.<\/p>\n<p>\u00abEso les pasa muchas veces a nuestros jugadores, as\u00ed que si eso les desestabiliza entonces s\u00ed que habr\u00edamos tenido un problema, no s\u00f3lo ahora sino en los \u00faltimos seis meses, porque hubo algunas conversaciones sobre nuestros jugadores en los \u00faltimos seis meses y no creo que les desestabilizara en absoluto\u00bb, apostill\u00f3.<\/p>\n<div class=\"recirculation-video\" data-mod=\"a3mod_recirculation_video\">\n<div class=\"recirculation-video-wrapper\">\n<div>\n<div class=\"video-wrapper\">\n  <picture class=\"video-main-picture\"><source media=\"(min-width: 481px)\" srcset=\"https:\/\/fotografias.antena3.com\/clipping\/cmsimages01\/2025\/01\/01\/4FA4D097-2A3A-48A1-8681-536A0F99BBB1\/dani-olmo-conduciendo-balon_94.jpg?crop=3495,1966,x0,y0&amp;width=800&amp;height=450&amp;optimize=medium&amp;format=webply\" width=\"800\" height=\"450\"><source media=\"(min-width: 391px) and (max-width: 480px)\" srcset=\"https:\/\/fotografias.antena3.com\/clipping\/cmsimages01\/2025\/01\/01\/4FA4D097-2A3A-48A1-8681-536A0F99BBB1\/dani-olmo-conduciendo-balon_70.jpg?crop=3495,1966,x0,y0&amp;width=480&amp;height=270&amp;optimize=high&amp;format=webply\" width=\"480\" height=\"270\"><source media=\"(min-width: 321px) and (max-width: 390px)\" srcset=\"https:\/\/fotografias.antena3.com\/clipping\/cmsimages01\/2025\/01\/01\/4FA4D097-2A3A-48A1-8681-536A0F99BBB1\/dani-olmo-conduciendo-balon_92.jpg?crop=3495,1963,x0,y0&amp;width=390&amp;height=219&amp;optimize=high&amp;format=webply\" width=\"390\" height=\"219\"><source media=\"(max-width: 320px)\" srcset=\"https:\/\/fotografias.antena3.com\/clipping\/cmsimages01\/2025\/01\/01\/4FA4D097-2A3A-48A1-8681-536A0F99BBB1\/dani-olmo-conduciendo-balon_52.jpg?crop=3495,1966,x0,y0&amp;width=320&amp;height=180&amp;optimize=high&amp;format=webply\" width=\"320\" height=\"180\"><img decoding=\"async\" title=\"Dani Olmo conduciendo un bal\u00f3n\" alt=\"Dani Olmo conduciendo un bal\u00f3n\" width=\"480\" height=\"270\" src=\"https:\/\/fotografias.antena3.com\/clipping\/cmsimages01\/2025\/01\/01\/4FA4D097-2A3A-48A1-8681-536A0F99BBB1\/dani-olmo-conduciendo-balon_70.jpg?crop=3495,1966,x0,y0&amp;width=480&amp;height=270&amp;optimize=high&amp;format=webply\" loading=\"lazy\" class=\"lazy\"\/><br \/>\n  <\/source><\/source><\/source><\/source><\/picture>\n <\/div>\n<\/div><\/div>\n<\/p><\/div>\n<\/div>\n\n","protected":false},"excerpt":{"rendered":"<p>Mohamed Salah, en entrevista con Sky Sports este viernes, ha despejado todas las dudas con respecto a su renovaci\u00f3n con el Liverpool y confirma que la presente ser\u00e1 su \u00faltima temporada como rojo: \u00abQuiero ganar esta Premier League&#8230; ya que ser\u00e1 mi \u00faltimo a\u00f1o en el club. Quiero darle este regalo especial al club ya &hellip;<\/p>\n","protected":false},"author":1,"featured_media":8985,"comment_status":"open","ping_status":"open","sticky":false,"template":"","format":"standard","meta":{"fifu_image_url":"https:\/\/fotografias.antena3.com\/clipping\/cmsimages01\/2024\/11\/25\/926A0563-DB42-40ED-B42D-248E46FC13F7\/mohamed-salah-liverpool_69.jpg?crop=2681,1508,x0,y0&width=1280&height=720&optimize=low&format=jpg","fifu_image_alt":"","footnotes":""},"categories":[6],"tags":[],"class_list":["post-8983","post","type-post","status-publish","format-standard","has-post-thumbnail","","category-deportes"],"_links":{"self":[{"href":"https:\/\/noticiasveraces.com\/index.php?rest_route=\/wp\/v2\/posts\/8983","targetHints":{"allow":["GET"]}}],"collection":[{"href":"https:\/\/noticiasveraces.com\/index.php?rest_route=\/wp\/v2\/posts"}],"about":[{"href":"https:\/\/noticiasveraces.com\/index.php?rest_route=\/wp\/v2\/types\/post"}],"author":[{"embeddable":true,"href":"https:\/\/noticiasveraces.com\/index.php?rest_route=\/wp\/v2\/users\/1"}],"replies":[{"embeddable":true,"href":"https:\/\/noticiasveraces.com\/index.php?rest_route=%2Fwp%2Fv2%2Fcomments&post=8983"}],"version-history":[{"count":0,"href":"https:\/\/noticiasveraces.com\/index.php?rest_route=\/wp\/v2\/posts\/8983\/revisions"}],"wp:featuredmedia":[{"embeddable":true,"href":"https:\/\/noticiasveraces.com\/index.php?rest_route=\/wp\/v2\/media\/8985"}],"wp:attachment":[{"href":"https:\/\/noticiasveraces.com\/index.php?rest_route=%2Fwp%2Fv2%2Fmedia&parent=8983"}],"wp:term":[{"taxonomy":"category","embeddable":true,"href":"https:\/\/noticiasveraces.com\/index.php?rest_route=%2Fwp%2Fv2%2Fcategories&post=8983"},{"taxonomy":"post_tag","embeddable":true,"href":"https:\/\/noticiasveraces.com\/index.php?rest_route=%2Fwp%2Fv2%2Ftags&post=8983"}],"curies":[{"name":"wp","href":"https:\/\/api.w.org\/{rel}","templated":true}]}}