{"id":8977,"date":"2025-01-04T01:06:27","date_gmt":"2025-01-04T05:06:27","guid":{"rendered":"https:\/\/noticiasveraces.com\/?p=8977"},"modified":"2025-01-04T01:06:27","modified_gmt":"2025-01-04T05:06:27","slug":"juez-rechaza-la-solicitud-del-acusado-del-6-de-enero-para-asistir-a-la-toma-de-posesion-de-trump","status":"publish","type":"post","link":"https:\/\/noticiasveraces.com\/?p=8977","title":{"rendered":"Juez rechaza la solicitud del acusado del 6 de enero para asistir a la toma de posesi\u00f3n de Trump"},"content":{"rendered":"<p> \n<\/p>\n<div>\n<p class=\"\">WASHINGTON \u2013 Un juez rechaz\u00f3 una solicitud de un acusado del 6 de enero para asistir a la toma de posesi\u00f3n del presidente electo Donald Trump despu\u00e9s de que el hombre fuera invitado por un ex miembro del Congreso, seg\u00fan una orden judicial publicada el viernes.<\/p>\n<p class=\"\">El acusado, Russell Taylor, fue acusado de organizar un grupo de \u00abluchadores\u00bb para viajar a DC el 6 de enero de 2021. En 2023, se declar\u00f3 culpable de obstruir un procedimiento oficial y cooper\u00f3 con el gobierno proporcionando Testimonio contra la milicia Tres Porcentajes.<\/p>\n<p class=\"\">El juez de distrito estadounidense Royce Lamberth dijo en una orden del viernes que \u00abla naturaleza particular y la gravedad de la conducta del Sr. Taylor en los disturbios del Capitolio desaconsejan darle el permiso para viajar que ahora busca\u00bb, repasando una lista de las acciones de Taylor antes y durante el ataque al Capitolio.<\/p>\n<p class=\"\">\u00abAsistir a la toma de posesi\u00f3n presidencial, que celebra y honra la transferencia pac\u00edfica del poder, es un privilegio inmenso\u00bb, dijo Lamberth.<\/p>\n<p class=\"\">\u00abNo ser\u00eda apropiado que el Tribunal concediera permiso para asistir a un evento tan sagrado a alguien que portaba armas y amenazaba a agentes de polic\u00eda en un intento de frustrar la \u00faltima toma de posesi\u00f3n, y que glorificaba abiertamente &#8216;[i]&#8217;insurrecci\u00f3n&#8217; contra Estados Unidos\u00bb, a\u00f1adi\u00f3.<\/p>\n<p class=\"\">Cuando se le contact\u00f3 para hacer comentarios, el abogado de Taylor, Dyke E. Huish, dijo que Taylor estaba \u00abdecepcionado\u00bb pero que tiene el \u00abmayor respeto\u00bb por el juez y sus decisiones.<\/p>\n<p class=\"\">Lamberth \u00abha seguido tratando a mi cliente con respeto y d\u00e1ndole una consideraci\u00f3n justa\u00bb, dijo Huish en un comunicado. \u00abSi bien este fallo es decepcionante, ya que mi cliente es un gran partidario del presidente electo Trump, entiende que el tribunal haya denegado su solicitud\u00bb.<\/p>\n<p class=\"\">Huish a\u00f1adi\u00f3 que Taylor ver\u00e1 la toma de posesi\u00f3n por televisi\u00f3n en su casa y se\u00f1al\u00f3 que no tienen planes de apelar la decisi\u00f3n del juez.<strong> <\/strong><\/p>\n<p class=\"\">Un portavoz de la oficina del fiscal federal para DC se refiri\u00f3 a presentaciones anteriores de los fiscales. La oficina present\u00f3 una moci\u00f3n en diciembre oponi\u00e9ndose a la solicitud de Taylor de viajar a DC, instando al tribunal a \u00abno pasar por alto su conducta criminal la \u00faltima vez que estuvo en terrenos del Capitolio\u00bb.<\/p>\n<p class=\"\">El ex representante Chris Stewart, republicano por Utah, escribi\u00f3 en una carta de diciembre al juez que \u00e9l y tres miembros actuales de la delegaci\u00f3n del Congreso de Utah estaban invitando a Taylor a la inauguraci\u00f3n, aunque Stewart no especific\u00f3 qu\u00e9 representantes extend\u00edan la invitaci\u00f3n.<\/p>\n<p class=\"\">\u00abMuchos lo admiran, y especialmente aquellos en su comunidad. La pasi\u00f3n de Russ por lo que es correcto y bueno se refleja en sus intenciones de ayudar a otros\u00bb, dijo Stewart en su carta elogiando a Taylor.<\/p>\n<p class=\"\">Huish present\u00f3 una solicitud el 11 de diciembre pidiendo a Lamberth que permitiera a Taylor viajar a Washington para la toma de posesi\u00f3n.<\/p>\n<p class=\"\">En su carta, Huish escribi\u00f3 que Taylor \u00abha cumplido con todas las \u00f3rdenes judiciales y no ha dado ning\u00fan indicio de problema o preocupaci\u00f3n\u00bb, y agreg\u00f3 que Taylor \u00abha demostrado una y otra vez que es digno de confianza en sus viajes\u00bb.<\/p>\n<p class=\"\">La sentencia de Taylor requer\u00eda que obtuviera permiso antes de abandonar partes de California, donde vive. Taylor hab\u00eda sido sentenciada a per\u00edodos de libertad condicional y reclusi\u00f3n domiciliaria.<\/p>\n<p class=\"\">En su orden del viernes, Lamberth se\u00f1al\u00f3 que Taylor hab\u00eda asumido \u00abla responsabilidad de sus acciones y brindado amplia asistencia al Gobierno\u00bb, ambas razones para su sentencia m\u00e1s leve en comparaci\u00f3n con las de otros acusados \u200b\u200bdel 6 de enero.<\/p>\n<p class=\"\">\u00abPero la cooperaci\u00f3n y la buena conducta del se\u00f1or Taylor mientras estaba en libertad condicional no disminuyen la gravedad de sus actos del 6 de enero de 2021, que admiti\u00f3 voluntariamente, ni le dan derecho al permiso que ahora busca\u00bb, dijo Lamberth.<\/p>\n<p class=\"endmark\">Taylor no es el \u00fanico acusado del 6 de enero que pidi\u00f3 permiso para viajar a la inauguraci\u00f3n. Otros acusados \u200b\u200bque han presentado solicitudes incluyen a Christopher Belliveau, cuya solicitud fue denegada; Eric Peterson, cuya solicitud fue concedida; y William Pope, quien a\u00fan no ha recibido una decisi\u00f3n sobre su solicitud, seg\u00fan registros judiciales.<\/p>\n<\/div>\n<div>\n<div class=\"expanded-byline-contributors articleBylineContainer\">\n<div class=\"expanded-byline article-expanded-byline\" data-activity-map=\"expanded-byline-article-bottom\">\n<div class=\"byline-thumbnail byline-thumbnail--has-image expanded-byline__thumbnail\" data-testid=\"byline-thumbnail\"><picture data-testid=\"picture\"><source media=\"(min-width: 320px)\" srcset=\"https:\/\/media-cldnry.s-nbcnews.com\/image\/upload\/t_focal-60x60,f_avif,q_auto:eco,dpr_2\/newscms\/2024_26\/3653107\/240627-megan-lebowitz.jpg 2x, https:\/\/media-cldnry.s-nbcnews.com\/image\/upload\/t_focal-60x60,f_auto,q_auto:best\/newscms\/2024_26\/3653107\/240627-megan-lebowitz.jpg 1x\"\/><img decoding=\"async\" loading=\"lazy\" src=\"https:\/\/media-cldnry.s-nbcnews.com\/image\/upload\/t_focal-60x60,f_auto,q_auto:best\/newscms\/2024_26\/3653107\/240627-megan-lebowitz.jpg\" alt=\"\" height=\"48\" width=\"48\"\/><\/picture><\/div>\n<p><span class=\"byline-name expanded-byline__name\" data-testid=\"byline-name\">Megan Lebowitz<\/span><span class=\"byline-social expanded-byline__social\"><span class=\"icon icon-twitter\"\/><span class=\"icon icon-email\"\/><\/span><\/p>\n<div class=\"expanded-byline__bio-wrapper\">\n<p class=\"byline-bio expanded-byline__bio\">Megan Lebowitz es reportera pol\u00edtica de NBC News.<\/p>\n<\/div>\n<\/div>\n<p>Ryan J. Reilly<!-- --> <!-- -->contribuido<!-- -->.<\/p>\n<\/div>\n<\/div>\n\n","protected":false},"excerpt":{"rendered":"<p>WASHINGTON \u2013 Un juez rechaz\u00f3 una solicitud de un acusado del 6 de enero para asistir a la toma de posesi\u00f3n del presidente electo Donald Trump despu\u00e9s de que el hombre fuera invitado por un ex miembro del Congreso, seg\u00fan una orden judicial publicada el viernes. El acusado, Russell Taylor, fue acusado de organizar un &hellip;<\/p>\n","protected":false},"author":1,"featured_media":8979,"comment_status":"open","ping_status":"open","sticky":false,"template":"","format":"standard","meta":{"fifu_image_url":"https:\/\/media-cldnry.s-nbcnews.com\/image\/upload\/t_nbcnews-fp-1200-630,f_auto,q_auto:best\/rockcms\/2025-01\/250103-jan-6-ch-1931-6da7cb.jpg","fifu_image_alt":"","footnotes":""},"categories":[4],"tags":[],"class_list":["post-8977","post","type-post","status-publish","format-standard","has-post-thumbnail","","category-historias-destacadas"],"_links":{"self":[{"href":"https:\/\/noticiasveraces.com\/index.php?rest_route=\/wp\/v2\/posts\/8977","targetHints":{"allow":["GET"]}}],"collection":[{"href":"https:\/\/noticiasveraces.com\/index.php?rest_route=\/wp\/v2\/posts"}],"about":[{"href":"https:\/\/noticiasveraces.com\/index.php?rest_route=\/wp\/v2\/types\/post"}],"author":[{"embeddable":true,"href":"https:\/\/noticiasveraces.com\/index.php?rest_route=\/wp\/v2\/users\/1"}],"replies":[{"embeddable":true,"href":"https:\/\/noticiasveraces.com\/index.php?rest_route=%2Fwp%2Fv2%2Fcomments&post=8977"}],"version-history":[{"count":0,"href":"https:\/\/noticiasveraces.com\/index.php?rest_route=\/wp\/v2\/posts\/8977\/revisions"}],"wp:featuredmedia":[{"embeddable":true,"href":"https:\/\/noticiasveraces.com\/index.php?rest_route=\/wp\/v2\/media\/8979"}],"wp:attachment":[{"href":"https:\/\/noticiasveraces.com\/index.php?rest_route=%2Fwp%2Fv2%2Fmedia&parent=8977"}],"wp:term":[{"taxonomy":"category","embeddable":true,"href":"https:\/\/noticiasveraces.com\/index.php?rest_route=%2Fwp%2Fv2%2Fcategories&post=8977"},{"taxonomy":"post_tag","embeddable":true,"href":"https:\/\/noticiasveraces.com\/index.php?rest_route=%2Fwp%2Fv2%2Ftags&post=8977"}],"curies":[{"name":"wp","href":"https:\/\/api.w.org\/{rel}","templated":true}]}}