{"id":8973,"date":"2025-01-03T23:52:15","date_gmt":"2025-01-04T03:52:15","guid":{"rendered":"https:\/\/noticiasveraces.com\/?p=8973"},"modified":"2025-01-03T23:52:15","modified_gmt":"2025-01-04T03:52:15","slug":"blinken-visita-corea-del-sur-en-medio-de-crisis-politica-dw-01-04-2025","status":"publish","type":"post","link":"https:\/\/noticiasveraces.com\/?p=8973","title":{"rendered":"Blinken visita Corea del Sur en medio de crisis pol\u00edtica \u2013 DW \u2013 01\/04\/2025"},"content":{"rendered":"<p> \n<\/p>\n<div>\n<p>El jefe de la diplomacia de Estados Unidos, Antony Blinken, visitar\u00e1 Corea del Sur la pr\u00f3xima semana, en un contexto de caos pol\u00edtico y mientras su presidente suspendido se resiste a ser detenido, seg\u00fan informaci\u00f3n fuentes oficiales el viernes (01.03.2024).<\/p>\n<p>El Ministerio de Relaciones Exteriores surcoreano inform\u00f3 en un comunicado que el secretario de Estado estadounidense se reunir\u00e1 con su hom\u00f3logo Cho Tae-yul el pr\u00f3ximo lunes.<\/p>\n<p>Corea del Sur es un aliado clave de Estados Unidos en materia de seguridad, pero el pa\u00eds asi\u00e1tico se ha visto sacudido por una crisis desencadenada tras el intento fallido del presidente Yoon Suk Yeol de imponer la ley marcial el 3 de diciembre.<\/p>\n<p>\u00abSe espera que hablen de la alianza entre Corea del Sur y Estados Unidos, la cooperaci\u00f3n entre ambos pa\u00edses y Jap\u00f3n, los problemas de Corea del Norte y los desaf\u00edos regionales y mundiales\u00bb, a\u00f1adi\u00f3 la cartera. <\/p>\n<p>El Departamento de Estado no mencion\u00f3 en su comunicado la situaci\u00f3n pol\u00edtica en Corea del Sur. Blinken abordar\u00e1 \u00ablas maneras en que los dos pa\u00edses pueden continuar construyendo nuestra cooperaci\u00f3n cr\u00edtica sobre los desaf\u00edos en el mundo\u00bb, afirm\u00f3 en un bolet\u00edn.<\/p>\n<h2>Orden de arresto de Yoon expira el lunes<\/h2>\n<p>Los funcionarios que investigan la declaraci\u00f3n de la ley marcial por parte de Yoon intentaron arrestarlo el viernes, pero los guardias de seguridad presidenciales impidieron ejecutar la orden de detenci\u00f3n, la cual expira el 6 de enero, el mismo d\u00eda en que Blinken tiene previsto reunirse con Cho.<\/p>\n<p>En diciembre, el consejero de Seguridad Nacional de la Casa Blanca, Jake Sullivan, afirm\u00f3 que \u00abla democracia de Corea del Sur es robusta y resistente\u00bb. \u00abSeguiremos expres\u00e1ndonos p\u00fablicamente y hablando privadamente con nuestros hom\u00f3logos surcoreanos para destacar la importancia de que esto contin\u00fae\u00bb, dijo.<\/p>\n<p>Yoon sigue siendo el presidente de Corea del Sur, pero est\u00e1 suspendido a la espera de la decisi\u00f3n del Tribunal Constitucional sobre su destituci\u00f3n.<\/p>\n<p>Despu\u00e9s de su viaje a Se\u00fal, Blinken visitar\u00e1 Jap\u00f3n, otro aliado clave de Estados Unidos en Asia, y despu\u00e9s se trasladar\u00e1 a Francia, donde se prev\u00e9 que aborde la guerra en Ucrania y las crisis en el Oriente Medio.<\/p>\n<p>gs (afp, reuters)<\/p>\n<\/div>\n\n","protected":false},"excerpt":{"rendered":"<p>El jefe de la diplomacia de Estados Unidos, Antony Blinken, visitar\u00e1 Corea del Sur la pr\u00f3xima semana, en un contexto de caos pol\u00edtico y mientras su presidente suspendido se resiste a ser detenido, seg\u00fan informaci\u00f3n fuentes oficiales el viernes (01.03.2024). El Ministerio de Relaciones Exteriores surcoreano inform\u00f3 en un comunicado que el secretario de Estado &hellip;<\/p>\n","protected":false},"author":1,"featured_media":8974,"comment_status":"open","ping_status":"open","sticky":false,"template":"","format":"standard","meta":{"fifu_image_url":"https:\/\/static.dw.com\/image\/71207226_6.jpg","fifu_image_alt":"","footnotes":""},"categories":[13],"tags":[],"class_list":["post-8973","post","type-post","status-publish","format-standard","has-post-thumbnail","","category-mundo"],"_links":{"self":[{"href":"https:\/\/noticiasveraces.com\/index.php?rest_route=\/wp\/v2\/posts\/8973","targetHints":{"allow":["GET"]}}],"collection":[{"href":"https:\/\/noticiasveraces.com\/index.php?rest_route=\/wp\/v2\/posts"}],"about":[{"href":"https:\/\/noticiasveraces.com\/index.php?rest_route=\/wp\/v2\/types\/post"}],"author":[{"embeddable":true,"href":"https:\/\/noticiasveraces.com\/index.php?rest_route=\/wp\/v2\/users\/1"}],"replies":[{"embeddable":true,"href":"https:\/\/noticiasveraces.com\/index.php?rest_route=%2Fwp%2Fv2%2Fcomments&post=8973"}],"version-history":[{"count":0,"href":"https:\/\/noticiasveraces.com\/index.php?rest_route=\/wp\/v2\/posts\/8973\/revisions"}],"wp:featuredmedia":[{"embeddable":true,"href":"https:\/\/noticiasveraces.com\/index.php?rest_route=\/wp\/v2\/media\/8974"}],"wp:attachment":[{"href":"https:\/\/noticiasveraces.com\/index.php?rest_route=%2Fwp%2Fv2%2Fmedia&parent=8973"}],"wp:term":[{"taxonomy":"category","embeddable":true,"href":"https:\/\/noticiasveraces.com\/index.php?rest_route=%2Fwp%2Fv2%2Fcategories&post=8973"},{"taxonomy":"post_tag","embeddable":true,"href":"https:\/\/noticiasveraces.com\/index.php?rest_route=%2Fwp%2Fv2%2Ftags&post=8973"}],"curies":[{"name":"wp","href":"https:\/\/api.w.org\/{rel}","templated":true}]}}