{"id":8967,"date":"2025-01-03T20:45:11","date_gmt":"2025-01-04T00:45:11","guid":{"rendered":"https:\/\/noticiasveraces.com\/?p=8967"},"modified":"2025-01-03T20:45:11","modified_gmt":"2025-01-04T00:45:11","slug":"von-der-leyen-cancela-viajes-por-una-grave-neumonia-dw-01-04-2025","status":"publish","type":"post","link":"https:\/\/noticiasveraces.com\/?p=8967","title":{"rendered":"Von der Leyen cancela viajes por una \u00abgrave neumon\u00eda\u00bb \u2013 DW \u2013 01\/04\/2025"},"content":{"rendered":"<p> \n<\/p>\n<div>\n<p>La presidenta de la Comisi\u00f3n Europea, Ursula von der Leyen, cancel\u00f3 sus viajes previstos durante las dos primeras semanas del a\u00f1o por una neumon\u00eda \u00abgrave\u00bb, inform\u00f3 el viernes (01.03.2025) fuentes comunitarias.<\/p>\n<p>\u00abLa presidenta ha cancelado sus compromisos exteriores durante las dos primeras semanas de enero. Tiene una neumon\u00eda grave\u00bb, afirm\u00f3 el portavoz Stefan de Keersmaecker.<\/p>\n<p>\u00abLos compromisos cancelados incluyen un discurso en Lisboa y el viaje previsto a Gdansk por motivo del lanzamiento de la presidencia polaca del Consejo (de la Uni\u00f3n Europea), que tendr\u00e1 lugar en un momento posterior\u00bb, a\u00f1adi\u00f3.<\/p>\n<p>Von der Leyen, de 66 a\u00f1os, acaba de comenzar su segundo mandato al frente del Ejecutivo comunitario para una nueva legislatura que comenz\u00f3 el pasado 1 de diciembre.<\/p>\n<p>gs (efe, afp, ap)<\/p>\n<\/div>\n\n","protected":false},"excerpt":{"rendered":"<p>La presidenta de la Comisi\u00f3n Europea, Ursula von der Leyen, cancel\u00f3 sus viajes previstos durante las dos primeras semanas del a\u00f1o por una neumon\u00eda \u00abgrave\u00bb, inform\u00f3 el viernes (01.03.2025) fuentes comunitarias. \u00abLa presidenta ha cancelado sus compromisos exteriores durante las dos primeras semanas de enero. Tiene una neumon\u00eda grave\u00bb, afirm\u00f3 el portavoz Stefan de Keersmaecker. &hellip;<\/p>\n","protected":false},"author":1,"featured_media":8968,"comment_status":"open","ping_status":"open","sticky":false,"template":"","format":"standard","meta":{"fifu_image_url":"https:\/\/static.dw.com\/image\/71101331_6.jpg","fifu_image_alt":"","footnotes":""},"categories":[13],"tags":[],"class_list":["post-8967","post","type-post","status-publish","format-standard","has-post-thumbnail","","category-mundo"],"_links":{"self":[{"href":"https:\/\/noticiasveraces.com\/index.php?rest_route=\/wp\/v2\/posts\/8967","targetHints":{"allow":["GET"]}}],"collection":[{"href":"https:\/\/noticiasveraces.com\/index.php?rest_route=\/wp\/v2\/posts"}],"about":[{"href":"https:\/\/noticiasveraces.com\/index.php?rest_route=\/wp\/v2\/types\/post"}],"author":[{"embeddable":true,"href":"https:\/\/noticiasveraces.com\/index.php?rest_route=\/wp\/v2\/users\/1"}],"replies":[{"embeddable":true,"href":"https:\/\/noticiasveraces.com\/index.php?rest_route=%2Fwp%2Fv2%2Fcomments&post=8967"}],"version-history":[{"count":0,"href":"https:\/\/noticiasveraces.com\/index.php?rest_route=\/wp\/v2\/posts\/8967\/revisions"}],"wp:featuredmedia":[{"embeddable":true,"href":"https:\/\/noticiasveraces.com\/index.php?rest_route=\/wp\/v2\/media\/8968"}],"wp:attachment":[{"href":"https:\/\/noticiasveraces.com\/index.php?rest_route=%2Fwp%2Fv2%2Fmedia&parent=8967"}],"wp:term":[{"taxonomy":"category","embeddable":true,"href":"https:\/\/noticiasveraces.com\/index.php?rest_route=%2Fwp%2Fv2%2Fcategories&post=8967"},{"taxonomy":"post_tag","embeddable":true,"href":"https:\/\/noticiasveraces.com\/index.php?rest_route=%2Fwp%2Fv2%2Ftags&post=8967"}],"curies":[{"name":"wp","href":"https:\/\/api.w.org\/{rel}","templated":true}]}}