{"id":8928,"date":"2025-01-03T15:24:30","date_gmt":"2025-01-03T19:24:30","guid":{"rendered":"https:\/\/noticiasveraces.com\/?p=8928"},"modified":"2025-01-03T15:24:30","modified_gmt":"2025-01-03T19:24:30","slug":"los-conservadores-resisten-el-tono-ante-las-elecciones-dw-01-03-2025","status":"publish","type":"post","link":"https:\/\/noticiasveraces.com\/?p=8928","title":{"rendered":"Los conservadores resisten el tono ante las elecciones \u2013 DW \u2013 01\/03\/2025"},"content":{"rendered":"<p> \n<\/p>\n<div>\n<p>El partido Uni\u00f3n Cristianosocial (CSU) s\u00f3lo existe como tal en Baviera. En su programa, persigue b\u00e1sicamente los mismos objetivos que la Uni\u00f3n Dem\u00f3crata Cristiana (CDU), que act\u00faa pol\u00edticamente en los otros 15 de los 16 estados federados de Alemania. Por eso, a la CSU tambi\u00e9n se le llama la hermana peque\u00f1a de la gran CDU y ambos se ven as\u00ed. Debido a su visi\u00f3n muy similar del mundo, han formado durante d\u00e9cadas un grupo parlamentario com\u00fan en el Parlamento alem\u00e1n.<\/p>\n<p>Su gran objetivo en las elecciones generales anticipadas del pr\u00f3ximo 23 de febrero es sustituir al Partido Socialdem\u00f3crata de Alemania (SPD) ya su canciller Olaf Scholz al frente del gobierno. Las posibilidades de que esto suceda son buenas: en las encuestas alemanas de diciembre, los partidos CDU\/CSU recibieron el doble de apoyo que el SPD, con un 32 por ciento. Todos los dem\u00e1s partidos tambi\u00e9n est\u00e1n muy por detr\u00e1s.<\/p>\n<h2>Tema de la campa\u00f1a electoral: el ataque al mercado navide\u00f1o de Magdeburgo<\/h2>\n<p>Un tema importante en la campa\u00f1a electoral es el largo y controvertido debate sobre la migraci\u00f3n. Despu\u00e9s del fatal atentado en un mercado navide\u00f1o en Magdeburgo (Sajonia-Anhalt) poco antes de Nochebuena, el estado de \u00e1nimo y el tono empeoraron a\u00fan m\u00e1s. El sospechoso proviene de Arabia Saudita y habr\u00eda anunciado varias veces un ataque en las redes sociales. En este contexto, todos los partidos, a excepci\u00f3n de La Izquierda, piden una pol\u00edtica migratoria m\u00e1s estricta.<\/p>\n<p>Seg\u00fan los medios b\u00e1varos, el CSU tiene ideas de gran alcance. \u201cQuien quiera vivir con nosotros permanentemente tambi\u00e9n debe ofrecer prestaciones a largo plazo y no puede reclamar beneficios permanentes\u201d, expresaron en un documento sobre la migraci\u00f3n.<\/p>\n<p>Con esta exigencia, la CSU va m\u00e1s all\u00e1 de lo que decidi\u00f3 junto con la CDU en el programa para las elecciones federales: \u00abEn general, las prestaciones en productos deben tener prioridad, siempre que sea posible, sobre las prestaciones en efectivo. La tarjeta de pago para migrantes deber\u00eda introducirse de forma integral y restrictiva en todos los estados federados\u201d, propone.<\/p>\n<p>El jurista Volker Boehme-Ne\u00dfler, de la Universidad de Oldenburgo, considera que la iniciativa del CSU no tiene sentido: \u00abQuien vive aqu\u00ed legalmente como refugiado no puede verse privado de su derecho al pago para sobrevivir\u00bb, declar\u00f3 al medio Welt, refiri\u00e9ndose a las leyes alemanas y europeas. Cambiar eso es complicado, porque hay que tener en cuenta una cuesti\u00f3n crucial: \u00abSi alguien est\u00e1 siendo perseguido o necesita protecci\u00f3n\u00bb, recuerda Boehme-Ne\u00dfler.<\/p>\n<p><span data-slot-id=\"Article_InContent-1\" class=\"rich-text-ad\"\/><\/p>\n<h2>Las deportaciones ser\u00edan te\u00f3ricamente m\u00e1s f\u00e1ciles<\/h2>\n<p>El experto ve m\u00e1s posibilidades de \u00e9xito con otra exigencia del documento de la CSU: \u00abQuien comete un delito o comete intencionalmente m\u00faltiples delitos debe abandonar el pa\u00eds\u00bb. En opini\u00f3n de Boehme-Ne\u00dfler, esto ya ser\u00eda legalmente posible. Las leyes aplicables no son en absoluto demasiado indulgentes: \u00abSe podr\u00edan deportar a m\u00e1s personas, pero las deportaciones no se llegan a hacer\u00bb, afirma.<\/p>\n<p>Si el CSU se sale con la suya, la presi\u00f3n sobre los migrantes podr\u00eda aumentar a\u00fan m\u00e1s: cualquiera que no pueda salir del pa\u00eds o no pueda ser deportado deber\u00eda poder permanecer detenido indefinidamente en espera de su deportaci\u00f3n. El jurista considera que estas ideas son populistas: \u00abSe trata de una campa\u00f1a electoral\u00bb, subraya Boehme-Ne\u00dfler. La cuesti\u00f3n del abuso migratorio y la migraci\u00f3n ilegal ocupa un lugar bastante importante en las agendas de la gente. \u00abPero desde una perspectiva jur\u00eddica y humanitaria es un problema\u00bb, insiste el analista.<\/p>\n<h2>El CSU quiere quitarle un tema a la AfD<\/h2>\n<p>El polit\u00f3logo Volker Kronenberg, de la Universidad de Bonn, tambi\u00e9n considera que el documento sobre migraci\u00f3n del CSU es una maniobra de campa\u00f1a electoral. Intenta quitarle un tema importante a la populista y en parte extremista Alternativa para Alemania (AfD): la migraci\u00f3n, los refugiados y la seguridad interna.<\/p>\n<p>Sin embargo, Kronenberg no tiene grandes diferencias entre la CSU y la CDU. El programa b\u00e1sico presentado por su candidato conjunto a la canciller\u00eda, Friedrich Merz, ya se apartaba de la pol\u00edtica migratoria de la canciller cristianadem\u00f3crata Angela Merkel, que gobern\u00f3 hasta 2021. En 2015, Merkel permiti\u00f3 la entrada de casi un mill\u00f3n de refugiados, en su la mayor\u00eda procedentes de Siria e Irak.<\/p>\n<p>Pero hay otra raz\u00f3n por la que es probable que los aviones queden en segundo plano despu\u00e9s de las elecciones generales: un gobierno liderado por los partidos CDU y CSU tendr\u00eda que contar con al menos un socio de coalici\u00f3n. Los candidatos m\u00e1s probables ser\u00edan el SPD y los Verdes.<\/p>\n<p>Aunque ambos partidos tambi\u00e9n est\u00e1n a favor de una postura m\u00e1s dura hacia los inmigrantes, las ideas del CSU van demasiado lejos para ellos: \u00abLa CSU se pasa una vez m\u00e1s de la raya y complace a la AfD\u201d, declar\u00f3 al peri\u00f3dico Rheinische Post El pol\u00edtico del SPD, Dirk Wieseal.       <\/p>\n<p>(ct\/er)<\/p>\n<\/div>\n\n","protected":false},"excerpt":{"rendered":"<p>El partido Uni\u00f3n Cristianosocial (CSU) s\u00f3lo existe como tal en Baviera. En su programa, persigue b\u00e1sicamente los mismos objetivos que la Uni\u00f3n Dem\u00f3crata Cristiana (CDU), que act\u00faa pol\u00edticamente en los otros 15 de los 16 estados federados de Alemania. Por eso, a la CSU tambi\u00e9n se le llama la hermana peque\u00f1a de la gran CDU &hellip;<\/p>\n","protected":false},"author":1,"featured_media":8929,"comment_status":"open","ping_status":"open","sticky":false,"template":"","format":"standard","meta":{"fifu_image_url":"https:\/\/static.dw.com\/image\/70818841_6.jpg","fifu_image_alt":"","footnotes":""},"categories":[13],"tags":[],"class_list":["post-8928","post","type-post","status-publish","format-standard","has-post-thumbnail","","category-mundo"],"_links":{"self":[{"href":"https:\/\/noticiasveraces.com\/index.php?rest_route=\/wp\/v2\/posts\/8928","targetHints":{"allow":["GET"]}}],"collection":[{"href":"https:\/\/noticiasveraces.com\/index.php?rest_route=\/wp\/v2\/posts"}],"about":[{"href":"https:\/\/noticiasveraces.com\/index.php?rest_route=\/wp\/v2\/types\/post"}],"author":[{"embeddable":true,"href":"https:\/\/noticiasveraces.com\/index.php?rest_route=\/wp\/v2\/users\/1"}],"replies":[{"embeddable":true,"href":"https:\/\/noticiasveraces.com\/index.php?rest_route=%2Fwp%2Fv2%2Fcomments&post=8928"}],"version-history":[{"count":0,"href":"https:\/\/noticiasveraces.com\/index.php?rest_route=\/wp\/v2\/posts\/8928\/revisions"}],"wp:featuredmedia":[{"embeddable":true,"href":"https:\/\/noticiasveraces.com\/index.php?rest_route=\/wp\/v2\/media\/8929"}],"wp:attachment":[{"href":"https:\/\/noticiasveraces.com\/index.php?rest_route=%2Fwp%2Fv2%2Fmedia&parent=8928"}],"wp:term":[{"taxonomy":"category","embeddable":true,"href":"https:\/\/noticiasveraces.com\/index.php?rest_route=%2Fwp%2Fv2%2Fcategories&post=8928"},{"taxonomy":"post_tag","embeddable":true,"href":"https:\/\/noticiasveraces.com\/index.php?rest_route=%2Fwp%2Fv2%2Ftags&post=8928"}],"curies":[{"name":"wp","href":"https:\/\/api.w.org\/{rel}","templated":true}]}}