{"id":8922,"date":"2025-01-03T13:50:10","date_gmt":"2025-01-03T17:50:10","guid":{"rendered":"https:\/\/noticiasveraces.com\/?p=8922"},"modified":"2025-01-03T13:50:10","modified_gmt":"2025-01-03T17:50:10","slug":"correr-12-maratones-en-12-meses-por-12-tumores","status":"publish","type":"post","link":"https:\/\/noticiasveraces.com\/?p=8922","title":{"rendered":"correr 12 maratones en 12 meses por 12 tumores"},"content":{"rendered":"<p> \n<\/p>\n<div id=\"intext\">\n<p>Daniel Caballero es un hombre de grandes retos: ha completado <b>12 maratones en 12 meses para darle visibilidad a 12 diferentes tipos de c\u00e1ncer<\/b>. La idea de realizar un desaf\u00edo la llevaba pensando varios meses, pero se decidi\u00f3 cuando a su padre le diagnosticaron c\u00e1ncer en julio de 2023.<\/p>\n<p>Al principio iba a correr \u00fanicamente para recaudar fondos para el c\u00e1ncer de pulm\u00f3n, pero tras hablar con la onc\u00f3loga del hospital cambi\u00f3 el plan: \u00abMe coment\u00f3 que hab\u00eda muchos tipos de tumor que no se conoc\u00edan y hab\u00eda gente que se sent\u00eda muy olvidada\u00bb, comenta el deportista.<\/p>\n<h2 class=\"title-h2\">La peor noticia antes de empezar el reto<\/h2>\n<p>Desafortunadamente, tan s\u00f3lo <b>tres d\u00edas antes de empezar el desaf\u00edo su padre falleci\u00f3<\/b>. Por eso, durante el primer marat\u00f3n Caballero quiso dedicarle unas palabras: \u00abAll\u00ed donde est\u00e9s, te quiero mucho y te vamos a echar mucho de menos\u00bb, expres\u00f3 emocionado el atleta.<\/p>\n<p>Reconoce que cuando muri\u00f3 su padre<b> se plante\u00f3 si hacer o no el reto<\/b>pero fue el cari\u00f1o de la gente lo que le anim\u00f3 a no tirar la toalla y luchar. <b>Todas las personas que le empujaron a hacer realidad este reto le han acompa\u00f1ado a cada uno de los maratones. <\/b>que ha realizado, con sorpresa incluida: \u00abMis amigos nunca han venido a verme a una carrera y hubo un d\u00eda que aparecieron todos a darme \u00e1nimos\u00bb, recuerda alegremente Daniel.<\/p>\n<p>Esos momentos le ayudaron a superar los bajos que atraves\u00f3 en todos los maratones. Hab\u00eda momentos en los que inevitablemente se acordaba de su padre y se emocionaba, pero cuando sent\u00eda que no pod\u00eda m\u00e1s,<b> Siempre pens\u00e9 que ten\u00eda que seguir y terminar la carrera por todas aquellas que no pod\u00edan hacerlo y que hab\u00edan confiado en \u00e9l. <\/b><\/p>\n<h2 class=\"title-h2\">Un final de pel\u00edcula<\/h2>\n<p>En todos los maratones le ha acompa\u00f1ado una c\u00e1mara para ir creando recuerdos y que todos podamos ser part\u00edcipes de todo lo que ha vivido a lo largo de estos meses. Ha habido muchos momentos en los que ha sido capaz de emocionar con sus v\u00eddeos, pero sin duda, el momento m\u00e1s conmovedor se vivi\u00f3 en el \u00faltimo marat\u00f3n.<\/p>\n<p>Daniel entr\u00f3 al cementerio y bes\u00f3 la foto de su padre:<b> \u00abSolt\u00e9 todo lo que ten\u00eda dentro porque la verdad que llevaba mucha emoci\u00f3n acumulada\u00bb<\/b>recuerda el corredor. Tras ese momento sentimental, s\u00f3lo le faltaban escasos metros para llegar a meta. Al final, lleg\u00f3 rodeado de todos los suyos, mand\u00f3 un beso al cielo y puso punto y final al desaf\u00edo de su vida,<\/p>\n<p><i>>S\u00edguenos en nuestro canal de WhatsApp y no te pierdas la \u00faltima hora y toda la actualidad de antena3noticias.com<\/i><\/p>\n<div class=\"recirculation-video\" data-mod=\"a3mod_recirculation_video\">\n<div class=\"recirculation-video-wrapper\">\n<div>\n<div class=\"video-wrapper\">\n  <picture class=\"video-main-picture\"><source media=\"(min-width: 481px)\" srcset=\"https:\/\/fotografias.antena3.com\/clipping\/cmsimages01\/2025\/01\/02\/18FBA365-A284-46F5-971D-46D4C5F3D312\/caesars-superdome-nueva-orleans_94.jpg?crop=4570,2571,x0,y184&amp;width=800&amp;height=450&amp;optimize=medium&amp;format=webply\" width=\"800\" height=\"450\"><source media=\"(min-width: 391px) and (max-width: 480px)\" srcset=\"https:\/\/fotografias.antena3.com\/clipping\/cmsimages01\/2025\/01\/02\/18FBA365-A284-46F5-971D-46D4C5F3D312\/caesars-superdome-nueva-orleans_70.jpg?crop=4570,2571,x0,y184&amp;width=480&amp;height=270&amp;optimize=high&amp;format=webply\" width=\"480\" height=\"270\"><source media=\"(min-width: 321px) and (max-width: 390px)\" srcset=\"https:\/\/fotografias.antena3.com\/clipping\/cmsimages01\/2025\/01\/02\/18FBA365-A284-46F5-971D-46D4C5F3D312\/caesars-superdome-nueva-orleans_92.jpg?crop=4570,2566,x0,y186&amp;width=390&amp;height=219&amp;optimize=high&amp;format=webply\" width=\"390\" height=\"219\"><source media=\"(max-width: 320px)\" srcset=\"https:\/\/fotografias.antena3.com\/clipping\/cmsimages01\/2025\/01\/02\/18FBA365-A284-46F5-971D-46D4C5F3D312\/caesars-superdome-nueva-orleans_52.jpg?crop=4570,2571,x0,y184&amp;width=320&amp;height=180&amp;optimize=high&amp;format=webply\" width=\"320\" height=\"180\"><img decoding=\"async\" title=\"El Caesars Superdomo de Nueva Orleans\" alt=\"El Caesars Superdomo de Nueva Orleans\" width=\"480\" height=\"270\" src=\"https:\/\/fotografias.antena3.com\/clipping\/cmsimages01\/2025\/01\/02\/18FBA365-A284-46F5-971D-46D4C5F3D312\/caesars-superdome-nueva-orleans_70.jpg?crop=4570,2571,x0,y184&amp;width=480&amp;height=270&amp;optimize=high&amp;format=webply\" loading=\"lazy\" class=\"lazy\"\/><br \/>\n  <\/source><\/source><\/source><\/source><\/picture>\n <\/div>\n<\/div><\/div>\n<\/p><\/div>\n<\/div>\n\n","protected":false},"excerpt":{"rendered":"<p>Daniel Caballero es un hombre de grandes retos: ha completado 12 maratones en 12 meses para darle visibilidad a 12 diferentes tipos de c\u00e1ncer. La idea de realizar un desaf\u00edo la llevaba pensando varios meses, pero se decidi\u00f3 cuando a su padre le diagnosticaron c\u00e1ncer en julio de 2023. Al principio iba a correr \u00fanicamente &hellip;<\/p>\n","protected":false},"author":1,"featured_media":8924,"comment_status":"open","ping_status":"open","sticky":false,"template":"","format":"standard","meta":{"fifu_image_url":"https:\/\/fotografias.antena3.com\/clipping\/cmsimages01\/2025\/01\/03\/00BFD35D-F4CA-48B6-98F1-A797ED864AC6\/daniel-caballero-cumple-objetivo-correr-12-maratones-12-meses_69.jpg?crop=1280,720,x0,y0&width=1280&height=720&optimize=low&format=jpg","fifu_image_alt":"","footnotes":""},"categories":[6],"tags":[],"class_list":["post-8922","post","type-post","status-publish","format-standard","has-post-thumbnail","","category-deportes"],"_links":{"self":[{"href":"https:\/\/noticiasveraces.com\/index.php?rest_route=\/wp\/v2\/posts\/8922","targetHints":{"allow":["GET"]}}],"collection":[{"href":"https:\/\/noticiasveraces.com\/index.php?rest_route=\/wp\/v2\/posts"}],"about":[{"href":"https:\/\/noticiasveraces.com\/index.php?rest_route=\/wp\/v2\/types\/post"}],"author":[{"embeddable":true,"href":"https:\/\/noticiasveraces.com\/index.php?rest_route=\/wp\/v2\/users\/1"}],"replies":[{"embeddable":true,"href":"https:\/\/noticiasveraces.com\/index.php?rest_route=%2Fwp%2Fv2%2Fcomments&post=8922"}],"version-history":[{"count":0,"href":"https:\/\/noticiasveraces.com\/index.php?rest_route=\/wp\/v2\/posts\/8922\/revisions"}],"wp:featuredmedia":[{"embeddable":true,"href":"https:\/\/noticiasveraces.com\/index.php?rest_route=\/wp\/v2\/media\/8924"}],"wp:attachment":[{"href":"https:\/\/noticiasveraces.com\/index.php?rest_route=%2Fwp%2Fv2%2Fmedia&parent=8922"}],"wp:term":[{"taxonomy":"category","embeddable":true,"href":"https:\/\/noticiasveraces.com\/index.php?rest_route=%2Fwp%2Fv2%2Fcategories&post=8922"},{"taxonomy":"post_tag","embeddable":true,"href":"https:\/\/noticiasveraces.com\/index.php?rest_route=%2Fwp%2Fv2%2Ftags&post=8922"}],"curies":[{"name":"wp","href":"https:\/\/api.w.org\/{rel}","templated":true}]}}