{"id":8895,"date":"2025-01-03T11:04:08","date_gmt":"2025-01-03T15:04:08","guid":{"rendered":"https:\/\/noticiasveraces.com\/?p=8895"},"modified":"2025-01-03T11:04:08","modified_gmt":"2025-01-03T15:04:08","slug":"ataques-israelies-causan-decenas-de-muertos-en-gaza-dw-01-03-2025","status":"publish","type":"post","link":"https:\/\/noticiasveraces.com\/?p=8895","title":{"rendered":"Ataques israel\u00edes causan decenas de muertos en Gaza \u2013 DW \u2013 01\/03\/2025"},"content":{"rendered":"<p> \n<\/p>\n<div>\n<p>Seg\u00fan fuentes m\u00e9dicas, al menos 100 gazat\u00edes, entre ellos menores, han muerto en la Franja de Gaza tras 24 horas de intensos ataques israel\u00edes. <\/p>\n<p>El Ej\u00e9rcito de Israel bombarde\u00f3 sin descanso la Franja durante toda la jornada del jueves (2.1.2025), en especial Ciudad de Gaza, donde m\u00e1s de 40 personas perdieron la vida, asegura Mahmoud Bassal, portavoz de la defensa civil. <\/p>\n<p>\u00abFue una locura y, por desgracia, el sistema m\u00e9dico aqu\u00ed se vio muy afectado porque se encuentra en una situaci\u00f3n dif\u00edcil. Los m\u00e9dicos tuvieron que trabajar con una pol\u00edtica de comparaci\u00f3n, lo que significa que quien aguante m\u00e1s ser\u00e1 tratado primero\u00bb, agrega Bassal. .<\/p>\n<h2>Intensificaci\u00f3n de la guerra<\/h2>\n<p>Adem\u00e1s, seg\u00fan la agencia de noticias palestina Wafa, los bombardeos de cazas y barcos israel\u00edes sobre la Franja han provocado la muerte de al menos 26 gazat\u00edes en lo que va de viernes.  <\/p>\n<p>Asimismo, tambi\u00e9n hoy, otros cuatro gazat\u00edes murieron despu\u00e9s de que el Ej\u00e9rcito atac\u00f3 una casa y una tienda de campa\u00f1a en Deir Al Balah, centro del enclave.<\/p>\n<p>El director de la Red de ONG Palestina, Amjad Shawa, advierte que esta es \u00abuna de las etapas m\u00e1s cr\u00edticas de la guerra\u00bb porque el Ej\u00e9rcito ha vuelto a intensificar sus ataques. \u00abTenemos m\u00e1s de 25.000 pacientes con enfermedades cr\u00f3nicas, como el c\u00e1ncer, que necesitan urgentemente ser evacuados de Gaza por el colapso del sistema de salud\u00bb, lament\u00f3. EM (efe\/dpa\/Reuters) <\/p>\n<\/div>\n\n","protected":false},"excerpt":{"rendered":"<p>Seg\u00fan fuentes m\u00e9dicas, al menos 100 gazat\u00edes, entre ellos menores, han muerto en la Franja de Gaza tras 24 horas de intensos ataques israel\u00edes. El Ej\u00e9rcito de Israel bombarde\u00f3 sin descanso la Franja durante toda la jornada del jueves (2.1.2025), en especial Ciudad de Gaza, donde m\u00e1s de 40 personas perdieron la vida, asegura Mahmoud &hellip;<\/p>\n","protected":false},"author":1,"featured_media":8896,"comment_status":"open","ping_status":"open","sticky":false,"template":"","format":"standard","meta":{"fifu_image_url":"https:\/\/static.dw.com\/image\/71202069_6.jpg","fifu_image_alt":"","footnotes":""},"categories":[13],"tags":[],"class_list":["post-8895","post","type-post","status-publish","format-standard","has-post-thumbnail","","category-mundo"],"_links":{"self":[{"href":"https:\/\/noticiasveraces.com\/index.php?rest_route=\/wp\/v2\/posts\/8895","targetHints":{"allow":["GET"]}}],"collection":[{"href":"https:\/\/noticiasveraces.com\/index.php?rest_route=\/wp\/v2\/posts"}],"about":[{"href":"https:\/\/noticiasveraces.com\/index.php?rest_route=\/wp\/v2\/types\/post"}],"author":[{"embeddable":true,"href":"https:\/\/noticiasveraces.com\/index.php?rest_route=\/wp\/v2\/users\/1"}],"replies":[{"embeddable":true,"href":"https:\/\/noticiasveraces.com\/index.php?rest_route=%2Fwp%2Fv2%2Fcomments&post=8895"}],"version-history":[{"count":0,"href":"https:\/\/noticiasveraces.com\/index.php?rest_route=\/wp\/v2\/posts\/8895\/revisions"}],"wp:featuredmedia":[{"embeddable":true,"href":"https:\/\/noticiasveraces.com\/index.php?rest_route=\/wp\/v2\/media\/8896"}],"wp:attachment":[{"href":"https:\/\/noticiasveraces.com\/index.php?rest_route=%2Fwp%2Fv2%2Fmedia&parent=8895"}],"wp:term":[{"taxonomy":"category","embeddable":true,"href":"https:\/\/noticiasveraces.com\/index.php?rest_route=%2Fwp%2Fv2%2Fcategories&post=8895"},{"taxonomy":"post_tag","embeddable":true,"href":"https:\/\/noticiasveraces.com\/index.php?rest_route=%2Fwp%2Fv2%2Ftags&post=8895"}],"curies":[{"name":"wp","href":"https:\/\/api.w.org\/{rel}","templated":true}]}}