{"id":8891,"date":"2025-01-03T10:00:12","date_gmt":"2025-01-03T14:00:12","guid":{"rendered":"https:\/\/noticiasveraces.com\/?p=8891"},"modified":"2025-01-03T10:00:12","modified_gmt":"2025-01-03T14:00:12","slug":"ministros-de-exteriores-europeos-visitan-la-carcel-de-sednaya-dw-01-03-2025","status":"publish","type":"post","link":"https:\/\/noticiasveraces.com\/?p=8891","title":{"rendered":"Ministros de Exteriores europeos visitan la c\u00e1rcel de Sednaya \u2013 DW \u2013 01\/03\/2025"},"content":{"rendered":"<p> \n<\/p>\n<div>\n<p>El ministro de Exteriores franc\u00e9s, Jean-No\u00ebl Barrot, y su hom\u00f3loga alemana, Annalena Baerbock, visitaron el viernes (3.1.2025) la infame prisi\u00f3n de Sednaya, al norte de Damasco, en Siria.<\/p>\n<p>Ambos diplom\u00e1ticos visitaron la prisi\u00f3n, calific\u00e1ndola como \u00abs\u00edmbolo de los peores cr\u00edmenes del r\u00e9gimen de Bachar al Asad\u00bb. \u00abFrancia se movilizar\u00e1 para arrojar luz sobre los cr\u00edmenes cometidos. Apoya plenamente el trabajo llevado a cabo por la Comisi\u00f3n Internacional de Investigaci\u00f3n sobre Siria y el Mecanismo Internacional, Imparcial e Independiente (IMI) de las Naciones Unidas, as\u00ed como el de la Instituci\u00f3n Independiente para Personas Desaparecidas\u00bb, dijo el jefe de la diplomacia gala.<\/p>\n<figure class=\"placeholder-image master_landscape big\"><img data-format=\"MASTER_LANDSCAPE\" data-id=\"71210751\" data-url=\"https:\/\/static.dw.com\/image\/71210751_${formatId}.jpg\" data-aspect-ratio=\"16\/9\" alt=\"Baerbock y Barrot flanquean al mandatario sirio Ahmad Al-Sharaa. Detr\u00e1s ondean las banderas de los tres pa\u00edses. \" style=\"padding-bottom: 56.25%; height: 0; max-height: 0;\"\/><figcaption class=\"img-caption\">Baerbock y Barrot, durante su encuentro con el dirigente sirio Ahmad Al-Sharaa. <small class=\"copyright\">Imagen: Dominik Butzmann\/AA\/photothek\/picture Alliance<\/small><\/figcaption><\/figure>\n<p>\u00abSimplemente no se puede imaginar el horror de algunos lugares\u00bb, dijo, por su parte, la ministra alemana de Exteriores, Annalena Baerbock, expresando su conmoci\u00f3n tras la visita a Sednaya. \u00abLa gente ha pasado por un infierno aqu\u00ed cerca de la capital siria, Damasco. Fueron asesinados utilizando m\u00e9todos que son inimaginables en un mundo civilizado\u00bb.<\/p>\n<h2>C\u00e1maras de tortura<\/h2>\n<p>Representantes de los Cascos Blancos sirios comentaron con las delegaciones diplom\u00e1ticas francesa y alemana las atrocidades documentadas all\u00ed, monstr\u00e1ndoles las c\u00e1maras de tortura, que incluyen una prensa de acero que supuestamente se utilizaba para aplastar personas.<\/p>\n<p>Baerbock reconoci\u00f3 que no se puede traer de vuelta a las v\u00edctimas de Al Assad, \u00abpero todos podemos contribuir como comunidad internacional a garantizar que se haga justicia\u00bb.<\/p>\n<p>Esta es una de las paradas de ambos jefes de la diplomacia, que visitan la capital siria en nombre de la Uni\u00f3n Europea para reunirse con el hombre fuerte del pa\u00eds y l\u00edder de facto, Ahmed al Sharaa. El mensaje que quieren transmitirle es que apoyan a Siria en esta nueva etapa sin Al Asad y est\u00e1n dispuestos a ayudar a que el pa\u00eds \u00e1rabe sea de nuevo estable. MS (dpa\/efe\/afp)  <\/p>\n<\/p>\n<\/div>\n\n","protected":false},"excerpt":{"rendered":"<p>El ministro de Exteriores franc\u00e9s, Jean-No\u00ebl Barrot, y su hom\u00f3loga alemana, Annalena Baerbock, visitaron el viernes (3.1.2025) la infame prisi\u00f3n de Sednaya, al norte de Damasco, en Siria. Ambos diplom\u00e1ticos visitaron la prisi\u00f3n, calific\u00e1ndola como \u00abs\u00edmbolo de los peores cr\u00edmenes del r\u00e9gimen de Bachar al Asad\u00bb. \u00abFrancia se movilizar\u00e1 para arrojar luz sobre los cr\u00edmenes &hellip;<\/p>\n","protected":false},"author":1,"featured_media":8892,"comment_status":"open","ping_status":"open","sticky":false,"template":"","format":"standard","meta":{"fifu_image_url":"https:\/\/static.dw.com\/image\/71209699_6.jpg","fifu_image_alt":"","footnotes":""},"categories":[13],"tags":[],"class_list":["post-8891","post","type-post","status-publish","format-standard","has-post-thumbnail","","category-mundo"],"_links":{"self":[{"href":"https:\/\/noticiasveraces.com\/index.php?rest_route=\/wp\/v2\/posts\/8891","targetHints":{"allow":["GET"]}}],"collection":[{"href":"https:\/\/noticiasveraces.com\/index.php?rest_route=\/wp\/v2\/posts"}],"about":[{"href":"https:\/\/noticiasveraces.com\/index.php?rest_route=\/wp\/v2\/types\/post"}],"author":[{"embeddable":true,"href":"https:\/\/noticiasveraces.com\/index.php?rest_route=\/wp\/v2\/users\/1"}],"replies":[{"embeddable":true,"href":"https:\/\/noticiasveraces.com\/index.php?rest_route=%2Fwp%2Fv2%2Fcomments&post=8891"}],"version-history":[{"count":0,"href":"https:\/\/noticiasveraces.com\/index.php?rest_route=\/wp\/v2\/posts\/8891\/revisions"}],"wp:featuredmedia":[{"embeddable":true,"href":"https:\/\/noticiasveraces.com\/index.php?rest_route=\/wp\/v2\/media\/8892"}],"wp:attachment":[{"href":"https:\/\/noticiasveraces.com\/index.php?rest_route=%2Fwp%2Fv2%2Fmedia&parent=8891"}],"wp:term":[{"taxonomy":"category","embeddable":true,"href":"https:\/\/noticiasveraces.com\/index.php?rest_route=%2Fwp%2Fv2%2Fcategories&post=8891"},{"taxonomy":"post_tag","embeddable":true,"href":"https:\/\/noticiasveraces.com\/index.php?rest_route=%2Fwp%2Fv2%2Ftags&post=8891"}],"curies":[{"name":"wp","href":"https:\/\/api.w.org\/{rel}","templated":true}]}}