{"id":8888,"date":"2025-01-03T08:55:42","date_gmt":"2025-01-03T12:55:42","guid":{"rendered":"https:\/\/noticiasveraces.com\/?p=8888"},"modified":"2025-01-03T08:55:42","modified_gmt":"2025-01-03T12:55:42","slug":"iran-ejecuta-a-mas-de-1-000-prisioneros-en-2024-el-total-mas-alto-en-30-anos-segun-un-informe","status":"publish","type":"post","link":"https:\/\/noticiasveraces.com\/?p=8888","title":{"rendered":"Ir\u00e1n ejecuta a m\u00e1s de 1.000 prisioneros en 2024, el total m\u00e1s alto en 30 a\u00f1os, seg\u00fan un informe"},"content":{"rendered":"<p> \n<\/p>\n<div>\n<div class=\"article-gating gated-overlay show-gate\">\n<div class=\"article-gating-wrapper\">\n<p>\u00danase a Fox News para acceder a este contenido<\/p>\n<p>Ha alcanzado su n\u00famero m\u00e1ximo de art\u00edculos. Inicia sesi\u00f3n o crea una cuenta GRATIS para continuar leyendo.<\/p>\n<div class=\"article-gating-legal tablet-desktop\">Al ingresar su correo electr\u00f3nico y presionar Continuar, acepta los T\u00e9rminos de uso y la Pol\u00edtica de privacidad de Fox News, que incluye nuestro Aviso de incentivo financiero.\n    <\/div>\n<p><span>Por favor, introduce una direcci\u00f3n de correo electr\u00f3nico v\u00e1lida.<\/span><\/p>\n<footer class=\"article-gating-footer\">\u00bfTienes problemas? Haga clic aqu\u00ed.<\/footer>\n<\/div>\n<\/div>\n<p class=\"speakable\">La Rep\u00fablica Isl\u00e1mica de Ir\u00e1n ejecut\u00f3 a m\u00e1s de 1.000 prisioneros en 86 c\u00e1rceles de todo el pa\u00eds en 2024, seg\u00fan un informe del Consejo Nacional de Resistencia de Ir\u00e1n (CNRI). El informe dice que el n\u00famero de muertos es \u00abuna cifra sin precedentes en las \u00faltimas tres d\u00e9cadas\u00bb y representa un aumento del 16% con respecto a las 864 ejecuciones realizadas en 2023.<\/p>\n<p class=\"speakable\">La mayor\u00eda de las ejecuciones del r\u00e9gimen tuvieron lugar en la segunda mitad del a\u00f1o. Casi el 70% se produjo despu\u00e9s de la elecci\u00f3n del presidente Masoud Pezeshkian en julio. Alrededor del 47% tuvo lugar en el cuarto trimestre de 2024, cuando el r\u00e9gimen \u00abenfrent\u00f3 graves derrotas en la regi\u00f3n y crecientes crisis econ\u00f3micas y sociales\u00bb, dijo el NCRI.<\/p>\n<p>Maryam Rajavi, presidenta electa del CNRI, dijo que la serie de ejecuciones representa un \u00abintento desesperado de impedir el levantamiento de una poblaci\u00f3n enojada que se conformar\u00e1 nada menos que con el derrocamiento total del r\u00e9gimen. Estos cr\u00edmenes medievales, sin embargo, duplican la determinaci\u00f3n de la juventud iran\u00ed de derrocar la dictadura religiosa\u00bb.<\/p>\n<p><strong>IR\u00c1N criticado por un aumento r\u00e9cord de ejecuciones de opositores al r\u00e9gimen: &#8216;La verdadera cara est\u00e1 a la vista&#8217;<\/strong><\/p>\n<div class=\"image-ct inline\">\n<div class=\"m\"><picture><source media=\"(max-width: 767px)\" srcset=\"https:\/\/a57.foxnews.com\/static.foxnews.com\/foxnews.com\/content\/uploads\/2018\/09\/343\/192\/iranhanging.jpg?ve=1&amp;tl=1, https:\/\/a57.foxnews.com\/static.foxnews.com\/foxnews.com\/content\/uploads\/2018\/09\/686\/384\/iranhanging.jpg?ve=1&amp;tl=1 2x\" height=\"192\" width=\"343\"><source media=\"(min-width: 768px) and (max-width: 1023px)\" srcset=\"https:\/\/a57.foxnews.com\/static.foxnews.com\/foxnews.com\/content\/uploads\/2018\/09\/672\/378\/iranhanging.jpg?ve=1&amp;tl=1, https:\/\/a57.foxnews.com\/static.foxnews.com\/foxnews.com\/content\/uploads\/2018\/09\/1344\/756\/iranhanging.jpg?ve=1&amp;tl=1 2x\" height=\"378\" width=\"672\"><source media=\"(min-width: 1024px) and (max-width: 1279px)\" srcset=\"https:\/\/a57.foxnews.com\/static.foxnews.com\/foxnews.com\/content\/uploads\/2018\/09\/931\/523\/iranhanging.jpg?ve=1&amp;tl=1, https:\/\/a57.foxnews.com\/static.foxnews.com\/foxnews.com\/content\/uploads\/2018\/09\/1862\/1046\/iranhanging.jpg?ve=1&amp;tl=1 2x\" height=\"523\" width=\"931\"><source media=\"(min-width: 1280px)\" srcset=\"https:\/\/a57.foxnews.com\/static.foxnews.com\/foxnews.com\/content\/uploads\/2018\/09\/720\/405\/iranhanging.jpg?ve=1&amp;tl=1, https:\/\/a57.foxnews.com\/static.foxnews.com\/foxnews.com\/content\/uploads\/2018\/09\/1440\/810\/iranhanging.jpg?ve=1&amp;tl=1 2x\" height=\"405\" width=\"720\"><img loading=\"lazy\" decoding=\"async\" src=\"https:\/\/a57.foxnews.com\/static.foxnews.com\/foxnews.com\/content\/uploads\/2018\/09\/1200\/675\/iranhanging.jpg?ve=1&amp;tl=1\" alt=\"Las ejecuciones p\u00fablicas en Ir\u00e1n suelen ser presenciadas por ni\u00f1os y se aplican por delitos como la homosexualidad y la posesi\u00f3n de drogas. (Cortes\u00eda: Derechos Humanos de Ir\u00e1n) \" width=\"1200\" height=\"675\"\/><\/source><\/source><\/source><\/source><\/picture><\/div>\n<div class=\"info\">\n<div class=\"caption\">\n<p><span>Las ejecuciones p\u00fablicas en Ir\u00e1n suelen ser presenciadas por ni\u00f1os.<\/span> <span>(Cortes\u00eda: Derechos Humanos de Ir\u00e1n)<\/span><\/p>\n<\/div>\n<\/div>\n<\/div>\n<p>Seg\u00fan Rajavi, \u00abcualquier negociaci\u00f3n o trato con [the regime] debe estar condicionado al fin de las ejecuciones y la tortura. Sus l\u00edderes deben ser llevados ante la justicia por 45 a\u00f1os de cr\u00edmenes contra la humanidad y genocidio\u00bb.<\/p>\n<p>Fox News Digital contact\u00f3 a la Misi\u00f3n Permanente de la Rep\u00fablica Isl\u00e1mica de Ir\u00e1n ante las Naciones Unidas para solicitar comentarios sobre el nivel r\u00e9cord de ejecuciones del r\u00e9gimen. La Misi\u00f3n declin\u00f3 hacer comentarios.<\/p>\n<p>Behnam Ben Taleblu, miembro de la Fundaci\u00f3n para la Defensa de las Democracias, dijo a Fox News Digital que \u00abcuanto m\u00e1s d\u00e9bil parece el r\u00e9gimen en el exterior, m\u00e1s intenta redoblar sus esfuerzos para evitar un efecto de contagio en el frente interno. Esto se logra aumentando el n\u00famero de ejecuciones, incluidas las de presos pol\u00edticos, delincuentes no violentos e incluso rehenes\u00bb. Taleblu dijo que en octubre se produjo \u00abun n\u00famero r\u00e9cord de asesinatos por parte del r\u00e9gimen clerical\u00bb.<\/p>\n<div class=\"image-ct inline\">\n<div class=\"m\"><picture><source media=\"(max-width: 767px)\" srcset=\"https:\/\/a57.foxnews.com\/static.foxnews.com\/foxnews.com\/content\/uploads\/2024\/09\/343\/192\/Iran5.jpg?ve=1&amp;tl=1, https:\/\/a57.foxnews.com\/static.foxnews.com\/foxnews.com\/content\/uploads\/2024\/09\/686\/384\/Iran5.jpg?ve=1&amp;tl=1 2x\" height=\"192\" width=\"343\"><source media=\"(min-width: 768px) and (max-width: 1023px)\" srcset=\"https:\/\/a57.foxnews.com\/static.foxnews.com\/foxnews.com\/content\/uploads\/2024\/09\/672\/378\/Iran5.jpg?ve=1&amp;tl=1, https:\/\/a57.foxnews.com\/static.foxnews.com\/foxnews.com\/content\/uploads\/2024\/09\/1344\/756\/Iran5.jpg?ve=1&amp;tl=1 2x\" height=\"378\" width=\"672\"><source media=\"(min-width: 1024px) and (max-width: 1279px)\" srcset=\"https:\/\/a57.foxnews.com\/static.foxnews.com\/foxnews.com\/content\/uploads\/2024\/09\/931\/523\/Iran5.jpg?ve=1&amp;tl=1, https:\/\/a57.foxnews.com\/static.foxnews.com\/foxnews.com\/content\/uploads\/2024\/09\/1862\/1046\/Iran5.jpg?ve=1&amp;tl=1 2x\" height=\"523\" width=\"931\"><source media=\"(min-width: 1280px)\" srcset=\"https:\/\/a57.foxnews.com\/static.foxnews.com\/foxnews.com\/content\/uploads\/2024\/09\/720\/405\/Iran5.jpg?ve=1&amp;tl=1, https:\/\/a57.foxnews.com\/static.foxnews.com\/foxnews.com\/content\/uploads\/2024\/09\/1440\/810\/Iran5.jpg?ve=1&amp;tl=1 2x\" height=\"405\" width=\"720\"><img loading=\"lazy\" decoding=\"async\" src=\"https:\/\/a57.foxnews.com\/static.foxnews.com\/foxnews.com\/content\/uploads\/2024\/09\/1200\/675\/Iran5.jpg?ve=1&amp;tl=1\" alt=\"Ir\u00e1n ONU\" width=\"1200\" height=\"675\"\/><\/source><\/source><\/source><\/source><\/picture><\/div>\n<div class=\"info\">\n<div class=\"caption\">\n<p><span>El presidente de Ir\u00e1n, Masoud Pezeshkian, camina al margen de la 79.\u00aa Asamblea General de las Naciones Unidas en la sede de la ONU en la ciudad de Nueva York el 24 de septiembre de 2024.<\/span> <span>(REUTERS\/Caitlin Ochs)<\/span><\/p>\n<\/div>\n<\/div>\n<\/div>\n<p><strong>EL R\u00c9GIMEN DE IR\u00c1N BAJO UNA &#8216;INMENSA PRESI\u00d3N&#8217; EN MEDIO DE LAS POL\u00cdTICAS ENTRADAS DE LA ADMINISTRACI\u00d3N DE TRUMP, P\u00c9RDIDAS REGIONALES Y PROBLEMAS ECON\u00d3MICOS<\/strong><\/p>\n<p>Los prisioneros ejecutados este a\u00f1o en Ir\u00e1n incluyeron 34 mujeres y siete prisioneros cuyos cr\u00edmenes fueron cometidos cuando eran menores. Tambi\u00e9n hab\u00eda 70 ciudadanos afganos, inform\u00f3 Amu TV. Esto represent\u00f3 un aumento de alrededor del 300% con respecto al a\u00f1o anterior.<\/p>\n<p>El CNRI informa que 119 de los prisioneros ejecutados eran de la minor\u00eda baluchi. Un informe de agosto de 2024 de la Misi\u00f3n Internacional Independiente de Investigaci\u00f3n de los Hechos sobre la Rep\u00fablica Isl\u00e1mica de Ir\u00e1n bajo mandato de las Naciones Unidas dec\u00eda que los baluchis representan el 2% de la poblaci\u00f3n iran\u00ed. La misi\u00f3n de investigaci\u00f3n tambi\u00e9n encontr\u00f3 que las minor\u00edas \u00e9tnicas y religiosas se han visto \u00abdesproporcionadamente impactadas por la respuesta del Gobierno a las protestas que comenzaron en septiembre de 2022\u00bb, despu\u00e9s de que Mahsa Amini, una mujer kurda arrestada por no llevar velo, muriera bajo custodia iran\u00ed.<\/p>\n<div class=\"image-ct inline\">\n<div class=\"m\"><picture><source media=\"(max-width: 767px)\" srcset=\"https:\/\/a57.foxnews.com\/static.foxnews.com\/foxnews.com\/content\/uploads\/2022\/10\/343\/192\/Iran-protest.png?ve=1&amp;tl=1, https:\/\/a57.foxnews.com\/static.foxnews.com\/foxnews.com\/content\/uploads\/2022\/10\/686\/384\/Iran-protest.png?ve=1&amp;tl=1 2x\" height=\"192\" width=\"343\"><source media=\"(min-width: 768px) and (max-width: 1023px)\" srcset=\"https:\/\/a57.foxnews.com\/static.foxnews.com\/foxnews.com\/content\/uploads\/2022\/10\/672\/378\/Iran-protest.png?ve=1&amp;tl=1, https:\/\/a57.foxnews.com\/static.foxnews.com\/foxnews.com\/content\/uploads\/2022\/10\/1344\/756\/Iran-protest.png?ve=1&amp;tl=1 2x\" height=\"378\" width=\"672\"><source media=\"(min-width: 1024px) and (max-width: 1279px)\" srcset=\"https:\/\/a57.foxnews.com\/static.foxnews.com\/foxnews.com\/content\/uploads\/2022\/10\/931\/523\/Iran-protest.png?ve=1&amp;tl=1, https:\/\/a57.foxnews.com\/static.foxnews.com\/foxnews.com\/content\/uploads\/2022\/10\/1862\/1046\/Iran-protest.png?ve=1&amp;tl=1 2x\" height=\"523\" width=\"931\"><source media=\"(min-width: 1280px)\" srcset=\"https:\/\/a57.foxnews.com\/static.foxnews.com\/foxnews.com\/content\/uploads\/2022\/10\/720\/405\/Iran-protest.png?ve=1&amp;tl=1, https:\/\/a57.foxnews.com\/static.foxnews.com\/foxnews.com\/content\/uploads\/2022\/10\/1440\/810\/Iran-protest.png?ve=1&amp;tl=1 2x\" height=\"405\" width=\"720\"><img loading=\"lazy\" decoding=\"async\" src=\"https:\/\/a57.foxnews.com\/static.foxnews.com\/foxnews.com\/content\/uploads\/2022\/10\/1200\/675\/Iran-protest.png?ve=1&amp;tl=1\" alt=\"Protestas en Ir\u00e1n\" width=\"1200\" height=\"675\"\/><\/source><\/source><\/source><\/source><\/picture><\/div>\n<div class=\"info\">\n<div class=\"caption\">\n<p><span>Los iran\u00edes protestan por la muerte de Mahsa Amini, de 22 a\u00f1os, despu\u00e9s de que fuera detenida por la polic\u00eda moral el mes pasado, en Teher\u00e1n, Ir\u00e1n, el jueves 27 de octubre de 2022.<\/span> <span>(AP\/Im\u00e1genes de Medio Oriente, Archivo)<\/span><\/p>\n<\/div>\n<\/div>\n<\/div>\n<p>Tambi\u00e9n entre los ejecutados por el r\u00e9gimen iran\u00ed en 2024 se encontraba el periodista Jamshid Sharmahd, de 69 a\u00f1os, ciudadano alem\u00e1n y residente desde hace 20 a\u00f1os en Estados Unidos, que fue secuestrado en Dubai en 2020. Sharmahd fue ejecutado en octubre tras ser acusado de \u00bb corrupci\u00f3n en la tierra\u00bb en lo que se llam\u00f3 un juicio \u00abextremadamente injusto\u00bb. <\/p>\n<p>En una carta abierta compartida por la Organizaci\u00f3n Muyahid\u00edn del Pueblo de Ir\u00e1n, el prisionero pol\u00edtico Saeed Masouri, de 25 a\u00f1os, escribi\u00f3 que \u00absomos testigos de una ejecuci\u00f3n cada cuatro horas en promedio\u00bb. Durante la Navidad, Masouri dijo que \u00abcasi 25 personas inocentes fueron ejecutadas, lo que equivale a casi una ejecuci\u00f3n cada 2,5 horas\u00bb. <\/p>\n<p><strong>HAGA CLIC AQU\u00cd PARA OBTENER LA APLICACI\u00d3N FOX NEWS<\/strong><\/p>\n<p>\u00abYa no s\u00e9 cu\u00e1nto m\u00e1s tendr\u00e9 que ver y soportar\u00bb, escribe Masouri, explicando que desde el momento de su sentencia, \u00abconsidera[ed] cada reuni\u00f3n ser\u00e1 [his] \u00faltimo y cada sonido de &#8216;apertura y cierre&#8217; de la puerta como una sentencia de muerte\u00bb. <\/p>\n<p>El CNRI inform\u00f3 que el primer d\u00eda de 2025, 12 prisioneros fueron ejecutados en la horca en cuatro prisiones iran\u00edes.<\/p>\n<\/div>\n\n","protected":false},"excerpt":{"rendered":"<p>\u00danase a Fox News para acceder a este contenido Ha alcanzado su n\u00famero m\u00e1ximo de art\u00edculos. Inicia sesi\u00f3n o crea una cuenta GRATIS para continuar leyendo. Al ingresar su correo electr\u00f3nico y presionar Continuar, acepta los T\u00e9rminos de uso y la Pol\u00edtica de privacidad de Fox News, que incluye nuestro Aviso de incentivo financiero. Por &hellip;<\/p>\n","protected":false},"author":1,"featured_media":8890,"comment_status":"open","ping_status":"open","sticky":false,"template":"","format":"standard","meta":{"fifu_image_url":"https:\/\/static.foxnews.com\/foxnews.com\/content\/uploads\/2021\/05\/Iran-Jail.jpg","fifu_image_alt":"","footnotes":""},"categories":[13],"tags":[],"class_list":["post-8888","post","type-post","status-publish","format-standard","has-post-thumbnail","","category-mundo"],"_links":{"self":[{"href":"https:\/\/noticiasveraces.com\/index.php?rest_route=\/wp\/v2\/posts\/8888","targetHints":{"allow":["GET"]}}],"collection":[{"href":"https:\/\/noticiasveraces.com\/index.php?rest_route=\/wp\/v2\/posts"}],"about":[{"href":"https:\/\/noticiasveraces.com\/index.php?rest_route=\/wp\/v2\/types\/post"}],"author":[{"embeddable":true,"href":"https:\/\/noticiasveraces.com\/index.php?rest_route=\/wp\/v2\/users\/1"}],"replies":[{"embeddable":true,"href":"https:\/\/noticiasveraces.com\/index.php?rest_route=%2Fwp%2Fv2%2Fcomments&post=8888"}],"version-history":[{"count":0,"href":"https:\/\/noticiasveraces.com\/index.php?rest_route=\/wp\/v2\/posts\/8888\/revisions"}],"wp:featuredmedia":[{"embeddable":true,"href":"https:\/\/noticiasveraces.com\/index.php?rest_route=\/wp\/v2\/media\/8890"}],"wp:attachment":[{"href":"https:\/\/noticiasveraces.com\/index.php?rest_route=%2Fwp%2Fv2%2Fmedia&parent=8888"}],"wp:term":[{"taxonomy":"category","embeddable":true,"href":"https:\/\/noticiasveraces.com\/index.php?rest_route=%2Fwp%2Fv2%2Fcategories&post=8888"},{"taxonomy":"post_tag","embeddable":true,"href":"https:\/\/noticiasveraces.com\/index.php?rest_route=%2Fwp%2Fv2%2Ftags&post=8888"}],"curies":[{"name":"wp","href":"https:\/\/api.w.org\/{rel}","templated":true}]}}