{"id":8882,"date":"2025-01-03T07:45:13","date_gmt":"2025-01-03T11:45:13","guid":{"rendered":"https:\/\/noticiasveraces.com\/?p=8882"},"modified":"2025-01-03T07:45:13","modified_gmt":"2025-01-03T11:45:13","slug":"filtran-la-bronca-de-medina-cantalejo-a-los-arbitros-por-la-expulsion-de-hansi-flick","status":"publish","type":"post","link":"https:\/\/noticiasveraces.com\/?p=8882","title":{"rendered":"Filtran la bronca de Medina Cantalejo a los \u00e1rbitros por la expulsi\u00f3n de Hansi Flick"},"content":{"rendered":"<p> \n<\/p>\n<div id=\"intext\">\n<p>El presidente del Comit\u00e9 T\u00e9cnico de \u00c1rbitros (CTA), Luis Medina Cantalejo, reconoci\u00f3 en una reuni\u00f3n interna con los colegiados que <b>la expulsi\u00f3n de Hansi Flick en el Benito Villamar\u00edn<\/b> ante el Real Betis fue injusta.<\/p>\n<p>En un audio revelado por &#8216;Jijantes&#8217;, se escucha c\u00f3mo Medina Cantalejo pide a los \u00e1rbitros que tengan \u00abun poco de cintura\u00bb e intenten ser \u00abun poquito m\u00e1s justos\u00bb. Asegura Cantalejo que Flick \u00abno hizo nada\u00bb para que Mu\u00f1iz Ruiz lo expulsara en el partido de LaLiga ante el Betis.<\/p>\n<p>\u00abEsta semana de verdad, y lo tengo que decir, hemos visto una expulsi\u00f3n de un entrenador&#8230; que venga Dios y lo vea. Que estamos durante toda la temporada aguantando quejas, gestos, protestas de todo tipo, aspavientos con los brazos, lanzamiento de botella&#8230; de todo, y tragando. Y ahora resulta que por no hacer nada, que por mucho que lo he visto, que tal&#8230; \u00a1joder! \u00ab, reprende a los colegiados el presidente del Llamada a la acci\u00f3n.<\/p>\n<h2 class=\"title-h2\">El acta de Mu\u00f1iz Ruiz<\/h2>\n<p>Mu\u00f1iz Ruiz escribi\u00f3 en el acta que hab\u00eda mostrado tarjeta roja a Flick \u00abpor salir del \u00e1rea t\u00e9cnica gritando y gesticulando\u00bb y \u00abprotestando\u00bb sus decisiones, algo que Medina Cantalejo no advirti\u00f3 en ning\u00fan momento tras revisar varias veces las im\u00e1genes.<\/p>\n<p>El preparador alem\u00e1n fue sancionado por esta expulsi\u00f3n con dos partidos sin poder dirigir a su equipo desde el banquillo. Ambos encuentros, por cierto, con derrota del conjunto cul\u00e9 ante el Legan\u00e9s y el Atl\u00e9tico de Madrid.<\/p>\n<p><i>>S\u00edguenos en nuestro canal de WhatsApp y no te pierdas la \u00faltima hora y toda la actualidad de antena3noticias.com<\/i><\/p>\n<div class=\"recirculation-video\" data-mod=\"a3mod_recirculation_video\">\n<div class=\"recirculation-video-wrapper\">\n<div>\n<div class=\"video-wrapper\">\n  <picture class=\"video-main-picture\"><source media=\"(min-width: 481px)\" srcset=\"https:\/\/fotografias.antena3.com\/clipping\/cmsimages01\/2024\/12\/31\/D77833E7-757E-4D9A-9B06-F433D4D0C5A5\/antena-3-deportes-31-12-24-historica-imagen-aregawi-kiplimo-baten-record-historico-san-silvestre-entran-juntos-meta_94.jpg?crop=1920,1080,x0,y0&amp;width=800&amp;height=450&amp;optimize=medium&amp;format=webply\" width=\"800\" height=\"450\"><source media=\"(min-width: 391px) and (max-width: 480px)\" srcset=\"https:\/\/fotografias.antena3.com\/clipping\/cmsimages01\/2024\/12\/31\/D77833E7-757E-4D9A-9B06-F433D4D0C5A5\/antena-3-deportes-31-12-24-historica-imagen-aregawi-kiplimo-baten-record-historico-san-silvestre-entran-juntos-meta_70.jpg?crop=1920,1080,x0,y0&amp;width=480&amp;height=270&amp;optimize=high&amp;format=webply\" width=\"480\" height=\"270\"><source media=\"(min-width: 321px) and (max-width: 390px)\" srcset=\"https:\/\/fotografias.antena3.com\/clipping\/cmsimages01\/2024\/12\/31\/D77833E7-757E-4D9A-9B06-F433D4D0C5A5\/antena-3-deportes-31-12-24-historica-imagen-aregawi-kiplimo-baten-record-historico-san-silvestre-entran-juntos-meta_92.jpg?crop=1920,1078,x0,y0&amp;width=390&amp;height=219&amp;optimize=high&amp;format=webply\" width=\"390\" height=\"219\"><source media=\"(max-width: 320px)\" srcset=\"https:\/\/fotografias.antena3.com\/clipping\/cmsimages01\/2024\/12\/31\/D77833E7-757E-4D9A-9B06-F433D4D0C5A5\/antena-3-deportes-31-12-24-historica-imagen-aregawi-kiplimo-baten-record-historico-san-silvestre-entran-juntos-meta_52.jpg?crop=1920,1080,x0,y0&amp;width=320&amp;height=180&amp;optimize=high&amp;format=webply\" width=\"320\" height=\"180\"><img decoding=\"async\" title=\"Antena 3 Deportes (31-12-24) Imagen hist\u00f3rica: Aregawi y Kiplimo baten el r\u00e9cord hist\u00f3rico de la San Silvestre \u00a1Y juntos entran a la meta!\" alt=\"Antena 3 Deportes (31-12-24) Imagen hist\u00f3rica: Aregawi y Kiplimo baten el r\u00e9cord hist\u00f3rico de la San Silvestre \u00a1Y juntos entran a la meta!\" width=\"480\" height=\"270\" src=\"https:\/\/fotografias.antena3.com\/clipping\/cmsimages01\/2024\/12\/31\/D77833E7-757E-4D9A-9B06-F433D4D0C5A5\/antena-3-deportes-31-12-24-historica-imagen-aregawi-kiplimo-baten-record-historico-san-silvestre-entran-juntos-meta_70.jpg?crop=1920,1080,x0,y0&amp;width=480&amp;height=270&amp;optimize=high&amp;format=webply\" loading=\"lazy\" class=\"lazy\"\/><br \/>\n  <\/source><\/source><\/source><\/source><\/picture>\n <\/div>\n<\/div><\/div>\n<\/p><\/div>\n<\/div>\n\n","protected":false},"excerpt":{"rendered":"<p>El presidente del Comit\u00e9 T\u00e9cnico de \u00c1rbitros (CTA), Luis Medina Cantalejo, reconoci\u00f3 en una reuni\u00f3n interna con los colegiados que la expulsi\u00f3n de Hansi Flick en el Benito Villamar\u00edn ante el Real Betis fue injusta. En un audio revelado por &#8216;Jijantes&#8217;, se escucha c\u00f3mo Medina Cantalejo pide a los \u00e1rbitros que tengan \u00abun poco de &hellip;<\/p>\n","protected":false},"author":1,"featured_media":8884,"comment_status":"open","ping_status":"open","sticky":false,"template":"","format":"standard","meta":{"fifu_image_url":"https:\/\/fotografias.antena3.com\/clipping\/cmsimages02\/2023\/03\/02\/B8CDB2BA-78F7-45EB-8842-510A8AA603F1\/presidente-comite-tecnico-arbitros-luis-medina-cantalejo-rozas_69.jpg?crop=2192,1233,x0,y0&width=1280&height=720&optimize=low&format=jpg","fifu_image_alt":"","footnotes":""},"categories":[6],"tags":[],"class_list":["post-8882","post","type-post","status-publish","format-standard","has-post-thumbnail","","category-deportes"],"_links":{"self":[{"href":"https:\/\/noticiasveraces.com\/index.php?rest_route=\/wp\/v2\/posts\/8882","targetHints":{"allow":["GET"]}}],"collection":[{"href":"https:\/\/noticiasveraces.com\/index.php?rest_route=\/wp\/v2\/posts"}],"about":[{"href":"https:\/\/noticiasveraces.com\/index.php?rest_route=\/wp\/v2\/types\/post"}],"author":[{"embeddable":true,"href":"https:\/\/noticiasveraces.com\/index.php?rest_route=\/wp\/v2\/users\/1"}],"replies":[{"embeddable":true,"href":"https:\/\/noticiasveraces.com\/index.php?rest_route=%2Fwp%2Fv2%2Fcomments&post=8882"}],"version-history":[{"count":0,"href":"https:\/\/noticiasveraces.com\/index.php?rest_route=\/wp\/v2\/posts\/8882\/revisions"}],"wp:featuredmedia":[{"embeddable":true,"href":"https:\/\/noticiasveraces.com\/index.php?rest_route=\/wp\/v2\/media\/8884"}],"wp:attachment":[{"href":"https:\/\/noticiasveraces.com\/index.php?rest_route=%2Fwp%2Fv2%2Fmedia&parent=8882"}],"wp:term":[{"taxonomy":"category","embeddable":true,"href":"https:\/\/noticiasveraces.com\/index.php?rest_route=%2Fwp%2Fv2%2Fcategories&post=8882"},{"taxonomy":"post_tag","embeddable":true,"href":"https:\/\/noticiasveraces.com\/index.php?rest_route=%2Fwp%2Fv2%2Ftags&post=8882"}],"curies":[{"name":"wp","href":"https:\/\/api.w.org\/{rel}","templated":true}]}}