{"id":8872,"date":"2025-01-03T06:40:12","date_gmt":"2025-01-03T10:40:12","guid":{"rendered":"https:\/\/noticiasveraces.com\/?p=8872"},"modified":"2025-01-03T06:40:12","modified_gmt":"2025-01-03T10:40:12","slug":"cancelan-arresto-de-yoon-tras-impedirlo-su-seguridad-dw-01-03-2025","status":"publish","type":"post","link":"https:\/\/noticiasveraces.com\/?p=8872","title":{"rendered":"Cancelan arresto de Yoon tras impedirlo su seguridad \u2013 DW \u2013 01\/03\/2025"},"content":{"rendered":"<p> \n<\/p>\n<div>\n<p>Las autoridades cancelaron el viernes (3.1.2025) la operaci\u00f3n para detener al presidente surcoreano, Yoon Suk-yeol. Estaba previsto su arresto para interrogarlo por haber decretado la ley marcial en el mes de diciembre. <\/p>\n<p>Un portavoz de la Oficina para las Investigaciones de Corrupci\u00f3n de Funcionarios de Alto Rango de Corea del Sur inform\u00f3 a medios que la operaci\u00f3n se cancel\u00f3 hacia las 13:30 (hora local), despu\u00e9s de que 30 agentes de este organismo y 50 polic\u00edas se encararan Durante unas tres o cuatro horas con el servicio de seguridad presidencial, que se ha negado a facilitar el acceso al interior de la vivienda.<\/p>\n<h2>\u00abObstrucci\u00f3n\u00bb para ejecutar la orden<\/h2>\n<p>\u00abEn cuanto a la ejecuci\u00f3n de la orden de arresto hoy, ante el punto muerto persistente, hemos determinado que era virtualmente imposible ejecutar la orden y est\u00e1bamos preocupados por la seguridad de las personas sobre el terreno, debido a la obstrucci\u00f3n para ejecutarla\u00bb, explic\u00f3 el portavoz en declaraciones que recoge la agencia Yonhap.<\/p>\n<p>El portavoz explic\u00f3 que se estudiar\u00e1n ahora otras medidas y agreg\u00f3 que lamentan \u00abprofundamente la actitud del sospechoso, que no acat\u00f3 los procedimientos legales\u00bb. <\/p>\n<p>Tras superar un primer control militar en el per\u00edmetro del recinto, el equipo de agentes del CIO y polic\u00eda se encar\u00f3 con el servicio de seguridad presidencial, que se neg\u00f3 a aceptar como v\u00e1lidas las \u00f3rdenes de arresto temporal y registro obtenidas, despu\u00e9s de que Yoon ignorara. tres citaciones para declarar en relaci\u00f3n a su decisi\u00f3n de decretar la ley marcial el pasado 3 de diciembre.<\/p>\n<h2>Amplio contingente policial<\/h2>\n<p>Los del presidente congregados cerca de sus seguidores de residencia, en torno a unos 1.200 seg\u00fan la polic\u00eda, celebraron la noticia con v\u00edtores. La Polic\u00eda ha desplegado un nutrido contingente que incluye 2.700 agentes sobre el terreno en las cercan\u00edas de la residencia presidencial, situada en el barrio de Hannam, en Se\u00fal, para evitar altercados.<\/p>\n<p>Los abogados de Yoon han solicitado una orden judicial para anular la orden de detenci\u00f3n, argumentando que solo la Fiscal\u00eda puede solicitar ese tipo de arresto, y han insistido en que es \u00abilegal\u00bb. <\/p>\n<p>Yoon, al que se ha prohibido salir del pa\u00eds, fue destituido por el Parlamento el pasado 14 de diciembre y est\u00e1 a la espera de que el Tribunal Constitucional decida de aqu\u00ed a Junio \u200b\u200bsi lo restituye o lo cesa definitivamente. MS (efe\/afp) <\/p>\n<\/p>\n<\/div>\n\n","protected":false},"excerpt":{"rendered":"<p>Las autoridades cancelaron el viernes (3.1.2025) la operaci\u00f3n para detener al presidente surcoreano, Yoon Suk-yeol. Estaba previsto su arresto para interrogarlo por haber decretado la ley marcial en el mes de diciembre. Un portavoz de la Oficina para las Investigaciones de Corrupci\u00f3n de Funcionarios de Alto Rango de Corea del Sur inform\u00f3 a medios que &hellip;<\/p>\n","protected":false},"author":1,"featured_media":8873,"comment_status":"open","ping_status":"open","sticky":false,"template":"","format":"standard","meta":{"fifu_image_url":"https:\/\/static.dw.com\/image\/71207254_6.jpg","fifu_image_alt":"","footnotes":""},"categories":[13],"tags":[],"class_list":["post-8872","post","type-post","status-publish","format-standard","has-post-thumbnail","","category-mundo"],"_links":{"self":[{"href":"https:\/\/noticiasveraces.com\/index.php?rest_route=\/wp\/v2\/posts\/8872","targetHints":{"allow":["GET"]}}],"collection":[{"href":"https:\/\/noticiasveraces.com\/index.php?rest_route=\/wp\/v2\/posts"}],"about":[{"href":"https:\/\/noticiasveraces.com\/index.php?rest_route=\/wp\/v2\/types\/post"}],"author":[{"embeddable":true,"href":"https:\/\/noticiasveraces.com\/index.php?rest_route=\/wp\/v2\/users\/1"}],"replies":[{"embeddable":true,"href":"https:\/\/noticiasveraces.com\/index.php?rest_route=%2Fwp%2Fv2%2Fcomments&post=8872"}],"version-history":[{"count":0,"href":"https:\/\/noticiasveraces.com\/index.php?rest_route=\/wp\/v2\/posts\/8872\/revisions"}],"wp:featuredmedia":[{"embeddable":true,"href":"https:\/\/noticiasveraces.com\/index.php?rest_route=\/wp\/v2\/media\/8873"}],"wp:attachment":[{"href":"https:\/\/noticiasveraces.com\/index.php?rest_route=%2Fwp%2Fv2%2Fmedia&parent=8872"}],"wp:term":[{"taxonomy":"category","embeddable":true,"href":"https:\/\/noticiasveraces.com\/index.php?rest_route=%2Fwp%2Fv2%2Fcategories&post=8872"},{"taxonomy":"post_tag","embeddable":true,"href":"https:\/\/noticiasveraces.com\/index.php?rest_route=%2Fwp%2Fv2%2Ftags&post=8872"}],"curies":[{"name":"wp","href":"https:\/\/api.w.org\/{rel}","templated":true}]}}