{"id":8867,"date":"2025-01-03T04:35:12","date_gmt":"2025-01-03T08:35:12","guid":{"rendered":"https:\/\/noticiasveraces.com\/?p=8867"},"modified":"2025-01-03T04:35:12","modified_gmt":"2025-01-03T08:35:12","slug":"el-presidente-acusado-de-corea-del-sur-evita-un-intento-de-arresto-despues-de-un-enfrentamiento-de-horas","status":"publish","type":"post","link":"https:\/\/noticiasveraces.com\/?p=8867","title":{"rendered":"El presidente acusado de Corea del Sur evita un intento de arresto despu\u00e9s de un enfrentamiento de horas"},"content":{"rendered":"<p> \n<\/p>\n<div>\n<div class=\"article-gating gated-overlay show-gate\">\n<div class=\"article-gating-wrapper\">\n<p>\u00danase a Fox News para acceder a este contenido<\/p>\n<p>Ha alcanzado su n\u00famero m\u00e1ximo de art\u00edculos. Inicia sesi\u00f3n o crea una cuenta GRATIS para continuar leyendo.<\/p>\n<div class=\"article-gating-legal tablet-desktop\">Al ingresar su correo electr\u00f3nico y presionar Continuar, acepta los T\u00e9rminos de uso y la Pol\u00edtica de privacidad de Fox News, que incluye nuestro Aviso de incentivo financiero.\n    <\/div>\n<p><span>Por favor, introduce una direcci\u00f3n de correo electr\u00f3nico v\u00e1lida.<\/span><\/p>\n<footer class=\"article-gating-footer\">\u00bfTienes problemas? Haga clic aqu\u00ed.<\/footer>\n<\/div>\n<\/div>\n<p class=\"speakable\">El presidente de Corea del Sur, Yoon Suk Yeol, acusado de juicio pol\u00edtico, evit\u00f3 el viernes un intento de arresto el viernes despu\u00e9s de un enfrentamiento de horas entre investigadores de la agencia anticorrupci\u00f3n del pa\u00eds y la seguridad presidencial. <\/p>\n<p class=\"speakable\">Los investigadores abandonaron la residencia oficial del presidente despu\u00e9s de que el servicio de seguridad presidencial les impidiera la entrada durante casi seis horas debido a preocupaciones sobre su seguridad. <\/p>\n<p>La agencia expres\u00f3 \u00abgrave pesar por la actitud del sospechoso, quien no respondi\u00f3 a un proceso conforme a la ley\u00bb.<\/p>\n<p>Yoon, quien fue acusado el mes pasado por su breve declaraci\u00f3n de ley marcial, ha desafiado los intentos de los investigadores de interrogarlo durante semanas. No ha salido de la residencia desde el 12 de diciembre, cuando fue a la cercana oficina presidencial para hacer una declaraci\u00f3n televisada a la naci\u00f3n, prometiendo luchar contra los esfuerzos para derrocarlo.<\/p>\n<p><strong>ORDEN DE DETENCI\u00d3N EMITIDA PARA EL PRESIDENTE DE COREA DEL SUR ACUSADO A MEDIDA QUE SE PROFUNDIZA LA CRISIS POL\u00cdTICA<\/strong><\/p>\n<div class=\"image-ct inline\">\n<div class=\"m\"><picture><source media=\"(max-width: 767px)\" srcset=\"https:\/\/a57.foxnews.com\/static.foxnews.com\/foxnews.com\/content\/uploads\/2023\/01\/343\/192\/AP23010674340985-e1673632352783.jpg?ve=1&amp;tl=1, https:\/\/a57.foxnews.com\/static.foxnews.com\/foxnews.com\/content\/uploads\/2023\/01\/686\/384\/AP23010674340985-e1673632352783.jpg?ve=1&amp;tl=1 2x\" height=\"192\" width=\"343\"><source media=\"(min-width: 768px) and (max-width: 1023px)\" srcset=\"https:\/\/a57.foxnews.com\/static.foxnews.com\/foxnews.com\/content\/uploads\/2023\/01\/672\/378\/AP23010674340985-e1673632352783.jpg?ve=1&amp;tl=1, https:\/\/a57.foxnews.com\/static.foxnews.com\/foxnews.com\/content\/uploads\/2023\/01\/1344\/756\/AP23010674340985-e1673632352783.jpg?ve=1&amp;tl=1 2x\" height=\"378\" width=\"672\"><source media=\"(min-width: 1024px) and (max-width: 1279px)\" srcset=\"https:\/\/a57.foxnews.com\/static.foxnews.com\/foxnews.com\/content\/uploads\/2023\/01\/931\/523\/AP23010674340985-e1673632352783.jpg?ve=1&amp;tl=1, https:\/\/a57.foxnews.com\/static.foxnews.com\/foxnews.com\/content\/uploads\/2023\/01\/1862\/1046\/AP23010674340985-e1673632352783.jpg?ve=1&amp;tl=1 2x\" height=\"523\" width=\"931\"><source media=\"(min-width: 1280px)\" srcset=\"https:\/\/a57.foxnews.com\/static.foxnews.com\/foxnews.com\/content\/uploads\/2023\/01\/720\/405\/AP23010674340985-e1673632352783.jpg?ve=1&amp;tl=1, https:\/\/a57.foxnews.com\/static.foxnews.com\/foxnews.com\/content\/uploads\/2023\/01\/1440\/810\/AP23010674340985-e1673632352783.jpg?ve=1&amp;tl=1 2x\" height=\"405\" width=\"720\"><img loading=\"lazy\" decoding=\"async\" src=\"https:\/\/a57.foxnews.com\/static.foxnews.com\/foxnews.com\/content\/uploads\/2023\/01\/1200\/675\/AP23010674340985-e1673632352783.jpg?ve=1&amp;tl=1\" alt=\"Yoon de Corea del Sur\" width=\"1200\" height=\"675\"\/><\/source><\/source><\/source><\/source><\/picture><\/div>\n<div class=\"info\">\n<div class=\"caption\">\n<p><span>El presidente surcoreano, Yoon Suk Yeol, habla durante una entrevista en la oficina presidencial en Se\u00fal, Corea del Sur, el martes 10 de enero de 2023. <\/span> <span>(Foto AP\/Lee Jin-man)<\/span><\/p>\n<\/div>\n<\/div>\n<\/div>\n<p>Aparentemente frustrado porque sus pol\u00edticas fueron bloqueadas por un parlamento dominado por la oposici\u00f3n, Yoon declar\u00f3 la ley marcial el 3 de diciembre y envi\u00f3 tropas para rodear la Asamblea Nacional. <\/p>\n<p>El Parlamento anul\u00f3 la declaraci\u00f3n en cuesti\u00f3n de horas en una votaci\u00f3n un\u00e1nime y acus\u00f3 a Yoon de rebeli\u00f3n el 14 de diciembre. Mientras tanto, las autoridades anticorrupci\u00f3n y los fiscales han abierto investigaciones separadas. <\/p>\n<p>Un tribunal de Se\u00fal emiti\u00f3 una orden de detenci\u00f3n contra Yoon el martes, pero hacerla cumplir es complicado mientras permanezca en su residencia oficial.<\/p>\n<div class=\"image-ct inline\">\n<div class=\"m\"><picture><source media=\"(max-width: 767px)\" srcset=\"https:\/\/a57.foxnews.com\/static.foxnews.com\/foxnews.com\/content\/uploads\/2025\/01\/343\/192\/south-korea-1.png?ve=1&amp;tl=1, https:\/\/a57.foxnews.com\/static.foxnews.com\/foxnews.com\/content\/uploads\/2025\/01\/686\/384\/south-korea-1.png?ve=1&amp;tl=1 2x\" height=\"192\" width=\"343\"><source media=\"(min-width: 768px) and (max-width: 1023px)\" srcset=\"https:\/\/a57.foxnews.com\/static.foxnews.com\/foxnews.com\/content\/uploads\/2025\/01\/672\/378\/south-korea-1.png?ve=1&amp;tl=1, https:\/\/a57.foxnews.com\/static.foxnews.com\/foxnews.com\/content\/uploads\/2025\/01\/1344\/756\/south-korea-1.png?ve=1&amp;tl=1 2x\" height=\"378\" width=\"672\"><source media=\"(min-width: 1024px) and (max-width: 1279px)\" srcset=\"https:\/\/a57.foxnews.com\/static.foxnews.com\/foxnews.com\/content\/uploads\/2025\/01\/931\/523\/south-korea-1.png?ve=1&amp;tl=1, https:\/\/a57.foxnews.com\/static.foxnews.com\/foxnews.com\/content\/uploads\/2025\/01\/1862\/1046\/south-korea-1.png?ve=1&amp;tl=1 2x\" height=\"523\" width=\"931\"><source media=\"(min-width: 1280px)\" srcset=\"https:\/\/a57.foxnews.com\/static.foxnews.com\/foxnews.com\/content\/uploads\/2025\/01\/720\/405\/south-korea-1.png?ve=1&amp;tl=1, https:\/\/a57.foxnews.com\/static.foxnews.com\/foxnews.com\/content\/uploads\/2025\/01\/1440\/810\/south-korea-1.png?ve=1&amp;tl=1 2x\" height=\"405\" width=\"720\"><img loading=\"lazy\" decoding=\"async\" src=\"https:\/\/a57.foxnews.com\/static.foxnews.com\/foxnews.com\/content\/uploads\/2025\/01\/1200\/675\/south-korea-1.png?ve=1&amp;tl=1\" alt=\"Corea del Sur \" width=\"1200\" height=\"675\"\/><\/source><\/source><\/source><\/source><\/picture><\/div>\n<div class=\"info\">\n<div class=\"caption\">\n<p><span>Investigadores de la Oficina de Investigaci\u00f3n de Corrupci\u00f3n para Funcionarios de Alto Rango llegan a la puerta de la residencia presidencial mientras los partidarios del presidente surcoreano impugnado, Yoon Suk Yeol, organizan una manifestaci\u00f3n para oponerse a que un tribunal haya emitido una orden para detener a Yoon, en Se\u00fal, Corea del Sur. Viernes 3 de enero de 2025.<\/span> <span>(Foto AP\/Lee Jin-man)<\/span><\/p>\n<\/div>\n<\/div>\n<\/div>\n<p><strong>EL TRIBUNAL EMITIE ORDEN DE DETENCI\u00d3N CONTRA EL PRESIDENTE DE COREA DEL SUR, YOON<\/strong><\/p>\n<p>Los abogados de Yoon, que presentaron una impugnaci\u00f3n de la orden el jueves, dicen que no se puede hacer cumplir en su residencia debido a una ley que protege lugares potencialmente vinculados a secretos militares de registros sin el consentimiento de la persona a cargo.<\/p>\n<p>La oficina dijo que discutir\u00e1 nuevas acciones, pero no dijo de inmediato si har\u00eda otro intento de detener a Yoon. La orden de detenci\u00f3n tiene una validez de una semana.<\/p>\n<p>Si los investigadores logran detener a Yoon, probablemente pedir\u00e1n permiso a un tribunal para realizar un arresto formal. En caso contrario, ser\u00e1 puesto en libertad al cabo de 48 horas.<\/p>\n<div class=\"image-ct inline\">\n<div class=\"m\"><picture><source media=\"(max-width: 767px)\" srcset=\"https:\/\/a57.foxnews.com\/static.foxnews.com\/foxnews.com\/content\/uploads\/2025\/01\/343\/192\/south-korea-2.png?ve=1&amp;tl=1, https:\/\/a57.foxnews.com\/static.foxnews.com\/foxnews.com\/content\/uploads\/2025\/01\/686\/384\/south-korea-2.png?ve=1&amp;tl=1 2x\" height=\"192\" width=\"343\"><source media=\"(min-width: 768px) and (max-width: 1023px)\" srcset=\"https:\/\/a57.foxnews.com\/static.foxnews.com\/foxnews.com\/content\/uploads\/2025\/01\/672\/378\/south-korea-2.png?ve=1&amp;tl=1, https:\/\/a57.foxnews.com\/static.foxnews.com\/foxnews.com\/content\/uploads\/2025\/01\/1344\/756\/south-korea-2.png?ve=1&amp;tl=1 2x\" height=\"378\" width=\"672\"><source media=\"(min-width: 1024px) and (max-width: 1279px)\" srcset=\"https:\/\/a57.foxnews.com\/static.foxnews.com\/foxnews.com\/content\/uploads\/2025\/01\/931\/523\/south-korea-2.png?ve=1&amp;tl=1, https:\/\/a57.foxnews.com\/static.foxnews.com\/foxnews.com\/content\/uploads\/2025\/01\/1862\/1046\/south-korea-2.png?ve=1&amp;tl=1 2x\" height=\"523\" width=\"931\"><source media=\"(min-width: 1280px)\" srcset=\"https:\/\/a57.foxnews.com\/static.foxnews.com\/foxnews.com\/content\/uploads\/2025\/01\/720\/405\/south-korea-2.png?ve=1&amp;tl=1, https:\/\/a57.foxnews.com\/static.foxnews.com\/foxnews.com\/content\/uploads\/2025\/01\/1440\/810\/south-korea-2.png?ve=1&amp;tl=1 2x\" height=\"405\" width=\"720\"><img loading=\"lazy\" decoding=\"async\" src=\"https:\/\/a57.foxnews.com\/static.foxnews.com\/foxnews.com\/content\/uploads\/2025\/01\/1200\/675\/south-korea-2.png?ve=1&amp;tl=1\" alt=\"Corea del Sur\" width=\"1200\" height=\"675\"\/><\/source><\/source><\/source><\/source><\/picture><\/div>\n<div class=\"info\">\n<div class=\"caption\">\n<p><span>Los partidarios del presidente surcoreano acusado, Yoon Suk Yeol, organizan una manifestaci\u00f3n para oponerse a que un tribunal haya emitido una orden para detener a Yoon, cerca de la residencia presidencial en Se\u00fal, Corea del Sur, el viernes 3 de enero de 2025. <\/span> <span>(Foto AP\/Lee Jin-man)<\/span><\/p>\n<\/div>\n<\/div>\n<\/div>\n<p>Miles de agentes de polic\u00eda se reunieron en la residencia de Yoon el viernes, formando un per\u00edmetro alrededor de un creciente grupo de manifestantes pro-Yoon que desafiaron temperaturas bajo cero durante horas, ondeando banderas surcoreanas y estadounidenses mientras coreaban consignas en su apoyo. <\/p>\n<p>No hubo informes inmediatos de enfrentamientos importantes fuera de la residencia.<\/p>\n<p>Casi cinco horas despu\u00e9s de que se viera a decenas de investigadores y agentes de polic\u00eda entrando por la puerta de la residencia en Se\u00fal para ejecutar una orden de detenci\u00f3n de Yoon, la dram\u00e1tica escena parec\u00eda haberse convertido en un enfrentamiento. Dos de los abogados de Yoon, Yoon Kap-keun y Kim Hong-il, fueron vistos entrando por la puerta de la residencia presidencial alrededor del mediod\u00eda.<\/p>\n<p>No estaba claro si los investigadores ingresaron con \u00e9xito al edificio residencial de Yoon, pero la televisi\u00f3n surcoreana YTN inform\u00f3 de enfrentamientos cuando los investigadores y la polic\u00eda se enfrentaron a las fuerzas de seguridad presidenciales.<\/p>\n<p><strong>HAGA CLIC AQU\u00cd PARA OBTENER LA APLICACI\u00d3N FOX NEWS<\/strong><\/p>\n<p>Los poderes presidenciales de Yoon han sido suspendidos desde que la Asamblea Nacional vot\u00f3 a favor de destituirlo el 14 de diciembre. El destino de Yoon ahora recae en el Tribunal Constitucional, que ha iniciado deliberaciones sobre si confirmar el juicio pol\u00edtico y destituir formalmente a Yoon de su cargo o restituirlo. Al menos seis jueces del Tribunal Constitucional de nueve miembros deben votar a favor de destituirlo de su cargo.<\/p>\n<\/div>\n<p><i>La Prensa Asociada contribuy\u00f3 a este informe.<\/i><\/p>\n\n","protected":false},"excerpt":{"rendered":"<p>\u00danase a Fox News para acceder a este contenido Ha alcanzado su n\u00famero m\u00e1ximo de art\u00edculos. Inicia sesi\u00f3n o crea una cuenta GRATIS para continuar leyendo. Al ingresar su correo electr\u00f3nico y presionar Continuar, acepta los T\u00e9rminos de uso y la Pol\u00edtica de privacidad de Fox News, que incluye nuestro Aviso de incentivo financiero. Por &hellip;<\/p>\n","protected":false},"author":1,"featured_media":8869,"comment_status":"open","ping_status":"open","sticky":false,"template":"","format":"standard","meta":{"fifu_image_url":"https:\/\/static.foxnews.com\/foxnews.com\/content\/uploads\/2023\/01\/AP23010674340985-e1673632352783.jpg","fifu_image_alt":"","footnotes":""},"categories":[13],"tags":[],"class_list":["post-8867","post","type-post","status-publish","format-standard","has-post-thumbnail","","category-mundo"],"_links":{"self":[{"href":"https:\/\/noticiasveraces.com\/index.php?rest_route=\/wp\/v2\/posts\/8867","targetHints":{"allow":["GET"]}}],"collection":[{"href":"https:\/\/noticiasveraces.com\/index.php?rest_route=\/wp\/v2\/posts"}],"about":[{"href":"https:\/\/noticiasveraces.com\/index.php?rest_route=\/wp\/v2\/types\/post"}],"author":[{"embeddable":true,"href":"https:\/\/noticiasveraces.com\/index.php?rest_route=\/wp\/v2\/users\/1"}],"replies":[{"embeddable":true,"href":"https:\/\/noticiasveraces.com\/index.php?rest_route=%2Fwp%2Fv2%2Fcomments&post=8867"}],"version-history":[{"count":0,"href":"https:\/\/noticiasveraces.com\/index.php?rest_route=\/wp\/v2\/posts\/8867\/revisions"}],"wp:featuredmedia":[{"embeddable":true,"href":"https:\/\/noticiasveraces.com\/index.php?rest_route=\/wp\/v2\/media\/8869"}],"wp:attachment":[{"href":"https:\/\/noticiasveraces.com\/index.php?rest_route=%2Fwp%2Fv2%2Fmedia&parent=8867"}],"wp:term":[{"taxonomy":"category","embeddable":true,"href":"https:\/\/noticiasveraces.com\/index.php?rest_route=%2Fwp%2Fv2%2Fcategories&post=8867"},{"taxonomy":"post_tag","embeddable":true,"href":"https:\/\/noticiasveraces.com\/index.php?rest_route=%2Fwp%2Fv2%2Ftags&post=8867"}],"curies":[{"name":"wp","href":"https:\/\/api.w.org\/{rel}","templated":true}]}}