{"id":8847,"date":"2025-01-03T02:24:20","date_gmt":"2025-01-03T06:24:20","guid":{"rendered":"https:\/\/noticiasveraces.com\/?p=8847"},"modified":"2025-01-03T02:24:20","modified_gmt":"2025-01-03T06:24:20","slug":"ministros-de-exteriores-de-alemania-y-francia-llegan-a-siria-dw-01-03-2025","status":"publish","type":"post","link":"https:\/\/noticiasveraces.com\/?p=8847","title":{"rendered":"Ministros de Exteriores de Alemania y Francia llegan a Siria \u2013 DW \u2013 01\/03\/2025"},"content":{"rendered":"<p> \n<\/p>\n<div>\n<p>Los ministros de Relaciones Exteriores de Alemania y Francia llegaron a Damasco el viernes (01.03.2025), en la primera visita de jefes diplom\u00e1ticos de grandes potencias occidentales al nuevo gobierno de Siria, informaron fuentes oficiales en Par\u00eds.<\/p>\n<p>El canciller franc\u00e9s Jean-No\u00ebl Barrot y su hom\u00f3loga alemana Annalena Baerbock se reunir\u00e1n con el nuevo dirigente sirio Ahmad al Sharaa, l\u00edder del grupo islamista al frente de la coalici\u00f3n que derroc\u00f3 al r\u00e9gimen de Bashar al Asad.<\/p>\n<p>La visita de Baerbock y Barrot es la primera que realizan ministros de Asuntos Exteriores de la Uni\u00f3n Europea (UE) a Siria desde la ca\u00edda de al Asad a principios de diciembre pasado.<\/p>\n<h2>\u00abApoyar al pueblo sirio\u00bb<\/h2>\n<p>En una declaraci\u00f3n previa a su viaje, Baerbock puso condiciones a los nuevos dirigentes sirios para reanudar las relaciones con Alemania y la UE.<\/p>\n<p>Afirm\u00f3, entre otras cosas, que las mujeres y los hombres de todos los grupos \u00e9tnicos o religiosos deb\u00edan tener un lugar en la sociedad siria, con derechos y protecci\u00f3n.<\/p>\n<blockquote class=\"tweet embed\" data-id=\"1875057068165804430\"\/>\n<p>Agreg\u00f3 que Alemania desea ayudar a Siria a volver a ser \u00abun Estado que funcione y tenga pleno control sobre su territorio\u00bb.<\/p>\n<p>El gobierno de transici\u00f3n de Siria est\u00e1 presidido por Ahmed al Sharaa, gobernante de facto y l\u00edder del grupo rebelde islamista Hayat Tahrir al-Sham (HTS). Al-Sharaa era conocido anteriormente por su nombre de guerra Abu Mohamed al Jolani.<\/p>\n<p>Pese al \u00abescepticismo\u00bb ante las fuerzas de HTS, \u00abno debemos perder la oportunidad de apoyar al pueblo sirio en esta importante encrucijada\u00bb, declar\u00f3 Annalena Baerbock.<\/p>\n<p>gs (afp, dpa)<\/p>\n<\/div>\n\n","protected":false},"excerpt":{"rendered":"<p>Los ministros de Relaciones Exteriores de Alemania y Francia llegaron a Damasco el viernes (01.03.2025), en la primera visita de jefes diplom\u00e1ticos de grandes potencias occidentales al nuevo gobierno de Siria, informaron fuentes oficiales en Par\u00eds. El canciller franc\u00e9s Jean-No\u00ebl Barrot y su hom\u00f3loga alemana Annalena Baerbock se reunir\u00e1n con el nuevo dirigente sirio Ahmad &hellip;<\/p>\n","protected":false},"author":1,"featured_media":8848,"comment_status":"open","ping_status":"open","sticky":false,"template":"","format":"standard","meta":{"fifu_image_url":"https:\/\/static.dw.com\/image\/71174907_6.jpg","fifu_image_alt":"","footnotes":""},"categories":[13],"tags":[],"class_list":["post-8847","post","type-post","status-publish","format-standard","has-post-thumbnail","","category-mundo"],"_links":{"self":[{"href":"https:\/\/noticiasveraces.com\/index.php?rest_route=\/wp\/v2\/posts\/8847","targetHints":{"allow":["GET"]}}],"collection":[{"href":"https:\/\/noticiasveraces.com\/index.php?rest_route=\/wp\/v2\/posts"}],"about":[{"href":"https:\/\/noticiasveraces.com\/index.php?rest_route=\/wp\/v2\/types\/post"}],"author":[{"embeddable":true,"href":"https:\/\/noticiasveraces.com\/index.php?rest_route=\/wp\/v2\/users\/1"}],"replies":[{"embeddable":true,"href":"https:\/\/noticiasveraces.com\/index.php?rest_route=%2Fwp%2Fv2%2Fcomments&post=8847"}],"version-history":[{"count":0,"href":"https:\/\/noticiasveraces.com\/index.php?rest_route=\/wp\/v2\/posts\/8847\/revisions"}],"wp:featuredmedia":[{"embeddable":true,"href":"https:\/\/noticiasveraces.com\/index.php?rest_route=\/wp\/v2\/media\/8848"}],"wp:attachment":[{"href":"https:\/\/noticiasveraces.com\/index.php?rest_route=%2Fwp%2Fv2%2Fmedia&parent=8847"}],"wp:term":[{"taxonomy":"category","embeddable":true,"href":"https:\/\/noticiasveraces.com\/index.php?rest_route=%2Fwp%2Fv2%2Fcategories&post=8847"},{"taxonomy":"post_tag","embeddable":true,"href":"https:\/\/noticiasveraces.com\/index.php?rest_route=%2Fwp%2Fv2%2Ftags&post=8847"}],"curies":[{"name":"wp","href":"https:\/\/api.w.org\/{rel}","templated":true}]}}