{"id":8815,"date":"2025-01-02T19:39:19","date_gmt":"2025-01-02T23:39:19","guid":{"rendered":"https:\/\/noticiasveraces.com\/?p=8815"},"modified":"2025-01-02T19:39:19","modified_gmt":"2025-01-02T23:39:19","slug":"el-real-madrid-inicia-el-proceso-para-las-elecciones-a-presidente-y-junta-directiva","status":"publish","type":"post","link":"https:\/\/noticiasveraces.com\/?p=8815","title":{"rendered":"El Real Madrid inicia el proceso para las elecciones a presidente y Junta Directiva"},"content":{"rendered":"<p> \n<\/p>\n<div id=\"intext\">\n<p>El Real Madrid ha anunciado mediante un comunicado oficial que arranca el proceso que derivar\u00e1 en las elecciones a la presidencia del club en este 2025.<\/p>\n<h2 class=\"title-h2\">Comunicado del Real Madrid<\/h2>\n<p><i>\u00abEl presidente del Real Madrid, Florentino P\u00e9rez, convoca a la Junta Directiva del club el d\u00eda 7 de enero de 2025, a las 17:30 h, con el objeto de iniciar el proceso de elecciones a presidente y Junta Directiva para los pr\u00f3ximos cuatro a\u00f1os\u201d.<\/i><\/p>\n<h2 class=\"title-h2\">El proceso se adelanta tres meses<\/h2>\n<p>De este modo, el proceso se adelanta tres meses, porque la \u00faltima convocatoria tuvo lugar en abril de 2021. Ahora, una vez que sea aprobada la convocatoria por la Directiva, ser\u00e1 trasladada a la Junta Electoral para el inicio del procedimiento de convocatoria de elecciones. .<\/p>\n<p>En la segunda etapa como presidente del Real Madrid, Florentino P\u00e9rez se present\u00f3 como \u00fanico candidato en los comicios de 2009, 2013, 2017 y 2021 para convertirse en el m\u00e1ximo mandatario del club madridista durante m\u00e1s de 15 a\u00f1os consecutivos.<\/p>\n<p><i>>S\u00edguenos en nuestro canal de WhatsApp y no te pierdas la \u00faltima hora y toda la actualidad de antena3noticias.com<\/i><\/p>\n<div class=\"recirculation-video\" data-mod=\"a3mod_recirculation_video\">\n<div class=\"recirculation-video-wrapper\">\n<div>\n<div class=\"video-wrapper\">\n  <picture class=\"video-main-picture\"><source media=\"(min-width: 481px)\" srcset=\"https:\/\/fotografias.antena3.com\/clipping\/cmsimages01\/2024\/12\/31\/7AEC37C6-1B65-448C-B674-8B49F0CF4506\/jesus-navas-sergio-ramos-rodri-hernandez_94.jpg?crop=2816,1584,x0,y0&amp;width=800&amp;height=450&amp;optimize=medium&amp;format=webply\" width=\"800\" height=\"450\"><source media=\"(min-width: 391px) and (max-width: 480px)\" srcset=\"https:\/\/fotografias.antena3.com\/clipping\/cmsimages01\/2024\/12\/31\/7AEC37C6-1B65-448C-B674-8B49F0CF4506\/jesus-navas-sergio-ramos-rodri-hernandez_70.jpg?crop=2816,1584,x0,y0&amp;width=480&amp;height=270&amp;optimize=high&amp;format=webply\" width=\"480\" height=\"270\"><source media=\"(min-width: 321px) and (max-width: 390px)\" srcset=\"https:\/\/fotografias.antena3.com\/clipping\/cmsimages01\/2024\/12\/31\/7AEC37C6-1B65-448C-B674-8B49F0CF4506\/jesus-navas-sergio-ramos-rodri-hernandez_92.jpg?crop=2816,1581,x0,y0&amp;width=390&amp;height=219&amp;optimize=high&amp;format=webply\" width=\"390\" height=\"219\"><source media=\"(max-width: 320px)\" srcset=\"https:\/\/fotografias.antena3.com\/clipping\/cmsimages01\/2024\/12\/31\/7AEC37C6-1B65-448C-B674-8B49F0CF4506\/jesus-navas-sergio-ramos-rodri-hernandez_52.jpg?crop=2816,1584,x0,y0&amp;width=320&amp;height=180&amp;optimize=high&amp;format=webply\" width=\"320\" height=\"180\"><img decoding=\"async\" title=\"Jes\u00fas Navas, Sergio Ramos y Rodri Hern\u00e1ndez\" alt=\"Jes\u00fas Navas, Sergio Ramos y Rodri Hern\u00e1ndez\" width=\"480\" height=\"270\" src=\"https:\/\/fotografias.antena3.com\/clipping\/cmsimages01\/2024\/12\/31\/7AEC37C6-1B65-448C-B674-8B49F0CF4506\/jesus-navas-sergio-ramos-rodri-hernandez_70.jpg?crop=2816,1584,x0,y0&amp;width=480&amp;height=270&amp;optimize=high&amp;format=webply\" loading=\"lazy\" class=\"lazy\"\/><br \/>\n  <\/source><\/source><\/source><\/source><\/picture>\n <\/div>\n<\/div><\/div>\n<\/p><\/div>\n<\/div>\n\n","protected":false},"excerpt":{"rendered":"<p>El Real Madrid ha anunciado mediante un comunicado oficial que arranca el proceso que derivar\u00e1 en las elecciones a la presidencia del club en este 2025. Comunicado del Real Madrid \u00abEl presidente del Real Madrid, Florentino P\u00e9rez, convoca a la Junta Directiva del club el d\u00eda 7 de enero de 2025, a las 17:30 h, &hellip;<\/p>\n","protected":false},"author":1,"featured_media":8817,"comment_status":"open","ping_status":"open","sticky":false,"template":"","format":"standard","meta":{"fifu_image_url":"https:\/\/fotografias.antena3.com\/clipping\/cmsimages01\/2024\/11\/24\/CFBA6A4E-2CCB-4C28-8639-5AD782C0A454\/florentino-perez-asamblea-general-socios_69.jpg?crop=3379,1901,x0,y0&width=1280&height=720&optimize=low&format=jpg","fifu_image_alt":"","footnotes":""},"categories":[6],"tags":[],"class_list":["post-8815","post","type-post","status-publish","format-standard","has-post-thumbnail","","category-deportes"],"_links":{"self":[{"href":"https:\/\/noticiasveraces.com\/index.php?rest_route=\/wp\/v2\/posts\/8815","targetHints":{"allow":["GET"]}}],"collection":[{"href":"https:\/\/noticiasveraces.com\/index.php?rest_route=\/wp\/v2\/posts"}],"about":[{"href":"https:\/\/noticiasveraces.com\/index.php?rest_route=\/wp\/v2\/types\/post"}],"author":[{"embeddable":true,"href":"https:\/\/noticiasveraces.com\/index.php?rest_route=\/wp\/v2\/users\/1"}],"replies":[{"embeddable":true,"href":"https:\/\/noticiasveraces.com\/index.php?rest_route=%2Fwp%2Fv2%2Fcomments&post=8815"}],"version-history":[{"count":0,"href":"https:\/\/noticiasveraces.com\/index.php?rest_route=\/wp\/v2\/posts\/8815\/revisions"}],"wp:featuredmedia":[{"embeddable":true,"href":"https:\/\/noticiasveraces.com\/index.php?rest_route=\/wp\/v2\/media\/8817"}],"wp:attachment":[{"href":"https:\/\/noticiasveraces.com\/index.php?rest_route=%2Fwp%2Fv2%2Fmedia&parent=8815"}],"wp:term":[{"taxonomy":"category","embeddable":true,"href":"https:\/\/noticiasveraces.com\/index.php?rest_route=%2Fwp%2Fv2%2Fcategories&post=8815"},{"taxonomy":"post_tag","embeddable":true,"href":"https:\/\/noticiasveraces.com\/index.php?rest_route=%2Fwp%2Fv2%2Ftags&post=8815"}],"curies":[{"name":"wp","href":"https:\/\/api.w.org\/{rel}","templated":true}]}}