{"id":8785,"date":"2025-01-02T13:25:15","date_gmt":"2025-01-02T17:25:15","guid":{"rendered":"https:\/\/noticiasveraces.com\/?p=8785"},"modified":"2025-01-02T13:25:15","modified_gmt":"2025-01-02T17:25:15","slug":"rodri-hernandez-contesta-a-cristiano-ronaldo-por-el-balon-de-oro","status":"publish","type":"post","link":"https:\/\/noticiasveraces.com\/?p=8785","title":{"rendered":"Rodri Hern\u00e1ndez contesta a Cristiano Ronaldo por el Bal\u00f3n de Oro"},"content":{"rendered":"<p> \n<\/p>\n<div id=\"intext\">\n<p>Rodri Hern\u00e1ndez hizo historia el 2024 coron\u00e1ndose como el segundo futbolista masculino nacido en Espa\u00f1a en <b>ganar el Bal\u00f3n de Oro<\/b> tras Luis Su\u00e1rez en 1960. Una decisi\u00f3n que levant\u00f3 una aut\u00e9ntica polvareda al arrebat\u00e1rselo a Vin\u00edcius Jr., el gran favorito y posteriormente The Best, lo que provoc\u00f3 una tremenda rajada de Cristiano Ronaldo contra la organizaci\u00f3n del premio.<\/p>\n<p>\u00abVini hizo una magn\u00edfica temporada, en mi opini\u00f3n mereci\u00f3 ganar el Bal\u00f3n de Oro, lo digo delante de todo el mundo. Ellos se lo dieron a Rodrigo, que lo merec\u00eda tambi\u00e9n, pero se lo tuvieron que dar a Vin\u00edcius porque \u00e9l gan\u00f3 la Champions League, marc\u00f3 en la final. Los otros equipos a m\u00ed no me importan. Cuando te lo mereces, te lo tienen que dar\u00bb, dijo el portugu\u00e9s en la gala de los Globe Soccer.<\/p>\n<p>Unas palabras a las que ha respondido ahora el mediocentro del Manchester City en una entrevista con el diario As. El madrile\u00f1o reconoce que le sorprender\u00e1 que el cinco veces ganador del Bal\u00f3n de Oro hablara en esos t\u00e9rminos: \u00abFue una sorpresa, la verdad, porque \u00e9l mejor que nadie sabe c\u00f3mo funciona este premio y, sobre todo, c\u00f3mo se elige al ganador. Este a\u00f1o los periodistas que votaron han considerado que yo deb\u00eda ganarlo y, probablemente, estos mismos periodistas fueron los que en alg\u00fan momento votaron para que lo ganara \u00e9l.<\/p>\n<h2 class=\"title-h2\">\u00abHa cambiado mi vida\u00bb<\/h2>\n<p>Rodri Hern\u00e1ndez reconoce asimismo que su vida ha cambiado despu\u00e9s del Bal\u00f3n de Oro que culmin\u00f3 una temporada espectacular, en la que adem\u00e1s <b>gan\u00f3 la cuarta Eurocopa de la selecci\u00f3n espa\u00f1ola<\/b>: \u00abQuiz\u00e1s no era consciente al ganarlo, pero ha cambiado mi vida. La magnitud de salir a la calle ya no es la misma. Hay muchas cosas que antes pod\u00eda hacer y que ya, evidentemente, no. Pero bueno, es por una buena raz\u00f3n, es por ese reconocimiento que he tenido y que ha sido tan importante para m\u00ed y mi familia Es un momento inolvidable\u00bb.<\/p>\n<p>El 2024 de Rodri tuvo como punto negativo de la grave lesi\u00f3n de ligamento cruzado que le obligar\u00e1 a estar varios meses en el dique seco. \u00c9l, sin embargo, intenta ser positivo: \u00abYo tengo la filosof\u00eda de que en la vida hay que coger las cosas como te vienen dadas. Ni hay que lamentarse cuando las cosas no son como t\u00fa quieres ni volverse loco cuando ganas un Bal\u00f3n de Oro . Dios me ha dado lo que me ha dado y estoy s\u00faper agradecido. Debo lidiar con todo, tambi\u00e9n con las lesiones, y hay que tirar hacia adelante\u00bb.<\/p>\n<h2 class=\"title-h2\">Quiere volver esta temporada<\/h2>\n<p>De hecho, Rodri se ve jugando antes de que acabe la campa\u00f1a: \u00abS\u00ed, me veo jugando. Adem\u00e1s, yo me conozco y soy una persona que recupero bien, con mentalidad positiva. Han dicho que era muy importante el tema del coco en la recuperaci\u00f3n. Ya digo que est\u00e1 yendo todo muy bien y claro que quiero volver a jugar esta temporada\u00bb.<\/p>\n<h2 class=\"title-h2\">La crisis del Manchester City<\/h2>\n<p>Su club, el Manchester City, est\u00e1 notando de forma dram\u00e1tica la baja de Rodri Hern\u00e1ndez. Una situaci\u00f3n in\u00e9dita en la carrera de Pep Guardiola: \u00abSiempre digo que cuando hay bajas en determinadas demarcaciones el equipo lo acusa. Lo hemos vivido algunos otros a\u00f1os con De Bruyne o con otro jugador que ha estado mucho tiempo de ausencia. Es un momento en el que el equipo tiene que estar unido. S\u00e9 que estamos en un tiempo malo, un tiempo que quiz\u00e1s nos est\u00e1 costando similar y en el que no nos estamos encontrando bien, pero al final esto es parte del deporte.<\/p>\n<p>\u00abLo bueno es que hay margen en lo que resta de temporada. El f\u00fatbol cambia mucho. No creo que al final sea muy significativo este momento, ni para lo bueno ni para lo malo. Pasas por fases durante todo el a\u00f1o. Las temporadas ahora son m\u00e1s largos y es importante la madurez y estar tranquilo. No hay que relajarse ni creer que esto va a cambiar de la noche a la ma\u00f1ana, eso no pasa en el f\u00fatbol. Estamos en una situaci\u00f3n, dir\u00eda, un poco l\u00edmite. intentar ganar, pero sin p\u00e1nico\u00bb, reflexion\u00f3 el Bal\u00f3n vigente de Oro.<\/p>\n<p><i>>S\u00edguenos en nuestro canal de WhatsApp y no te pierdas la \u00faltima hora y toda la actualidad de antena3noticias.com<\/i><\/p>\n<div class=\"recirculation-video\" data-mod=\"a3mod_recirculation_video\">\n<div class=\"recirculation-video-wrapper\">\n<div>\n<div class=\"video-wrapper\">\n  <picture class=\"video-main-picture\"><source media=\"(min-width: 481px)\" srcset=\"https:\/\/fotografias.antena3.com\/clipping\/cmsimages01\/2025\/01\/02\/CE373C18-72ED-4AA9-BACC-7A829CA8BB8D\/magnus-carlsen-partida-2021_94.jpg?crop=5472,3078,x0,y0&amp;width=800&amp;height=450&amp;optimize=medium&amp;format=webply\" width=\"800\" height=\"450\"><source media=\"(min-width: 391px) and (max-width: 480px)\" srcset=\"https:\/\/fotografias.antena3.com\/clipping\/cmsimages01\/2025\/01\/02\/CE373C18-72ED-4AA9-BACC-7A829CA8BB8D\/magnus-carlsen-partida-2021_70.jpg?crop=5472,3078,x0,y0&amp;width=480&amp;height=270&amp;optimize=high&amp;format=webply\" width=\"480\" height=\"270\"><source media=\"(min-width: 321px) and (max-width: 390px)\" srcset=\"https:\/\/fotografias.antena3.com\/clipping\/cmsimages01\/2025\/01\/02\/CE373C18-72ED-4AA9-BACC-7A829CA8BB8D\/magnus-carlsen-partida-2021_92.jpg?crop=5472,3073,x0,y0&amp;width=390&amp;height=219&amp;optimize=high&amp;format=webply\" width=\"390\" height=\"219\"><source media=\"(max-width: 320px)\" srcset=\"https:\/\/fotografias.antena3.com\/clipping\/cmsimages01\/2025\/01\/02\/CE373C18-72ED-4AA9-BACC-7A829CA8BB8D\/magnus-carlsen-partida-2021_52.jpg?crop=5472,3078,x0,y0&amp;width=320&amp;height=180&amp;optimize=high&amp;format=webply\" width=\"320\" height=\"180\"><img decoding=\"async\" title=\"Magnus Carlsen durante una partida en 2021\" alt=\"Magnus Carlsen durante una partida en 2021\" width=\"480\" height=\"270\" src=\"https:\/\/fotografias.antena3.com\/clipping\/cmsimages01\/2025\/01\/02\/CE373C18-72ED-4AA9-BACC-7A829CA8BB8D\/magnus-carlsen-partida-2021_70.jpg?crop=5472,3078,x0,y0&amp;width=480&amp;height=270&amp;optimize=high&amp;format=webply\" loading=\"lazy\" class=\"lazy\"\/><br \/>\n  <\/source><\/source><\/source><\/source><\/picture>\n <\/div>\n<\/div><\/div>\n<\/p><\/div>\n<\/div>\n\n","protected":false},"excerpt":{"rendered":"<p>Rodri Hern\u00e1ndez hizo historia el 2024 coron\u00e1ndose como el segundo futbolista masculino nacido en Espa\u00f1a en ganar el Bal\u00f3n de Oro tras Luis Su\u00e1rez en 1960. Una decisi\u00f3n que levant\u00f3 una aut\u00e9ntica polvareda al arrebat\u00e1rselo a Vin\u00edcius Jr., el gran favorito y posteriormente The Best, lo que provoc\u00f3 una tremenda rajada de Cristiano Ronaldo contra &hellip;<\/p>\n","protected":false},"author":1,"featured_media":8787,"comment_status":"open","ping_status":"open","sticky":false,"template":"","format":"standard","meta":{"fifu_image_url":"https:\/\/fotografias.antena3.com\/clipping\/cmsimages02\/2024\/11\/09\/421D4CB7-5AFA-436B-9126-415B95FD7D9D\/rodri-hernandez-posa-balon-oro-2024-paris_69.jpg?crop=3060,1721,x0,y0&width=1280&height=720&optimize=low&format=jpg","fifu_image_alt":"","footnotes":""},"categories":[6],"tags":[],"class_list":["post-8785","post","type-post","status-publish","format-standard","has-post-thumbnail","","category-deportes"],"_links":{"self":[{"href":"https:\/\/noticiasveraces.com\/index.php?rest_route=\/wp\/v2\/posts\/8785","targetHints":{"allow":["GET"]}}],"collection":[{"href":"https:\/\/noticiasveraces.com\/index.php?rest_route=\/wp\/v2\/posts"}],"about":[{"href":"https:\/\/noticiasveraces.com\/index.php?rest_route=\/wp\/v2\/types\/post"}],"author":[{"embeddable":true,"href":"https:\/\/noticiasveraces.com\/index.php?rest_route=\/wp\/v2\/users\/1"}],"replies":[{"embeddable":true,"href":"https:\/\/noticiasveraces.com\/index.php?rest_route=%2Fwp%2Fv2%2Fcomments&post=8785"}],"version-history":[{"count":0,"href":"https:\/\/noticiasveraces.com\/index.php?rest_route=\/wp\/v2\/posts\/8785\/revisions"}],"wp:featuredmedia":[{"embeddable":true,"href":"https:\/\/noticiasveraces.com\/index.php?rest_route=\/wp\/v2\/media\/8787"}],"wp:attachment":[{"href":"https:\/\/noticiasveraces.com\/index.php?rest_route=%2Fwp%2Fv2%2Fmedia&parent=8785"}],"wp:term":[{"taxonomy":"category","embeddable":true,"href":"https:\/\/noticiasveraces.com\/index.php?rest_route=%2Fwp%2Fv2%2Fcategories&post=8785"},{"taxonomy":"post_tag","embeddable":true,"href":"https:\/\/noticiasveraces.com\/index.php?rest_route=%2Fwp%2Fv2%2Ftags&post=8785"}],"curies":[{"name":"wp","href":"https:\/\/api.w.org\/{rel}","templated":true}]}}