{"id":8689,"date":"2025-01-01T19:43:07","date_gmt":"2025-01-01T23:43:07","guid":{"rendered":"https:\/\/noticiasveraces.com\/?p=8689"},"modified":"2025-01-01T19:43:07","modified_gmt":"2025-01-01T23:43:07","slug":"inteligencia-artificial-desafios-para-2025","status":"publish","type":"post","link":"https:\/\/noticiasveraces.com\/?p=8689","title":{"rendered":"Inteligencia Artificial: desaf\u00edos para 2025"},"content":{"rendered":"<p> \n<br \/><img decoding=\"async\" src=\"https:\/\/gdb.voanews.com\/bb00d26e-49d3-4292-a6b6-3a97c599d853_w800_h450.jpg\" \/><\/p>\n<div>\n<span class=\"dateline\">MIAMI, EEUU\u2014 <\/span><\/p>\n<p>No hay duda de que la inteligencia artificial (IA) est\u00e1 reconfigurando el panorama en varios escenarios, desde la pol\u00edtica hasta el periodismo y la democracia. Sin embargo, su r\u00e1pida evoluci\u00f3n plantea preguntas esenciales sobre c\u00f3mo equilibrar sus beneficios con la mitigaci\u00f3n de riesgos, algo que seg\u00fan expertos en la materia permitir\u00e1 que sea necesario de forma urgente a lo largo del pr\u00f3ximo a\u00f1o.<\/p>\n<p>Tamara Taraciuk Broner, directora del Programa sobre Estado de Derecho del Di\u00e1logo Interamericano, un centro de estudios en Washington DC, subraya \u201cel papel crucial\u201d que est\u00e1 teniendo la tecnolog\u00eda en el debate p\u00fablico.<\/p>\n<p>\u00abLa inteligencia artificial nos obliga a repensar nuestras instituciones democr\u00e1ticas para garantizar que se adapten a los cambios, pero tambi\u00e9n que los regulen de manera equitativa\u00bb, apunta al respecto.<\/p>\n<h3 class=\"wsw__h3\">La IA y la democracia<\/h3>\n<p>El a\u00f1o 2024 marc\u00f3 un punto de inflexi\u00f3n en la relaci\u00f3n entre las sociedades y la IA, pero tambi\u00e9n se evidencia la brecha entre el desarrollo tecnol\u00f3gico y la preparaci\u00f3n institucional para gestionarlo.<\/p>\n<p>Crist\u00f3bal Fern\u00e1ndez, jefe de la Secci\u00f3n de Cooperaci\u00f3n T\u00e9cnica Electoral en la Organizaci\u00f3n de Estados Americanos (OEA), ha abordado los efectos de la IA en los procesos democr\u00e1ticos.<\/p>\n<p>Si bien reconoce que el impacto es a\u00fan \u00abincipiente\u00bb, destaca riesgos preocupantes. \u00abHemos visto audios falsos atribuidos a candidatos y la difusi\u00f3n masiva de informaci\u00f3n falsa que podr\u00eda influir en la confianza p\u00fablica\u00bb, remarca Fern\u00e1ndez.<\/p>\n<p>No obstante, advierte que los riesgos de desinformaci\u00f3n siguen siendo significativos y est\u00e1n directamente vinculados a la falta de preparaci\u00f3n institucional. \u00abEl acceso a herramientas que permiten generar contenido falso de manera r\u00e1pida y barata sigue en aumento, y necesitamos medidas urgentes para enfrentarlo\u00bb, afirma.<\/p>\n<h3 class=\"wsw__h3\">\u00bfQu\u00e9 se puede hacer al respecto?<\/h3>\n<p>De cara al 2025, el reto principal ser\u00e1 convertir las reflexiones y aprendizajes del 2024 en acciones concretas que gu\u00edan el desarrollo y la implementaci\u00f3n de la IA hacia un modelo m\u00e1s \u00e9tico e inclusivo.<\/p>\n<p><strong>Implementaci\u00f3n de Marcos Regulatorios:<\/strong> Los expertos se\u00f1alan la necesidad de avanzar en la creaci\u00f3n de leyes y normativas espec\u00edficas para la AI que incluyan perspectivas de derechos humanos, igualdad y sostenibilidad. Esto debe ir acompa\u00f1ado de acuerdos internacionales que distribuyan el poder y aseguren la transparencia en el uso de tecnolog\u00edas avanzadas.<\/p>\n<p><strong>Educaci\u00f3n:<\/strong> Es crucial equipar a las instituciones, la sociedad civil y los gobiernos con las herramientas necesarias para comprender y gestionar la IA. Esto incluye fortalecer las capacidades t\u00e9cnicas de las comunidades m\u00e1s afectadas por la desigualdad tecnol\u00f3gica.<\/p>\n<p><strong>Reducci\u00f3n de la desigualdad digital:<\/strong> Combatir la concentraci\u00f3n de poder tecnol\u00f3gico implica invertir en el desarrollo de tecnolog\u00edas locales y fomentar la inclusi\u00f3n de idiomas y culturas diversas en los sistemas de IA.<\/p>\n<p><strong>Protecci\u00f3n contra la desinformaci\u00f3n:<\/strong> Los procesos electorales en 2025 estar\u00e1n bajo la lupa. Es imperativo establecer sistemas de detecci\u00f3n y prevenci\u00f3n de desinformaci\u00f3n generada con IA, as\u00ed como fortalecer la confianza en las instituciones democr\u00e1ticas.<\/p>\n<p><strong>Fomentar el debate p\u00fablico:<\/strong> La sociedad necesita participar activamente en definir c\u00f3mo la AI debe moldear las poblaciones.<\/p>\n<h3 class=\"wsw__h3\">El poder del sector privado y Am\u00e9rica Latina<\/h3>\n<p>Vanina Mart\u00ednez, investigadora en el Instituto de Investigaci\u00f3n en Inteligencia Artificial, sostiene el poder que algunas empresas tecnol\u00f3gicas privadas est\u00e1n teniendo en esta industria al alza.<\/p>\n<p>\u00abLa IA est\u00e1 modelando nuestra realidad seg\u00fan las reglas establecidas por un pu\u00f1ado de grandes corporaciones\u00bb, coment\u00f3 Mart\u00ednez, que se\u00f1al\u00f3 que esta din\u00e1mica genera dependencia econ\u00f3mica y cultural en regiones como Am\u00e9rica Latina.<\/p>\n<p>\u00abCada l\u00ednea generada por sistemas como ChatGPT contiene una tesis sobre el mundo. El problema es que estas tesis no reflejan necesariamente la diversidad ni las realidades locales\u00bb, lo que, en su opini\u00f3n, puede generar impactos \u201ccontraproducentes\u201d y se requiere que haya acuerdos internacionales y marcos regulatorios s\u00f3lidos para \u201cgarantizar que los intereses de la sociedad prevalezcan\u201d.<\/p>\n<p>Precisamente, Paola Ricaurte, profesora en el Tecnol\u00f3gico de Monterrey, agreg\u00f3 que los gobiernos en Am\u00e9rica Latina a menudo adoptan tecnolog\u00edas como la IA para abordar problemas sociales sin considerar sus implicaciones.<\/p>\n<p>\u00abLa tendencia al solucionismo tecnol\u00f3gico lleva a criminalizar a\u00fan m\u00e1s a las poblaciones ya marginadas, incrementando el control social en lugar de resolver las desigualdades de ra\u00edz\u00bb, afirm\u00f3 la experta proponiendo un enfoque que incluya tambi\u00e9n pol\u00edticas educativas, culturales y regulatorias para mitigar estos riesgos. .<\/p>\n<h3 class=\"wsw__h3\">planear un futuro<\/h3>\n<p>El vicepresidente de programas de Luminate, Felipe Estefan, cerr\u00f3 el evento destacando la necesidad de actuar con urgencia: \u00abLa IA ya est\u00e1 transformando nuestras sociedades. Es nuestra responsabilidad garantizar que lo haga para bien, asegur\u00e1ndonos de que no exacerbe las desigualdades existentes\u00bb.<\/p>\n<p>Seg\u00fan Estefan, lograr este equilibrio requiere la colaboraci\u00f3n entre gobiernos, la sociedad civil y la comunidad internacional.<\/p>\n<p><em><strong>\u00a1Con\u00e9ctate con la Voz de Am\u00e9rica! Suscr\u00edbete a nuestros canales de<\/strong><strong>YouTube<\/strong><strong>, <\/strong><strong>WhatsApp<\/strong><strong>  y al <\/strong><strong>hoja informativa<\/strong><strong>. Activa las notificaciones y s\u00edguenos en <\/strong><strong>Facebook<\/strong><strong>, <\/strong><a class=\"wsw__a\" href=\"https:\/\/nam10.safelinks.protection.outlook.com\/?url=https%3A%2F%2Ftwitter.com%2FVozdeAmerica&amp;data=05%7C02%7Cwserrano%40voanews.com%7C0b9cfda59f52447b0ed708dc07d64451%7Cba99e87c673541c2b1c1354eee3a8659%7C0%7C0%7C638393864063639904%7CUnknown%7CTWFpbGZsb3d8eyJWIjoiMC4wLjAwMDAiLCJQIjoiV2luMzIiLCJBTiI6Ik1haWwiLCJXVCI6Mn0%3D%7C3000%7C%7C%7C&amp;sdata=unLJDFixL8cjTiSip1dC8ViP8otjrQyzq1ziP2g1PMo%3D&amp;reserved=0\" target=\"_blank\"><strong>inc\u00f3gnita<\/strong><\/a><strong>  mi <\/strong><strong>Instagram<\/strong><strong>.<\/strong><\/em><\/p>\n<\/div>\n<p><script async src=\"https:\/\/platform.twitter.com\/widgets.js\" charset=\"utf-8\"><\/script><script async src=\"\/\/www.instagram.com\/embed.js\"><\/script><br \/>\n<br \/>\n","protected":false},"excerpt":{"rendered":"<p>MIAMI, EEUU\u2014 No hay duda de que la inteligencia artificial (IA) est\u00e1 reconfigurando el panorama en varios escenarios, desde la pol\u00edtica hasta el periodismo y la democracia. Sin embargo, su r\u00e1pida evoluci\u00f3n plantea preguntas esenciales sobre c\u00f3mo equilibrar sus beneficios con la mitigaci\u00f3n de riesgos, algo que seg\u00fan expertos en la materia permitir\u00e1 que sea &hellip;<\/p>\n","protected":false},"author":1,"featured_media":8691,"comment_status":"open","ping_status":"open","sticky":false,"template":"","format":"standard","meta":{"fifu_image_url":"https:\/\/gdb.voanews.com\/bb00d26e-49d3-4292-a6b6-3a97c599d853_w1200_r1.jpg","fifu_image_alt":"","footnotes":""},"categories":[3],"tags":[],"class_list":["post-8689","post","type-post","status-publish","format-standard","has-post-thumbnail","","category-negocio"],"_links":{"self":[{"href":"https:\/\/noticiasveraces.com\/index.php?rest_route=\/wp\/v2\/posts\/8689","targetHints":{"allow":["GET"]}}],"collection":[{"href":"https:\/\/noticiasveraces.com\/index.php?rest_route=\/wp\/v2\/posts"}],"about":[{"href":"https:\/\/noticiasveraces.com\/index.php?rest_route=\/wp\/v2\/types\/post"}],"author":[{"embeddable":true,"href":"https:\/\/noticiasveraces.com\/index.php?rest_route=\/wp\/v2\/users\/1"}],"replies":[{"embeddable":true,"href":"https:\/\/noticiasveraces.com\/index.php?rest_route=%2Fwp%2Fv2%2Fcomments&post=8689"}],"version-history":[{"count":0,"href":"https:\/\/noticiasveraces.com\/index.php?rest_route=\/wp\/v2\/posts\/8689\/revisions"}],"wp:featuredmedia":[{"embeddable":true,"href":"https:\/\/noticiasveraces.com\/index.php?rest_route=\/wp\/v2\/media\/8691"}],"wp:attachment":[{"href":"https:\/\/noticiasveraces.com\/index.php?rest_route=%2Fwp%2Fv2%2Fmedia&parent=8689"}],"wp:term":[{"taxonomy":"category","embeddable":true,"href":"https:\/\/noticiasveraces.com\/index.php?rest_route=%2Fwp%2Fv2%2Fcategories&post=8689"},{"taxonomy":"post_tag","embeddable":true,"href":"https:\/\/noticiasveraces.com\/index.php?rest_route=%2Fwp%2Fv2%2Ftags&post=8689"}],"curies":[{"name":"wp","href":"https:\/\/api.w.org\/{rel}","templated":true}]}}