{"id":8660,"date":"2025-01-01T17:29:45","date_gmt":"2025-01-01T21:29:45","guid":{"rendered":"https:\/\/noticiasveraces.com\/?p=8660"},"modified":"2025-01-01T17:29:45","modified_gmt":"2025-01-01T21:29:45","slug":"fiscalia-de-ecuador-confirma-que-restos-calcinados-corresponden-a-los-cuatro-ninos-desaparecidos","status":"publish","type":"post","link":"https:\/\/noticiasveraces.com\/?p=8660","title":{"rendered":"Fiscal\u00eda de Ecuador confirma que restos calcinados corresponden a los cuatro ni\u00f1os desaparecidos"},"content":{"rendered":"<p> \n<br \/><img decoding=\"async\" src=\"https:\/\/s.france24.com\/media\/display\/876f9034-c7c2-11ef-8348-005056bf30b7\/w:1024\/p:16x9\/2024-12-31T165117Z_1749968572_RC2F0CAGR1IO_RTRMADP_3_ECUADOR-CRIME.JPG\" \/><br \/>Las Fiscal\u00eda de Ecuador confirmaron este martes 31 de diciembre que los cuerpos calcinados encontrados el 24 de diciembre cerca a una base militar de Guayaquil corresponden a los cuatro ni\u00f1os desaparecidos desde el 8 de diciembre. En medio de una conmoci\u00f3n nacional, este 31 de diciembre, la Fiscal\u00eda pidi\u00f3 prisi\u00f3n preventiva para 16 uniformados presuntamente implicados en su desaparici\u00f3n.<br \/>\n<br \/>\n","protected":false},"excerpt":{"rendered":"<p>Las Fiscal\u00eda de Ecuador confirmaron este martes 31 de diciembre que los cuerpos calcinados encontrados el 24 de diciembre cerca a una base militar de Guayaquil corresponden a los cuatro ni\u00f1os desaparecidos desde el 8 de diciembre. En medio de una conmoci\u00f3n nacional, este 31 de diciembre, la Fiscal\u00eda pidi\u00f3 prisi\u00f3n preventiva para 16 uniformados &hellip;<\/p>\n","protected":false},"author":1,"featured_media":8662,"comment_status":"open","ping_status":"open","sticky":false,"template":"","format":"standard","meta":{"fifu_image_url":"https:\/\/s.france24.com\/media\/display\/876f9034-c7c2-11ef-8348-005056bf30b7\/w:1024\/p:16x9\/2024-12-31T165117Z_1749968572_RC2F0CAGR1IO_RTRMADP_3_ECUADOR-CRIME.JPG","fifu_image_alt":"","footnotes":""},"categories":[13],"tags":[],"class_list":["post-8660","post","type-post","status-publish","format-standard","has-post-thumbnail","","category-mundo"],"_links":{"self":[{"href":"https:\/\/noticiasveraces.com\/index.php?rest_route=\/wp\/v2\/posts\/8660","targetHints":{"allow":["GET"]}}],"collection":[{"href":"https:\/\/noticiasveraces.com\/index.php?rest_route=\/wp\/v2\/posts"}],"about":[{"href":"https:\/\/noticiasveraces.com\/index.php?rest_route=\/wp\/v2\/types\/post"}],"author":[{"embeddable":true,"href":"https:\/\/noticiasveraces.com\/index.php?rest_route=\/wp\/v2\/users\/1"}],"replies":[{"embeddable":true,"href":"https:\/\/noticiasveraces.com\/index.php?rest_route=%2Fwp%2Fv2%2Fcomments&post=8660"}],"version-history":[{"count":0,"href":"https:\/\/noticiasveraces.com\/index.php?rest_route=\/wp\/v2\/posts\/8660\/revisions"}],"wp:featuredmedia":[{"embeddable":true,"href":"https:\/\/noticiasveraces.com\/index.php?rest_route=\/wp\/v2\/media\/8662"}],"wp:attachment":[{"href":"https:\/\/noticiasveraces.com\/index.php?rest_route=%2Fwp%2Fv2%2Fmedia&parent=8660"}],"wp:term":[{"taxonomy":"category","embeddable":true,"href":"https:\/\/noticiasveraces.com\/index.php?rest_route=%2Fwp%2Fv2%2Fcategories&post=8660"},{"taxonomy":"post_tag","embeddable":true,"href":"https:\/\/noticiasveraces.com\/index.php?rest_route=%2Fwp%2Fv2%2Ftags&post=8660"}],"curies":[{"name":"wp","href":"https:\/\/api.w.org\/{rel}","templated":true}]}}