{"id":8649,"date":"2025-01-01T13:13:25","date_gmt":"2025-01-01T17:13:25","guid":{"rendered":"https:\/\/noticiasveraces.com\/?p=8649"},"modified":"2025-01-01T13:13:25","modified_gmt":"2025-01-01T17:13:25","slug":"el-ajedrez-es-una-broma","status":"publish","type":"post","link":"https:\/\/noticiasveraces.com\/?p=8649","title":{"rendered":"\u00abEl ajedrez es una broma\u00bb"},"content":{"rendered":"<p> \n<\/p>\n<div id=\"intext\">\n<p>Hecho ins\u00f3lito en la historia del ajedrez. magnus <b>Carlsen<\/b>el que para muchos es el mejor de siempre, e Ian <b>Nepomniachtchi <\/b>han acordado <b>compartir el t\u00edtulo de campe\u00f3n del Mundial de partidas Rel\u00e1mpago<\/b> que se ha disputado en Nueva York (Estados Unidos).<\/p>\n<h2 class=\"title-h2\">Tras siete partidas&#8230;<\/h2>\n<p>Dos de los mejores jugadores del mundo, el noruego (n\u00famero 1 del r\u00e1nking ELO) y el ruso, n\u00famero 8, decidieron tenderse la mano. <b>tras siete partidas<\/b> (4 y 3 de desempate) en las que nadie pudo imponerse en el duelo por el t\u00edtulo, por lo tanto ambos decidieron compartir el premio con un marcador de 3&#8217;5 a 3&#8217;5.<\/p>\n<blockquote class=\"blockquote \">\n<p class=\"blockquote__quote\">\u00abSi hubi\u00e9ramos seguido uno de los dos habr\u00eda ganado por agotaci\u00f3n. Eso hubiera sido muy cruel&#8230;\u00bb<\/p>\n<\/blockquote>\n<p>Una decisi\u00f3n muy pol\u00e9mica que as\u00ed explic\u00f3 el genio noruego: \u00abSi hubi\u00e9ramos continuado, <b>uno de los dos habr\u00eda ganado por agotaci\u00f3n<\/b>. Eso hubiera sido muy cruel. Los dos est\u00e1bamos muy cansados \u200b\u200by nerviosos. Como es normal, habr\u00e1 gente a favor y en contra\u00bb.<\/p>\n<p>Este acuerdo, tras ser comunicado y aceptado por el \u00e1rbitro principal, fue trasladado a Arkady Dvorkovich, presidente de la FIDE, refrend\u00f3 y entendi\u00f3 la decisi\u00f3n para finalmente proclamar como campeones a ambos y quedar exenta la plata. Por lo tanto, Carlsen suma otro Mundial m\u00e1s, y ya son<b> 8 rel\u00e1mpagos <\/b>y 5 t\u00edtulos mundiales de ajedrez r\u00e1pido entre otros. \u00abEmpatados en el primer puesto en un martes muy tard\u00edo. \u00a1Feliz a\u00f1o nuevo!\u00bb, dijo el ruso en redes sociales.<\/p>\n<h2 class=\"title-h2\">La dura cr\u00edtica de Niemann: \u00abEl ajedrez es una broma\u00bb<\/h2>\n<p>Sin embargo, como era de esperar, este acuerdo entre los finalistas ha generado mucha pol\u00e9mica y enfado entre uno de los participantes del torneo, Hans Niemann: \u00ab<b>Oficialmente, el mundo del ajedrez es una broma. Nunca ha ocurrido esto en la historia.<\/b>. No puedo creer, por segunda vez esta semana, que la FIDE est\u00e9 controlada por un jugador. \u00a1Solo puede haber un campe\u00f3n del mundo!\u00bb, dijo en su cuenta de X uno de los jugadores m\u00e1s cr\u00edticos recientemente con Carlsen, al que acus\u00f3 hace tiempo de hacer trampas, y que precisamente perdi\u00f3 ante el noruego en cuartos.<\/p>\n<h2 class=\"title-h2\">La pol\u00e9mica de Carlsen y sus vaqueros<\/h2>\n<p>Adem\u00e1s, en este Rel\u00e1mpago Mundial, el propio Magnus fue readmitido hace apenas unos d\u00edas tras ser <b>expulsado del Mundial de r\u00e1pidas<\/b> por llevar vaqueros y negarse a cambiarse el mismo d\u00eda, una sanci\u00f3n que levant\u00f3 una aut\u00e9ntica polvareda en el mundo del ajedrez. La Federaci\u00f3n Internacional de Ajedrez (FIDE) anunci\u00f3 el pasado domingo una mayor \u00abflexibilidad\u00bb en la vestimenta autorizada durante los Mundiales.<\/p>\n<p><i>>S\u00edguenos en nuestro canal de WhatsApp y no te pierdas la \u00faltima hora y toda la actualidad de antena3noticias.com<\/i><\/p>\n<div class=\"recirculation-video\" data-mod=\"a3mod_recirculation_video\">\n<div class=\"recirculation-video-wrapper\">\n<div>\n<div class=\"video-wrapper\">\n  <picture class=\"video-main-picture\"><source media=\"(min-width: 481px)\" srcset=\"https:\/\/fotografias.antena3.com\/clipping\/cmsimages01\/2024\/12\/30\/BBA417FE-E851-4310-BD02-000B867682B5\/esperanzador-video-carolina-marin-seis-meses-despues-grave-lesion-paris_94.jpg?crop=426,240,x0,y146&amp;width=800&amp;height=450&amp;optimize=medium&amp;format=webply\" width=\"800\" height=\"450\"><source media=\"(min-width: 391px) and (max-width: 480px)\" srcset=\"https:\/\/fotografias.antena3.com\/clipping\/cmsimages01\/2024\/12\/30\/BBA417FE-E851-4310-BD02-000B867682B5\/esperanzador-video-carolina-marin-seis-meses-despues-grave-lesion-paris_70.jpg?crop=426,240,x0,y146&amp;width=480&amp;height=270&amp;optimize=high&amp;format=webply\" width=\"480\" height=\"270\"><source media=\"(min-width: 321px) and (max-width: 390px)\" srcset=\"https:\/\/fotografias.antena3.com\/clipping\/cmsimages01\/2024\/12\/30\/BBA417FE-E851-4310-BD02-000B867682B5\/esperanzador-video-carolina-marin-seis-meses-despues-grave-lesion-paris_92.jpg?crop=426,239,x0,y146&amp;width=390&amp;height=219&amp;optimize=high&amp;format=webply\" width=\"390\" height=\"219\"><source media=\"(max-width: 320px)\" srcset=\"https:\/\/fotografias.antena3.com\/clipping\/cmsimages01\/2024\/12\/30\/BBA417FE-E851-4310-BD02-000B867682B5\/esperanzador-video-carolina-marin-seis-meses-despues-grave-lesion-paris_52.jpg?crop=426,240,x0,y146&amp;width=320&amp;height=180&amp;optimize=high&amp;format=webply\" width=\"320\" height=\"180\"><img decoding=\"async\" title=\"El esperanzador v\u00eddeo de Carolina Mar\u00edn seis meses despu\u00e9s de su grave lesi\u00f3n en Par\u00eds\" alt=\"El esperanzador v\u00eddeo de Carolina Mar\u00edn seis meses despu\u00e9s de su grave lesi\u00f3n en Par\u00eds\" width=\"480\" height=\"270\" src=\"https:\/\/fotografias.antena3.com\/clipping\/cmsimages01\/2024\/12\/30\/BBA417FE-E851-4310-BD02-000B867682B5\/esperanzador-video-carolina-marin-seis-meses-despues-grave-lesion-paris_70.jpg?crop=426,240,x0,y146&amp;width=480&amp;height=270&amp;optimize=high&amp;format=webply\" loading=\"lazy\" class=\"lazy\"\/><br \/>\n  <\/source><\/source><\/source><\/source><\/picture>\n <\/div>\n<\/div><\/div>\n<\/p><\/div>\n<\/div>\n\n","protected":false},"excerpt":{"rendered":"<p>Hecho ins\u00f3lito en la historia del ajedrez. magnus Carlsenel que para muchos es el mejor de siempre, e Ian Nepomniachtchi han acordado compartir el t\u00edtulo de campe\u00f3n del Mundial de partidas Rel\u00e1mpago que se ha disputado en Nueva York (Estados Unidos). Tras siete partidas&#8230; Dos de los mejores jugadores del mundo, el noruego (n\u00famero 1 &hellip;<\/p>\n","protected":false},"author":1,"featured_media":8651,"comment_status":"open","ping_status":"open","sticky":false,"template":"","format":"standard","meta":{"fifu_image_url":"https:\/\/fotografias.antena3.com\/clipping\/cmsimages01\/2025\/01\/01\/3D4B45B2-9E99-4D49-B4D4-38D266958C53\/magnus-carlsen-firma-delante-ian-nepomniachtchi_69.jpg?crop=987,555,x0,y11&width=1280&height=720&optimize=low&format=jpg","fifu_image_alt":"","footnotes":""},"categories":[6],"tags":[],"class_list":["post-8649","post","type-post","status-publish","format-standard","has-post-thumbnail","","category-deportes"],"_links":{"self":[{"href":"https:\/\/noticiasveraces.com\/index.php?rest_route=\/wp\/v2\/posts\/8649","targetHints":{"allow":["GET"]}}],"collection":[{"href":"https:\/\/noticiasveraces.com\/index.php?rest_route=\/wp\/v2\/posts"}],"about":[{"href":"https:\/\/noticiasveraces.com\/index.php?rest_route=\/wp\/v2\/types\/post"}],"author":[{"embeddable":true,"href":"https:\/\/noticiasveraces.com\/index.php?rest_route=\/wp\/v2\/users\/1"}],"replies":[{"embeddable":true,"href":"https:\/\/noticiasveraces.com\/index.php?rest_route=%2Fwp%2Fv2%2Fcomments&post=8649"}],"version-history":[{"count":0,"href":"https:\/\/noticiasveraces.com\/index.php?rest_route=\/wp\/v2\/posts\/8649\/revisions"}],"wp:featuredmedia":[{"embeddable":true,"href":"https:\/\/noticiasveraces.com\/index.php?rest_route=\/wp\/v2\/media\/8651"}],"wp:attachment":[{"href":"https:\/\/noticiasveraces.com\/index.php?rest_route=%2Fwp%2Fv2%2Fmedia&parent=8649"}],"wp:term":[{"taxonomy":"category","embeddable":true,"href":"https:\/\/noticiasveraces.com\/index.php?rest_route=%2Fwp%2Fv2%2Fcategories&post=8649"},{"taxonomy":"post_tag","embeddable":true,"href":"https:\/\/noticiasveraces.com\/index.php?rest_route=%2Fwp%2Fv2%2Ftags&post=8649"}],"curies":[{"name":"wp","href":"https:\/\/api.w.org\/{rel}","templated":true}]}}