{"id":8641,"date":"2025-01-01T12:10:14","date_gmt":"2025-01-01T16:10:14","guid":{"rendered":"https:\/\/noticiasveraces.com\/?p=8641"},"modified":"2025-01-01T12:10:14","modified_gmt":"2025-01-01T16:10:14","slug":"nuestra-cohesion-nos-hace-fuertes-dw-31-12-2024","status":"publish","type":"post","link":"https:\/\/noticiasveraces.com\/?p=8641","title":{"rendered":"\u00abNuestra cohesi\u00f3n nos hace fuertes\u00bb \u2013 DW \u2013 31\/12\/2024"},"content":{"rendered":"<p> \n<\/p>\n<div>\n<p><strong>DW les ofrece extractos del discurso del canciller Olaf Scholz, pronunciado con motivo del A\u00f1o Nuevo 2025: <\/strong><\/p>\n<p>\u00abHace once d\u00edas, el mal entr\u00f3 de repente en nuestra vida cotidiana. Una alegre tarde prenavide\u00f1a en el mercadillo de Magdeburgo se convirti\u00f3 en una pesadilla inimaginable. Cinco personas fueron asesinadas de forma espantosa. M\u00e1s de 200 resultaron heridas, muchas de ellas de gravedad . Cada d\u00eda desde entonces, mis pensamientos han estado con aquellos que han perdido a sus seres queridos o que a\u00fan temen por ellos deseo a los heridos una pronta recuperaci\u00f3n de cuerpo y alma. <\/p>\n<p>La fuerza viene de la solidaridad. Y somos un pa\u00eds que permanece unido. Esto tambi\u00e9n se ha puesto de manifiesto de manera impresionante en Magdeburgo en los \u00faltimos d\u00edas.<\/p>\n<p>Recordemos a los innumerables socorristas, enfermeros y param\u00e9dicos, a los m\u00e9dicos que atendieron, operaron y trataron a los heridos hasta la extenuaci\u00f3n y m\u00e1s all\u00e1. Capellanes de todo el pa\u00eds viajaron a Magdeburgo para ofrecer apoyo y consuelo. Nuestros polic\u00edas y los servicios de emergencia sobre el terreno actuaron con gran profesionalidad durante la noche del horror, a pesar de que muchos de ellos estaban conmocionados. Quiero expresar mi m\u00e1s sincero agradecimiento a todos ellos. Muchos de los propios visitantes del mercado navide\u00f1o tambi\u00e9n ayudaron espont\u00e1neamente\u00bb. (&#8230;)<\/p>\n<h2>Rusia y Ucrania<\/h2>\n<p>\u00abNuestra econom\u00eda atraviesa dificultades. La vida se ha vuelto m\u00e1s cara. Y muchos observan con creciente inquietud la brutal guerra de Rusia contra Ucrania. Puedo asegurarles que no dejaremos sola a Ucrania y que seguiremos apoy\u00e1ndola como nadie en Europa, y que seguiremos manteniendo la cabeza fr\u00eda para que la contienda no vaya a m\u00e1s. Ante tales preocupaciones, no es de extra\u00f1ar que muchos se pregunten:<\/p>\n<p>\u00bfQu\u00e9 le espera a Alemania? Mi respuesta es una vez m\u00e1s: nuestra solidaridad nos hace fuertes. Somos 84 millones: \u00a1s\u00f3lo el 1 por ciento de la poblaci\u00f3n mundial! Y, sin embargo, somos la tercera potencia econ\u00f3mica del mundo. Porque somos trabajadores. Porque hoy van a trabajar m\u00e1s mujeres y hombres que nunca en nuestra historia. <\/p>\n<p>Entre ellos hay muchos de otros pa\u00edses que nos ayudan aqu\u00ed y forman parte desde hace tiempo de la historia de \u00e9xito de Alemania. As\u00ed que no permitamos que nos dividan. Por nadie. Aqu\u00ed, incluso ni\u00f1os de familias obreras pueden ir a una escuela decente. Todos pueden confiar en recibir un buen tratamiento m\u00e9dico en el m\u00e9dico o en el hospital. Y a pesar de todas las diferencias de intereses, en casi ning\u00fan otro pa\u00eds del mundo empresarios y trabajadores colaboran tan estrechamente en materia de salarios y condiciones laborales. Casi ning\u00fan otro pa\u00eds tiene tantos amigos y socios internacionales como Alemania\u00bb. (&#8230;) <\/p>\n<p><span data-slot-id=\"Article_InContent-1\" class=\"rich-text-ad\"\/><\/p>\n<h2>Solidaridad en peque\u00f1os gestos cotidianos<\/h2>\n<p>\u00abLa cohesi\u00f3n tambi\u00e9n surge a partir de cosas supuestamente peque\u00f1as y cotidianas. Cuando los abuelos cuidan de sus nietos, los vecinos hacen la compra para una pareja de ancianos o las familias cuidan de sus parientes. Cuando los padres proporcionan transporte para el club deportivo u pasteles horneados para el bazar de la escuela. <\/p>\n<p>&#8216;Eso no merece la pena mencionarlo&#8217;, dir\u00eda probablemente la mayor\u00eda de la gente sobre su compromiso cotidiano. Pero s\u00ed merece la pena hablar de los millones de personas que dan la cara por los dem\u00e1s. Esto incluye todo el trabajo no remunerado que se hace en casa todos los d\u00edas, trabajo que, por cierto, sigue siendo mayoritariamente realizado por mujeres. <\/p>\n<p>Todos los grandes \u00e9xitos comienzan con la solidaridad. En el nuevo a\u00f1o, celebramos por trig\u00e9simo quinta vez la reunificaci\u00f3n de Alemania. Aquello fue el resultado de cientos de millas de decisiones individuales para hacer juntos lo correcto. (&#8230;) As\u00ed que, si hay un pa\u00eds que ha aprendido que la cohesi\u00f3n puede cambiar las cosas a mejor, que la cohesi\u00f3n puede incluso derribar muros, somos nosotros. Nosotros, los alemanes\u00bb. <\/p>\n<h2>Elecciones en Alemania<\/h2>\n<p>\u00abEsto tambi\u00e9n deja claro que ustedes -los ciudadanos- deciden lo que ocurre en Alemania. No depende de los due\u00f1os de las redes sociales. En nuestros debates, a veces se tiene la impresi\u00f3n de que, cuanto m\u00e1s extrema es la opini\u00f3n, mayor es la recibida Pero no es quien grita m\u00e1s alto quien decide lo que ocurre en Alemania. Es la inmensa mayor\u00eda de la gente sensata y decente. Esto tambi\u00e9n se aplica a las pr\u00f3ximas elecciones del 23 de febrero. votar! (&#8230;) <\/p>\n<p>Tras el terrible atentado de Magdeburgo, solo hicieron falta unos minutos para que circularan rumores descabellados por Internet y las redes sociales. Una cosa est\u00e1 clara: si hubo fallos por parte de las autoridades de seguridad, se est\u00e1n investigando y rectificando. Pero muchos de los rumores y especulaciones han resultado ser falsos. Este tipo de cosas nos dividen y debilitan. No son buenos para nuestro pa\u00eds\u00bb. (&#8230;)<\/p>\n<p>(sra.\/jc) <\/p>\n<\/p>\n<\/div>\n\n","protected":false},"excerpt":{"rendered":"<p>DW les ofrece extractos del discurso del canciller Olaf Scholz, pronunciado con motivo del A\u00f1o Nuevo 2025: \u00abHace once d\u00edas, el mal entr\u00f3 de repente en nuestra vida cotidiana. Una alegre tarde prenavide\u00f1a en el mercadillo de Magdeburgo se convirti\u00f3 en una pesadilla inimaginable. Cinco personas fueron asesinadas de forma espantosa. M\u00e1s de 200 resultaron &hellip;<\/p>\n","protected":false},"author":1,"featured_media":8642,"comment_status":"open","ping_status":"open","sticky":false,"template":"","format":"standard","meta":{"fifu_image_url":"https:\/\/static.dw.com\/image\/71188061_6.jpg","fifu_image_alt":"","footnotes":""},"categories":[13],"tags":[],"class_list":["post-8641","post","type-post","status-publish","format-standard","has-post-thumbnail","","category-mundo"],"_links":{"self":[{"href":"https:\/\/noticiasveraces.com\/index.php?rest_route=\/wp\/v2\/posts\/8641","targetHints":{"allow":["GET"]}}],"collection":[{"href":"https:\/\/noticiasveraces.com\/index.php?rest_route=\/wp\/v2\/posts"}],"about":[{"href":"https:\/\/noticiasveraces.com\/index.php?rest_route=\/wp\/v2\/types\/post"}],"author":[{"embeddable":true,"href":"https:\/\/noticiasveraces.com\/index.php?rest_route=\/wp\/v2\/users\/1"}],"replies":[{"embeddable":true,"href":"https:\/\/noticiasveraces.com\/index.php?rest_route=%2Fwp%2Fv2%2Fcomments&post=8641"}],"version-history":[{"count":0,"href":"https:\/\/noticiasveraces.com\/index.php?rest_route=\/wp\/v2\/posts\/8641\/revisions"}],"wp:featuredmedia":[{"embeddable":true,"href":"https:\/\/noticiasveraces.com\/index.php?rest_route=\/wp\/v2\/media\/8642"}],"wp:attachment":[{"href":"https:\/\/noticiasveraces.com\/index.php?rest_route=%2Fwp%2Fv2%2Fmedia&parent=8641"}],"wp:term":[{"taxonomy":"category","embeddable":true,"href":"https:\/\/noticiasveraces.com\/index.php?rest_route=%2Fwp%2Fv2%2Fcategories&post=8641"},{"taxonomy":"post_tag","embeddable":true,"href":"https:\/\/noticiasveraces.com\/index.php?rest_route=%2Fwp%2Fv2%2Ftags&post=8641"}],"curies":[{"name":"wp","href":"https:\/\/api.w.org\/{rel}","templated":true}]}}