{"id":8621,"date":"2025-01-01T09:01:13","date_gmt":"2025-01-01T13:01:13","guid":{"rendered":"https:\/\/noticiasveraces.com\/?p=8621"},"modified":"2025-01-01T09:01:13","modified_gmt":"2025-01-01T13:01:13","slug":"el-aumento-global-del-antisemitismo-deja-aislada-a-la-comunidad-judia-dice-rabino-que-el-mundo-se-encuentra-en-un-punto-de-inflexion","status":"publish","type":"post","link":"https:\/\/noticiasveraces.com\/?p=8621","title":{"rendered":"El aumento global del antisemitismo deja aislada a la comunidad jud\u00eda, dice rabino que el mundo se encuentra en \u00abun punto de inflexi\u00f3n\u00bb"},"content":{"rendered":"<p> \n<\/p>\n<div>\n<div class=\"article-gating gated-overlay\">\n<div class=\"article-gating-wrapper\">\n<p>\u00danase a Fox News para acceder a este contenido<\/p>\n<p>Adem\u00e1s, acceso especial a art\u00edculos seleccionados y otro contenido premium con su cuenta, sin cargo.<\/p>\n<div class=\"article-gating-legal tablet-desktop\">Al ingresar su correo electr\u00f3nico y presionar Continuar, acepta los T\u00e9rminos de uso y la Pol\u00edtica de privacidad de Fox News, que incluye nuestro Aviso de incentivo financiero.\n    <\/div>\n<p><span>Por favor, introduce una direcci\u00f3n de correo electr\u00f3nico v\u00e1lida.<\/span><\/p>\n<footer class=\"article-gating-footer\">\u00bfTienes problemas? Haga clic aqu\u00ed.<\/footer>\n<\/div>\n<\/div>\n<p class=\"speakable\">La escalada del antisemitismo tras la masacre terrorista de Ham\u00e1s del 7 de octubre de 2023 en Israel ha allanado el camino para ataques contra comunidades jud\u00edas en todo el mundo. Durante el a\u00f1o pasado, escuelas, centros comunitarios y lugares de culto han enfrentado amenazas, intimidaci\u00f3n y violencia f\u00edsica.<\/p>\n<p class=\"speakable\">El rabino Moshe Hauer, vicepresidente ejecutivo de la Uni\u00f3n Ortodoxa, dijo a Fox News Digital que a lo largo de 2024, el \u00abnivel de presunta seguridad\u00bb con el que ha vivido la comunidad jud\u00eda estadounidense ha cambiado. \u00abEso es dif\u00edcil cuando tienes un lugar al que llamas hogar y de repente ya no te sientes como en casa\u00bb. Dado que el ambiente de \u00abantisemitismo creciente\u00bb en Estados Unidos se est\u00e1 convirtiendo en \u00abuna parte aceptada de la vida diaria\u00bb, Hauer dijo que el tema \u00abtodav\u00eda se considera un problema para el pueblo jud\u00edo en lugar de una mancha en la sociedad\u00bb. <\/p>\n<p>Lo repentino del cambio ha sido sorprendente, afirm\u00f3 Hauer. \u00abEra como si fu\u00e9ramos una fuente de oscuridad\u00bb, explic\u00f3. \u00abTodos aquellos con quienes estuvimos hombro con hombro para luchar por sus necesidades y sus derechos de repente no nos reconocen, lo cual es discordante\u00bb.<\/p>\n<p><strong>LLAMA A HACER M\u00c1S A MEDIDA QUE LOS ACTOS ANTISEMITAS SE DISPARAN EN EUROPA: &#8216;TREMENDAMENTE DOLOROSOS&#8217;<\/strong><\/p>\n<div class=\"image-ct inline\">\n<div class=\"m\"><picture><source media=\"(max-width: 767px)\" srcset=\"https:\/\/a57.foxnews.com\/static.foxnews.com\/foxnews.com\/content\/uploads\/2024\/03\/343\/192\/London-antisemitism.jpeg?ve=1&amp;tl=1, https:\/\/a57.foxnews.com\/static.foxnews.com\/foxnews.com\/content\/uploads\/2024\/03\/686\/384\/London-antisemitism.jpeg?ve=1&amp;tl=1 2x\" height=\"192\" width=\"343\"><source media=\"(min-width: 768px) and (max-width: 1023px)\" srcset=\"https:\/\/a57.foxnews.com\/static.foxnews.com\/foxnews.com\/content\/uploads\/2024\/03\/672\/378\/London-antisemitism.jpeg?ve=1&amp;tl=1, https:\/\/a57.foxnews.com\/static.foxnews.com\/foxnews.com\/content\/uploads\/2024\/03\/1344\/756\/London-antisemitism.jpeg?ve=1&amp;tl=1 2x\" height=\"378\" width=\"672\"><source media=\"(min-width: 1024px) and (max-width: 1279px)\" srcset=\"https:\/\/a57.foxnews.com\/static.foxnews.com\/foxnews.com\/content\/uploads\/2024\/03\/931\/523\/London-antisemitism.jpeg?ve=1&amp;tl=1, https:\/\/a57.foxnews.com\/static.foxnews.com\/foxnews.com\/content\/uploads\/2024\/03\/1862\/1046\/London-antisemitism.jpeg?ve=1&amp;tl=1 2x\" height=\"523\" width=\"931\"><source media=\"(min-width: 1280px)\" srcset=\"https:\/\/a57.foxnews.com\/static.foxnews.com\/foxnews.com\/content\/uploads\/2024\/03\/720\/405\/London-antisemitism.jpeg?ve=1&amp;tl=1, https:\/\/a57.foxnews.com\/static.foxnews.com\/foxnews.com\/content\/uploads\/2024\/03\/1440\/810\/London-antisemitism.jpeg?ve=1&amp;tl=1 2x\" height=\"405\" width=\"720\"><img loading=\"lazy\" decoding=\"async\" src=\"https:\/\/a57.foxnews.com\/static.foxnews.com\/foxnews.com\/content\/uploads\/2024\/03\/1200\/675\/London-antisemitism.jpeg?ve=1&amp;tl=1\" alt=\"antisemitismo del Reino Unido\" width=\"1200\" height=\"675\"\/><\/source><\/source><\/source><\/source><\/picture><\/div>\n<div class=\"info\">\n<div class=\"caption\">\n<p><span>Odio antisemita en exhibici\u00f3n en una protesta antiisrael\u00ed en Londres. El antisemitismo en el Reino Unido ha alcanzado niveles r\u00e9cord desde los ataques terroristas de Hamas el 7 de octubre.<\/span> <span>(Campa\u00f1a contra el antisemitismo en X)<\/span><\/p>\n<\/div>\n<\/div>\n<\/div>\n<p>La Liga Antidifamaci\u00f3n contabiliz\u00f3 m\u00e1s de 10.000 incidentes antisemitas entre el 7 de octubre de 2023 y el 6 de octubre de 2024, frente a los 3.325 del a\u00f1o anterior y representa el total anual m\u00e1s alto que haya contado el grupo. Incluyen m\u00e1s de 8.000 incidentes de acoso, 150 agresiones f\u00edsicas y 1.840 actos de vandalismo. En conjunto, m\u00e1s de la mitad de estos incidentes tuvieron lugar en manifestaciones antiisrael\u00edes (m\u00e1s de 3.000) o en instituciones jud\u00edas (m\u00e1s de 2.000).<\/p>\n<p>Algunos pol\u00edticos y las Naciones Unidas (ONU) han avivado el odio interno contra Israel. En enero, el Ayuntamiento de Chicago aprob\u00f3 una resoluci\u00f3n que ped\u00eda un alto el fuego en Gaza sin pedir tambi\u00e9n el desarme de Ham\u00e1s, lo que provoc\u00f3 una amplia condena de los l\u00edderes de la comunidad jud\u00eda. <\/p>\n<p>A pesar de que m\u00faltiples funcionarios estadounidenses y el Departamento de Estado condenaron su propagaci\u00f3n del antisemitismo, la relatora especial de la ONU sobre los territorios palestinos ocupados, Francesca Albanese, visit\u00f3 numerosos campus estadounidenses en octubre mientras presentaba su \u00faltimo informe ante la Asamblea General de la ONU. Durante una parada en el Barnard College, Albanese \u00abdescribi\u00f3 la guerra de Israel en Gaza como un &#8216;genocidio&#8217;, justific\u00f3 el ataque del 7 de octubre y cuestion\u00f3 el derecho de Israel a existir\u00bb, inform\u00f3 el Times of Israel.<\/p>\n<div class=\"image-ct inline\">\n<div class=\"m\"><picture><source media=\"(max-width: 767px)\" srcset=\"https:\/\/a57.foxnews.com\/static.foxnews.com\/foxnews.com\/content\/uploads\/2024\/10\/343\/192\/chicago-shooting-1.jpg?ve=1&amp;tl=1, https:\/\/a57.foxnews.com\/static.foxnews.com\/foxnews.com\/content\/uploads\/2024\/10\/686\/384\/chicago-shooting-1.jpg?ve=1&amp;tl=1 2x\" height=\"192\" width=\"343\"><source media=\"(min-width: 768px) and (max-width: 1023px)\" srcset=\"https:\/\/a57.foxnews.com\/static.foxnews.com\/foxnews.com\/content\/uploads\/2024\/10\/672\/378\/chicago-shooting-1.jpg?ve=1&amp;tl=1, https:\/\/a57.foxnews.com\/static.foxnews.com\/foxnews.com\/content\/uploads\/2024\/10\/1344\/756\/chicago-shooting-1.jpg?ve=1&amp;tl=1 2x\" height=\"378\" width=\"672\"><source media=\"(min-width: 1024px) and (max-width: 1279px)\" srcset=\"https:\/\/a57.foxnews.com\/static.foxnews.com\/foxnews.com\/content\/uploads\/2024\/10\/931\/523\/chicago-shooting-1.jpg?ve=1&amp;tl=1, https:\/\/a57.foxnews.com\/static.foxnews.com\/foxnews.com\/content\/uploads\/2024\/10\/1862\/1046\/chicago-shooting-1.jpg?ve=1&amp;tl=1 2x\" height=\"523\" width=\"931\"><source media=\"(min-width: 1280px)\" srcset=\"https:\/\/a57.foxnews.com\/static.foxnews.com\/foxnews.com\/content\/uploads\/2024\/10\/720\/405\/chicago-shooting-1.jpg?ve=1&amp;tl=1, https:\/\/a57.foxnews.com\/static.foxnews.com\/foxnews.com\/content\/uploads\/2024\/10\/1440\/810\/chicago-shooting-1.jpg?ve=1&amp;tl=1 2x\" height=\"405\" width=\"720\"><img loading=\"lazy\" decoding=\"async\" src=\"https:\/\/a57.foxnews.com\/static.foxnews.com\/foxnews.com\/content\/uploads\/2024\/10\/1200\/675\/chicago-shooting-1.jpg?ve=1&amp;tl=1\" alt=\"Tiroteo en West Ridge Chicago\" width=\"1200\" height=\"675\"\/><\/source><\/source><\/source><\/source><\/picture><\/div>\n<div class=\"info\">\n<div class=\"caption\">\n<p><span>La v\u00edctima, descrita por el Jewish United Fund como un \u00abmiembro de la comunidad jud\u00eda\u00bb, recibi\u00f3 un disparo en el hombro en Chicago en un crimen de odio antisemita.<\/span> <span>(Fox 32 Chicago)<\/span><\/p>\n<\/div>\n<\/div>\n<\/div>\n<p>El odio que se hab\u00eda estado filtrando en los campus universitarios tom\u00f3 nueva forma cuando surgieron campamentos antiisrael\u00edes en instituciones educativas de todo el pa\u00eds durante la primavera. Durante algunas protestas en los campamentos, los estudiantes jud\u00edos fueron excluidos de sus propios espacios en el campus. <\/p>\n<p>Se han ondeado banderas terroristas en las calles y universidades de Estados Unidos durante las protestas contra Israel. A los administradores escolares y l\u00edderes empresariales que han enojado a los manifestantes antiisrael\u00edes se les han etiquetado sus hogares e instituciones con el tri\u00e1ngulo rojo invertido que Ham\u00e1s utiliza para indicar objetivos militares. En julio, los manifestantes reemplazaron la bandera estadounidense por la bandera palestina en Washington, DC, y escribieron \u00abHam\u00e1s viene\u00bb en una estatua de Crist\u00f3bal Col\u00f3n. <\/p>\n<p>En septiembre, las autoridades canadienses y estadounidenses frustraron un ataque inspirado por ISIS contra la comunidad jud\u00eda. El 26 de octubre, un ciudadano mauritano que ingres\u00f3 ilegalmente al pa\u00eds en marzo de 2023 dispar\u00f3 contra un fiel jud\u00edo en Chicago antes de entablar un tiroteo con la polic\u00eda y los param\u00e9dicos que acudieron. Los l\u00edderes de Chicago esperaron cinco d\u00edas antes de confirmar la identidad religiosa del objetivo del sospechoso y se\u00f1alar que el tirador hab\u00eda apuntado intencionalmente a la comunidad jud\u00eda. <\/p>\n<p><strong>SOSPECHOSO DE TIROTEO POR CRIMEN DE ODIO EN CHICAGO INVESTIG\u00d3 OBJETIVOS JUD\u00cdOS, TEN\u00cdA MATERIAL PRO-HAMAS EN SU TEL\u00c9FONO: FISCAL<\/strong><\/p>\n<div class=\"image-ct inline\">\n<div class=\"m\"><picture><source media=\"(max-width: 767px)\" srcset=\"https:\/\/a57.foxnews.com\/static.foxnews.com\/foxnews.com\/content\/uploads\/2024\/02\/343\/192\/EL-CAMINO-REAL-PROTEST-SIGN.jpg?ve=1&amp;tl=1, https:\/\/a57.foxnews.com\/static.foxnews.com\/foxnews.com\/content\/uploads\/2024\/02\/686\/384\/EL-CAMINO-REAL-PROTEST-SIGN.jpg?ve=1&amp;tl=1 2x\" height=\"192\" width=\"343\"><source media=\"(min-width: 768px) and (max-width: 1023px)\" srcset=\"https:\/\/a57.foxnews.com\/static.foxnews.com\/foxnews.com\/content\/uploads\/2024\/02\/672\/378\/EL-CAMINO-REAL-PROTEST-SIGN.jpg?ve=1&amp;tl=1, https:\/\/a57.foxnews.com\/static.foxnews.com\/foxnews.com\/content\/uploads\/2024\/02\/1344\/756\/EL-CAMINO-REAL-PROTEST-SIGN.jpg?ve=1&amp;tl=1 2x\" height=\"378\" width=\"672\"><source media=\"(min-width: 1024px) and (max-width: 1279px)\" srcset=\"https:\/\/a57.foxnews.com\/static.foxnews.com\/foxnews.com\/content\/uploads\/2024\/02\/931\/523\/EL-CAMINO-REAL-PROTEST-SIGN.jpg?ve=1&amp;tl=1, https:\/\/a57.foxnews.com\/static.foxnews.com\/foxnews.com\/content\/uploads\/2024\/02\/1862\/1046\/EL-CAMINO-REAL-PROTEST-SIGN.jpg?ve=1&amp;tl=1 2x\" height=\"523\" width=\"931\"><source media=\"(min-width: 1280px)\" srcset=\"https:\/\/a57.foxnews.com\/static.foxnews.com\/foxnews.com\/content\/uploads\/2024\/02\/720\/405\/EL-CAMINO-REAL-PROTEST-SIGN.jpg?ve=1&amp;tl=1, https:\/\/a57.foxnews.com\/static.foxnews.com\/foxnews.com\/content\/uploads\/2024\/02\/1440\/810\/EL-CAMINO-REAL-PROTEST-SIGN.jpg?ve=1&amp;tl=1 2x\" height=\"405\" width=\"720\"><img loading=\"lazy\" decoding=\"async\" src=\"https:\/\/a57.foxnews.com\/static.foxnews.com\/foxnews.com\/content\/uploads\/2024\/02\/1200\/675\/EL-CAMINO-REAL-PROTEST-SIGN.jpg?ve=1&amp;tl=1\" alt=\"Firmar en una protesta escolar\" width=\"1200\" height=\"675\"\/><\/source><\/source><\/source><\/source><\/picture><\/div>\n<div class=\"info\">\n<div class=\"caption\">\n<p><span>Estudiantes jud\u00edos de la escuela secundaria aut\u00f3noma El Camino Real realizaron una huelga para protestar contra los incidentes antisemitas en la escuela Woodland Hills, California, el martes 27 de febrero de 2024 en Los \u00c1ngeles.<\/span> <span>(Foto de Sarah Reingewirtz\/MediaNews Group\/Los Angeles Daily News v\u00eda Getty Images)<\/span><\/p>\n<\/div>\n<\/div>\n<\/div>\n<p>Brooke Goldstein, abogada de derechos humanos y fundadora de The Lawfare Project, abord\u00f3 el \u00edmpetu de la atm\u00f3sfera de intolerancia y le dijo a Fox News Digital que \u00abel presidente Biden y los l\u00edderes mayoritariamente dem\u00f3cratas de las grandes ciudades de todo el pa\u00eds no han tomado medidas para limitar a los jud\u00edos\u00bb. odio porque es pol\u00edticamente inconveniente para ellos hacer cumplir los derechos civiles de los jud\u00edos estadounidenses y garantizar la seguridad p\u00fablica\u00bb. <\/p>\n<p>Dijo que \u00abdurante a\u00f1os, la izquierda progresista ha ignorado el odio a los jud\u00edos proveniente de sus propias filas, optando por ignorar la realidad de que el pueblo jud\u00edo es un pueblo minoritario que todav\u00eda necesita que se le mantengan sus protecciones legales frente a la pol\u00edtica de orientaci\u00f3n marxista\u00bb. y ataques de inspiraci\u00f3n islamista a su identidad, al derecho ind\u00edgena a su patria ancestral y a su capacidad de disfrutar de igual protecci\u00f3n ante la ley. Sus pol\u00edticos restan importancia a la identidad jud\u00eda para evitar ser llamados por su hipocres\u00eda dado su apoyo a la justicia social para todas las personas. otro que los jud\u00edos, e incluso para evitar procesar los ataques contra jud\u00edos como cr\u00edmenes de odio, especialmente cuando los atacantes son miembros de otras comunidades minoritarias\u00bb.<\/p>\n<div class=\"image-ct inline\">\n<div class=\"m\"><picture><source media=\"(max-width: 767px)\" srcset=\"https:\/\/a57.foxnews.com\/static.foxnews.com\/foxnews.com\/content\/uploads\/2023\/10\/343\/192\/0C85B0F3-6C68-4F04-A394-6C5D872A775D.jpg?ve=1&amp;tl=1, https:\/\/a57.foxnews.com\/static.foxnews.com\/foxnews.com\/content\/uploads\/2023\/10\/686\/384\/0C85B0F3-6C68-4F04-A394-6C5D872A775D.jpg?ve=1&amp;tl=1 2x\" height=\"192\" width=\"343\"><source media=\"(min-width: 768px) and (max-width: 1023px)\" srcset=\"https:\/\/a57.foxnews.com\/static.foxnews.com\/foxnews.com\/content\/uploads\/2023\/10\/672\/378\/0C85B0F3-6C68-4F04-A394-6C5D872A775D.jpg?ve=1&amp;tl=1, https:\/\/a57.foxnews.com\/static.foxnews.com\/foxnews.com\/content\/uploads\/2023\/10\/1344\/756\/0C85B0F3-6C68-4F04-A394-6C5D872A775D.jpg?ve=1&amp;tl=1 2x\" height=\"378\" width=\"672\"><source media=\"(min-width: 1024px) and (max-width: 1279px)\" srcset=\"https:\/\/a57.foxnews.com\/static.foxnews.com\/foxnews.com\/content\/uploads\/2023\/10\/931\/523\/0C85B0F3-6C68-4F04-A394-6C5D872A775D.jpg?ve=1&amp;tl=1, https:\/\/a57.foxnews.com\/static.foxnews.com\/foxnews.com\/content\/uploads\/2023\/10\/1862\/1046\/0C85B0F3-6C68-4F04-A394-6C5D872A775D.jpg?ve=1&amp;tl=1 2x\" height=\"523\" width=\"931\"><source media=\"(min-width: 1280px)\" srcset=\"https:\/\/a57.foxnews.com\/static.foxnews.com\/foxnews.com\/content\/uploads\/2023\/10\/720\/405\/0C85B0F3-6C68-4F04-A394-6C5D872A775D.jpg?ve=1&amp;tl=1, https:\/\/a57.foxnews.com\/static.foxnews.com\/foxnews.com\/content\/uploads\/2023\/10\/1440\/810\/0C85B0F3-6C68-4F04-A394-6C5D872A775D.jpg?ve=1&amp;tl=1 2x\" height=\"405\" width=\"720\"><img loading=\"lazy\" decoding=\"async\" src=\"https:\/\/a57.foxnews.com\/static.foxnews.com\/foxnews.com\/content\/uploads\/2023\/10\/1200\/675\/0C85B0F3-6C68-4F04-A394-6C5D872A775D.jpg?ve=1&amp;tl=1\" alt=\"Protestas pro palestinas\" width=\"1200\" height=\"675\"\/><\/source><\/source><\/source><\/source><\/picture><\/div>\n<div class=\"info\">\n<div class=\"caption\">\n<p><span>Un cartel antiisrael\u00ed con la frase \u00abdel r\u00edo al mar Palestina ser\u00e1 libre\u00bb en una protesta cerca de la Universidad de Tulane en Nueva Orleans. La frase ha sido criticada por pedir la destrucci\u00f3n de Israel.<\/span> <span>(Cr\u00e9dito: Ryan Zamos)<\/span><\/p>\n<\/div>\n<\/div>\n<\/div>\n<h3>Odio en todo el mundo<\/h3>\n<p>El rabino Abraham Cooper, decano asociado y director de acci\u00f3n social global del Centro Simon Wiesenthal, dijo a Fox News Digital que siente que el mundo est\u00e1 \u00aben un punto de inflexi\u00f3n\u00bb en lo que respecta a la intolerancia antisemita. Mientras personas influyentes populares en las redes sociales \u00abnormalizan\u00bb el odio a Israel, los l\u00edderes nacionales de todo el mundo intensifican la ret\u00f3rica antiisrael\u00ed y los extremistas no \u00absienten que van a tener que rendir cuentas\u00bb cuando atacan a la comunidad jud\u00eda, el rabino Cooper explic\u00f3 que \u00abes\u00bb una tormenta perfecta.\u00bb <\/p>\n<p>En Europa, los incidentes de odio antisemita han aumentado hasta el 800% observado en Suecia entre 2022 y 2023. Los jud\u00edos de toda Europa han informado que ya no usan art\u00edculos que puedan identificar su religi\u00f3n y, en ocasiones, han cambiado sus nombres para evitar ser atacados. En Francia, ha habido un aumento del 430% en el n\u00famero de jud\u00edos que solicitaron inmigrar a Israel de 2022 a 2023.<\/p>\n<p>Aunque Irlanda tiene una peque\u00f1a poblaci\u00f3n jud\u00eda, ha visto un aumento en el odio antisemita y la autocensura jud\u00eda. En diciembre, Israel anunci\u00f3 que cerrar\u00eda su embajada en el pa\u00eds, citando la \u00abdeslegitimizaci\u00f3n y demonizaci\u00f3n del Estado jud\u00edo\u00bb por parte de los l\u00edderes irlandeses. <\/p>\n<p>El Reino Unido tambi\u00e9n ha experimentado un gran aumento del odio antisemita: el Community Security Trust inform\u00f3 un r\u00e9cord de 1.978 incidentes antisemitas en el primer semestre de 2024. Esto incluy\u00f3 un aumento del 246 % en \u00abda\u00f1os y profanaci\u00f3n de propiedades jud\u00edas\u00bb entre los primeros seis a\u00f1os. meses de 2023 y los primeros seis meses de 2024. El ministro israel\u00ed de Asuntos de la Di\u00e1spora y de Lucha contra el Antisemitismo dijo en marzo que debido a su En una atm\u00f3sfera pro-Hamas, Londres se hab\u00eda convertido en la \u00abciudad m\u00e1s antisemita\u00bb del mundo. <\/p>\n<p>A finales de noviembre, un autob\u00fas que transportaba escolares jud\u00edos fue atacado con piedras despu\u00e9s de que los manifestantes acosaran a los que iban a bordo. D\u00edas antes, un hombre arroj\u00f3 botellas a un grupo de adolescentes jud\u00edos, golpeando y hospitalizando a uno de sus objetivos.<\/p>\n<p>Los titulares sobre el odio hacia la comunidad jud\u00eda en el extranjero han sido espantosos. En junio, una ni\u00f1a jud\u00eda de 12 a\u00f1os en Francia fue violada por dos adolescentes a causa de su religi\u00f3n. En noviembre, el cuerpo del rabino de Jabad Zvi Kogan fue encontrado muerto en los Emiratos \u00c1rabes Unidos despu\u00e9s de que desapareciera de su casa en Abu Dhabi. <\/p>\n<p><strong>AGITADORES ANTIISRAEL TERRORIZAN A LOS AMERICANOS: VEA LOS MOMENTOS M\u00c1S EXTREMOS DE 2024<\/strong><\/p>\n<div class=\"image-ct inline\">\n<div class=\"m\"><picture><source media=\"(max-width: 767px)\" srcset=\"https:\/\/a57.foxnews.com\/static.foxnews.com\/foxnews.com\/content\/uploads\/2023\/11\/343\/192\/YorkUantisemitism.jpg?ve=1&amp;tl=1, https:\/\/a57.foxnews.com\/static.foxnews.com\/foxnews.com\/content\/uploads\/2023\/11\/686\/384\/YorkUantisemitism.jpg?ve=1&amp;tl=1 2x\" height=\"192\" width=\"343\"><source media=\"(min-width: 768px) and (max-width: 1023px)\" srcset=\"https:\/\/a57.foxnews.com\/static.foxnews.com\/foxnews.com\/content\/uploads\/2023\/11\/672\/378\/YorkUantisemitism.jpg?ve=1&amp;tl=1, https:\/\/a57.foxnews.com\/static.foxnews.com\/foxnews.com\/content\/uploads\/2023\/11\/1344\/756\/YorkUantisemitism.jpg?ve=1&amp;tl=1 2x\" height=\"378\" width=\"672\"><source media=\"(min-width: 1024px) and (max-width: 1279px)\" srcset=\"https:\/\/a57.foxnews.com\/static.foxnews.com\/foxnews.com\/content\/uploads\/2023\/11\/931\/523\/YorkUantisemitism.jpg?ve=1&amp;tl=1, https:\/\/a57.foxnews.com\/static.foxnews.com\/foxnews.com\/content\/uploads\/2023\/11\/1862\/1046\/YorkUantisemitism.jpg?ve=1&amp;tl=1 2x\" height=\"523\" width=\"931\"><source media=\"(min-width: 1280px)\" srcset=\"https:\/\/a57.foxnews.com\/static.foxnews.com\/foxnews.com\/content\/uploads\/2023\/11\/720\/405\/YorkUantisemitism.jpg?ve=1&amp;tl=1, https:\/\/a57.foxnews.com\/static.foxnews.com\/foxnews.com\/content\/uploads\/2023\/11\/1440\/810\/YorkUantisemitism.jpg?ve=1&amp;tl=1 2x\" height=\"405\" width=\"720\"><img loading=\"lazy\" decoding=\"async\" src=\"https:\/\/a57.foxnews.com\/static.foxnews.com\/foxnews.com\/content\/uploads\/2023\/11\/1200\/675\/YorkUantisemitism.jpg?ve=1&amp;tl=1\" alt=\"Graffiti en la pared de un aula de la Universidad de York en Canad\u00e1 diciendo \"Dispara a un jud\u00edo en la cabeza\"\" width=\"1200\" height=\"675\"\/><\/source><\/source><\/source><\/source><\/picture><\/div>\n<div class=\"info\">\n<div class=\"caption\">\n<p><span>En la Universidad de York en Canad\u00e1, se garabatearon grafitis antisemitas en un aula el 26 de octubre de 2023.<\/span> <span>(Cortes\u00eda de la Iniciativa de Aprendizaje Jud\u00edo en el Campus)<\/span><\/p>\n<\/div>\n<\/div>\n<\/div>\n<p>M\u00e1s de nueve sinagogas en todo el mundo han sido objeto de incendios provocados desde el 7 de octubre, seg\u00fan una publicaci\u00f3n en las redes sociales de Hen Mazzig, investigador principal del Instituto de Tel Aviv. El \u00faltimo ataque ocurri\u00f3 el 18 de diciembre en Montreal en una sinagoga que tambi\u00e9n fue atacada en noviembre de 2023, inform\u00f3 el New York Post. Apenas dos d\u00edas despu\u00e9s, se produjeron disparos durante la noche en una escuela primaria jud\u00eda en Toronto. Fue el tercer tiroteo en la escuela desde mayo, seg\u00fan el Times of Israel.<\/p>\n<p>Otro ataque incendiario reciente tuvo lugar en una sinagoga en Melbourne, Australia, el 6 de diciembre. El Centro Simon Wiesenthal respondi\u00f3 al incidente emitiendo una advertencia de viaje para Australia, explicando que los l\u00edderes del pa\u00eds no hab\u00edan hecho frente a la \u00abpersistente demonizaci\u00f3n, acoso y violencia contra jud\u00edos e instituciones jud\u00edas\u00bb.<\/p>\n<div class=\"image-ct inline\">\n<div class=\"m\"><picture><source media=\"(max-width: 767px)\" srcset=\"https:\/\/a57.foxnews.com\/static.foxnews.com\/foxnews.com\/content\/uploads\/2024\/12\/343\/192\/melbourne1.jpg?ve=1&amp;tl=1, https:\/\/a57.foxnews.com\/static.foxnews.com\/foxnews.com\/content\/uploads\/2024\/12\/686\/384\/melbourne1.jpg?ve=1&amp;tl=1 2x\" height=\"192\" width=\"343\"><source media=\"(min-width: 768px) and (max-width: 1023px)\" srcset=\"https:\/\/a57.foxnews.com\/static.foxnews.com\/foxnews.com\/content\/uploads\/2024\/12\/672\/378\/melbourne1.jpg?ve=1&amp;tl=1, https:\/\/a57.foxnews.com\/static.foxnews.com\/foxnews.com\/content\/uploads\/2024\/12\/1344\/756\/melbourne1.jpg?ve=1&amp;tl=1 2x\" height=\"378\" width=\"672\"><source media=\"(min-width: 1024px) and (max-width: 1279px)\" srcset=\"https:\/\/a57.foxnews.com\/static.foxnews.com\/foxnews.com\/content\/uploads\/2024\/12\/931\/523\/melbourne1.jpg?ve=1&amp;tl=1, https:\/\/a57.foxnews.com\/static.foxnews.com\/foxnews.com\/content\/uploads\/2024\/12\/1862\/1046\/melbourne1.jpg?ve=1&amp;tl=1 2x\" height=\"523\" width=\"931\"><source media=\"(min-width: 1280px)\" srcset=\"https:\/\/a57.foxnews.com\/static.foxnews.com\/foxnews.com\/content\/uploads\/2024\/12\/720\/405\/melbourne1.jpg?ve=1&amp;tl=1, https:\/\/a57.foxnews.com\/static.foxnews.com\/foxnews.com\/content\/uploads\/2024\/12\/1440\/810\/melbourne1.jpg?ve=1&amp;tl=1 2x\" height=\"405\" width=\"720\"><img loading=\"lazy\" decoding=\"async\" src=\"https:\/\/a57.foxnews.com\/static.foxnews.com\/foxnews.com\/content\/uploads\/2024\/12\/1200\/675\/melbourne1.jpg?ve=1&amp;tl=1\" alt=\"sinagoga de melbourne\" width=\"1200\" height=\"675\"\/><\/source><\/source><\/source><\/source><\/picture><\/div>\n<div class=\"info\">\n<div class=\"caption\">\n<p><span>Un miembro de la comunidad jud\u00eda recupera un art\u00edculo de la sinagoga Adass Israel el 6 de diciembre de 2024 en Melbourne, Australia. Un ataque incendiario a la sinagoga Adass Israel en Melbourne oblig\u00f3 a los feligreses a huir cuando las llamas envolvieron el edificio el viernes por la ma\u00f1ana temprano.<\/span> <span>(Asanka Ratnayake\/Getty Images)<\/span><\/p>\n<\/div>\n<\/div>\n<\/div>\n<p>Apenas un mes antes, el Centro Simon Wiesenthal emiti\u00f3 un aviso similar para los Pa\u00edses Bajos despu\u00e9s de que un partido de f\u00fatbol desembocara en una \u00abcaza de jud\u00edos\u00bb, en la que aficionados jud\u00edos fueron rastreados y agredidos en la ciudad. El incidente provoc\u00f3 otro intento de \u00abcaza de jud\u00edos\u00bb en Amberes y ataques a un equipo de f\u00fatbol juvenil de Berl\u00edn.<\/p>\n<p>Cuando el grupo de Cooper coloc\u00f3 la advertencia de viaje en los Pa\u00edses Bajos, le dijo a Fox News Digital que \u00abte\u00f3ricamente, se podr\u00eda aplicar una advertencia de viaje a casi todos los lugares de Europa occidental\u00bb.<\/p>\n<p><strong>HAGA CLIC AQU\u00cd PARA OBTENER LA APLICACI\u00d3N FOX NEWS<\/strong><\/p>\n<div class=\"image-ct inline\">\n<div class=\"m\"><picture><source media=\"(max-width: 767px)\" srcset=\"https:\/\/a57.foxnews.com\/static.foxnews.com\/foxnews.com\/content\/uploads\/2024\/01\/343\/192\/GettyImages-1847668447.jpg?ve=1&amp;tl=1, https:\/\/a57.foxnews.com\/static.foxnews.com\/foxnews.com\/content\/uploads\/2024\/01\/686\/384\/GettyImages-1847668447.jpg?ve=1&amp;tl=1 2x\" height=\"192\" width=\"343\"><source media=\"(min-width: 768px) and (max-width: 1023px)\" srcset=\"https:\/\/a57.foxnews.com\/static.foxnews.com\/foxnews.com\/content\/uploads\/2024\/01\/672\/378\/GettyImages-1847668447.jpg?ve=1&amp;tl=1, https:\/\/a57.foxnews.com\/static.foxnews.com\/foxnews.com\/content\/uploads\/2024\/01\/1344\/756\/GettyImages-1847668447.jpg?ve=1&amp;tl=1 2x\" height=\"378\" width=\"672\"><source media=\"(min-width: 1024px) and (max-width: 1279px)\" srcset=\"https:\/\/a57.foxnews.com\/static.foxnews.com\/foxnews.com\/content\/uploads\/2024\/01\/931\/523\/GettyImages-1847668447.jpg?ve=1&amp;tl=1, https:\/\/a57.foxnews.com\/static.foxnews.com\/foxnews.com\/content\/uploads\/2024\/01\/1862\/1046\/GettyImages-1847668447.jpg?ve=1&amp;tl=1 2x\" height=\"523\" width=\"931\"><source media=\"(min-width: 1280px)\" srcset=\"https:\/\/a57.foxnews.com\/static.foxnews.com\/foxnews.com\/content\/uploads\/2024\/01\/720\/405\/GettyImages-1847668447.jpg?ve=1&amp;tl=1, https:\/\/a57.foxnews.com\/static.foxnews.com\/foxnews.com\/content\/uploads\/2024\/01\/1440\/810\/GettyImages-1847668447.jpg?ve=1&amp;tl=1 2x\" height=\"405\" width=\"720\"><img loading=\"lazy\" decoding=\"async\" src=\"https:\/\/a57.foxnews.com\/static.foxnews.com\/foxnews.com\/content\/uploads\/2024\/01\/1200\/675\/GettyImages-1847668447.jpg?ve=1&amp;tl=1\" alt=\"Protesta antiisrael\u00ed en Londres\" width=\"1200\" height=\"675\"\/><\/source><\/source><\/source><\/source><\/picture><\/div>\n<div class=\"info\">\n<div class=\"caption\">\n<p><span>Manifestantes antiisrael\u00edes sostienen una pancarta y cantan en una protesta en Londres el 9 de diciembre de 2023.<\/span> <span>(Foto de Andy Soloman\/UCG\/Universal Images Group v\u00eda Getty Images)<\/span><\/p>\n<\/div>\n<\/div>\n<\/div>\n<p>En Estados Unidos, con la intolerancia antijud\u00eda infiltr\u00e1ndose en las universidades de \u00e9lite, los lugares de trabajo, la comunidad m\u00e9dica y la industria del entretenimiento, el rabino Cooper resumi\u00f3 que \u00ablos desaf\u00edos futuros ser\u00e1n bastante intimidantes\u00bb. Tambi\u00e9n se\u00f1al\u00f3 que tiene esperanzas debido a la resiliencia de la comunidad jud\u00eda y la seguridad que brinda la democracia estadounidense. <\/p>\n<p>Cooper dijo que muchas personas designadas por la administraci\u00f3n entrante del presidente Trump, incluida la embajadora entrante de Estados Unidos ante las Naciones Unidas, la representante Elise Stefanik, son \u00abdefensores de nuestra comunidad\u00bb. Cuando comiencen a implementar nuevas pol\u00edticas, dijo que cree que \u00abpueden suceder muchas cosas buenas muy, muy r\u00e1pidamente\u00bb. <\/p>\n<\/div>\n\n","protected":false},"excerpt":{"rendered":"<p>\u00danase a Fox News para acceder a este contenido Adem\u00e1s, acceso especial a art\u00edculos seleccionados y otro contenido premium con su cuenta, sin cargo. Al ingresar su correo electr\u00f3nico y presionar Continuar, acepta los T\u00e9rminos de uso y la Pol\u00edtica de privacidad de Fox News, que incluye nuestro Aviso de incentivo financiero. Por favor, introduce &hellip;<\/p>\n","protected":false},"author":1,"featured_media":8623,"comment_status":"open","ping_status":"open","sticky":false,"template":"","format":"standard","meta":{"fifu_image_url":"https:\/\/static.foxnews.com\/foxnews.com\/content\/uploads\/2024\/02\/EL-CAMINO-REAL-PROTEST-SIGN.jpg","fifu_image_alt":"","footnotes":""},"categories":[13],"tags":[],"class_list":["post-8621","post","type-post","status-publish","format-standard","has-post-thumbnail","","category-mundo"],"_links":{"self":[{"href":"https:\/\/noticiasveraces.com\/index.php?rest_route=\/wp\/v2\/posts\/8621","targetHints":{"allow":["GET"]}}],"collection":[{"href":"https:\/\/noticiasveraces.com\/index.php?rest_route=\/wp\/v2\/posts"}],"about":[{"href":"https:\/\/noticiasveraces.com\/index.php?rest_route=\/wp\/v2\/types\/post"}],"author":[{"embeddable":true,"href":"https:\/\/noticiasveraces.com\/index.php?rest_route=\/wp\/v2\/users\/1"}],"replies":[{"embeddable":true,"href":"https:\/\/noticiasveraces.com\/index.php?rest_route=%2Fwp%2Fv2%2Fcomments&post=8621"}],"version-history":[{"count":0,"href":"https:\/\/noticiasveraces.com\/index.php?rest_route=\/wp\/v2\/posts\/8621\/revisions"}],"wp:featuredmedia":[{"embeddable":true,"href":"https:\/\/noticiasveraces.com\/index.php?rest_route=\/wp\/v2\/media\/8623"}],"wp:attachment":[{"href":"https:\/\/noticiasveraces.com\/index.php?rest_route=%2Fwp%2Fv2%2Fmedia&parent=8621"}],"wp:term":[{"taxonomy":"category","embeddable":true,"href":"https:\/\/noticiasveraces.com\/index.php?rest_route=%2Fwp%2Fv2%2Fcategories&post=8621"},{"taxonomy":"post_tag","embeddable":true,"href":"https:\/\/noticiasveraces.com\/index.php?rest_route=%2Fwp%2Fv2%2Ftags&post=8621"}],"curies":[{"name":"wp","href":"https:\/\/api.w.org\/{rel}","templated":true}]}}