{"id":8616,"date":"2025-01-01T07:12:03","date_gmt":"2025-01-01T11:12:03","guid":{"rendered":"https:\/\/noticiasveraces.com\/?p=8616"},"modified":"2025-01-01T07:12:03","modified_gmt":"2025-01-01T11:12:03","slug":"me-arrepiento-florentino-me-dijo","status":"publish","type":"post","link":"https:\/\/noticiasveraces.com\/?p=8616","title":{"rendered":"\u00abMe arrepiento, Florentino me dijo&#8230;\u00bb"},"content":{"rendered":"<p> \n<\/p>\n<div id=\"intext\">\n<p>Jos\u00e9 <b>Mourinho<\/b>actual entrenador del Fenerbah\u00e7e turco, ha confesado en una entrevista con el &#8216;Corriere Dello Sport&#8217; algunos de sus <b>remordimientos <\/b>tras 25 a\u00f1os entrenando al m\u00e1ximo nivel en Europa.<\/p>\n<h2 class=\"title-h2\">Se arrepiente del &#8216;no&#8217; a Florentino<\/h2>\n<p>El que fuese entrenador del Real Madrid de 2010 a 2013 ha dejado claro que se arrepiente de no haber continuado en el equipo blanco cuando Florentino P\u00e9rez deseaba que as\u00ed fuese.<\/p>\n<blockquote class=\"blockquote \">\n<p class=\"blockquote__quote\">\u00abFlorentino me dijo: &#8216;Mou, no te vayas ahora, ya has hecho lo dif\u00edcil, ahora empieza lo mejor'\u00bb<\/p>\n<\/blockquote>\n<p>\u00ab\u00bfRemordimientos? Muchos, si hablamos de partidos. En cuanto a decisiones profesionales, <b>el &#8216;no&#8217; a la oferta de continuar de Florentino <\/b>P\u00e9rez. Me dijo: &#8216;Mou, <b>no te vayas ahora, ya has hecho lo dif\u00edcil, ahora empieza lo mejor<\/b>&#8216;. Sab\u00eda que era verdad, pero quer\u00eda volver al Chelsea despu\u00e9s de tres a\u00f1os de grandes desaf\u00edos en Espa\u00f1a\u00bb, explic\u00f3 el portugu\u00e9s, que tras dejar la capital de Espa\u00f1a tom\u00f3 rumbo de nuevo a la Premier, concretamente al Chelsea, donde ya hab\u00eda entrenado tres temporadas. y en el que hab\u00eda ganado dos Premier League. A su vuelta a Stamford Bridge conquistar\u00eda una nueva Premier en la. <b>2014-2015<\/b>la \u00faltima vez que el luso gan\u00f3 una Liga nacional.<\/p>\n<h2 class=\"title-h2\">Cambi\u00f3 el Madrid por el Chelsea<\/h2>\n<p>Mourinho abandon\u00f3 el Real Madrid tras la temporada 2012-2013 en la que finaliz\u00f3 la Liga en segunda posici\u00f3n y cay\u00f3 en semifinales de Champions ante el Borussia Dortmund. No obstante, la relaci\u00f3n con la prensa y con parte del vestuario ya estaba muy tocada y &#8216;The Special One&#8217; decidi\u00f3 volver a Inglaterra. Eso s\u00ed, en lo deportivo el paso de Mourinho por Chamart\u00edn <b>devolvi\u00f3 el gen ganador<\/b> a un equipo que no compet\u00eda en Europa y que no ganaba una Liga desde la 2007-08.<\/p>\n<h2 class=\"title-h2\">El Madrid volvi\u00f3 a competir gracias a Mourinho<\/h2>\n<p>Con el portugu\u00e9s en el banquillo los blancos conquistaron la <b>liga de los r\u00e9cords<\/b> (2011-2012), la Copa del Rey de 2011 con el memorable testarazo de Cristiano en la pr\u00f3rroga y una Supercopa de Espa\u00f1a en 2012, y todo esto ante el mejor Bar\u00e7a de la historia (dirigido por Pep Guardiola). Adem\u00e1s, para muchos el gran m\u00e9rito de Mou fueron las tres semifinales de Champions consecutivas (2010 a 2013), aunque todas ellas terminaron con finales. <b>dram\u00e1ticos <\/b>para los merengues (tanda de penaltis ante el Bayern, la no remontada ante el Dortmund en casa y el pol\u00e9mico Cl\u00e1sico de la expulsi\u00f3n de Pepe). Aun as\u00ed, el Real Madrid recuper\u00f3 el car\u00e1cter ganador que le hizo conquistar la ansiada D\u00e9cima un a\u00f1o despu\u00e9s de su marcha con Ancelotti ya en el banquillo. Antes de la llegada de Mourinho a la capital el Real Madrid hab\u00eda ca\u00eddo <b>seis a\u00f1os consecutivos en octavos de final <\/b>y no pisaba los cuartos desde la temporada 2003-2004. Muchos dan a Mou gran parte del m\u00e9rito del \u00e9xito posterior de la entidad, especialmente en Europa.<\/p>\n<p>Asimismo, desde que abandon\u00f3 el Madrid, el portugu\u00e9s solo ha levantado tres t\u00edtulos en m\u00e1s de una d\u00e9cada entrenando en cinco equipos diferentes (Premier con el Chelsea, Conference con la Roma y una Europa League con el Manchester United).<\/p>\n<p><i>>S\u00edguenos en nuestro canal de WhatsApp y no te pierdas la \u00faltima hora y toda la actualidad de antena3noticias.com<\/i><\/p>\n<div class=\"recirculation-video\" data-mod=\"a3mod_recirculation_video\">\n<div class=\"recirculation-video-wrapper\">\n<div>\n<div class=\"video-wrapper\">\n  <picture class=\"video-main-picture\"><source media=\"(min-width: 481px)\" srcset=\"https:\/\/fotografias.antena3.com\/clipping\/cmsimages01\/2024\/12\/26\/961A1F2E-E882-49C7-A724-43B7807F4AE3\/isidre-esteve-piloto-dakar-2025_94.jpg?crop=1920,1080,x0,y0&amp;width=800&amp;height=450&amp;optimize=medium&amp;format=webply\" width=\"800\" height=\"450\"><source media=\"(min-width: 391px) and (max-width: 480px)\" srcset=\"https:\/\/fotografias.antena3.com\/clipping\/cmsimages01\/2024\/12\/26\/961A1F2E-E882-49C7-A724-43B7807F4AE3\/isidre-esteve-piloto-dakar-2025_70.jpg?crop=1920,1080,x0,y0&amp;width=480&amp;height=270&amp;optimize=high&amp;format=webply\" width=\"480\" height=\"270\"><source media=\"(min-width: 321px) and (max-width: 390px)\" srcset=\"https:\/\/fotografias.antena3.com\/clipping\/cmsimages01\/2024\/12\/26\/961A1F2E-E882-49C7-A724-43B7807F4AE3\/isidre-esteve-piloto-dakar-2025_92.jpg?crop=1920,1078,x0,y1&amp;width=390&amp;height=219&amp;optimize=high&amp;format=webply\" width=\"390\" height=\"219\"><source media=\"(max-width: 320px)\" srcset=\"https:\/\/fotografias.antena3.com\/clipping\/cmsimages01\/2024\/12\/26\/961A1F2E-E882-49C7-A724-43B7807F4AE3\/isidre-esteve-piloto-dakar-2025_52.jpg?crop=1920,1080,x0,y0&amp;width=320&amp;height=180&amp;optimize=high&amp;format=webply\" width=\"320\" height=\"180\"><img decoding=\"async\" title=\"Isidre Esteve, piloto del Dakar 2025\" alt=\"Isidre Esteve, piloto del Dakar 2025\" width=\"480\" height=\"270\" src=\"https:\/\/fotografias.antena3.com\/clipping\/cmsimages01\/2024\/12\/26\/961A1F2E-E882-49C7-A724-43B7807F4AE3\/isidre-esteve-piloto-dakar-2025_70.jpg?crop=1920,1080,x0,y0&amp;width=480&amp;height=270&amp;optimize=high&amp;format=webply\" loading=\"lazy\" class=\"lazy\"\/><br \/>\n  <\/source><\/source><\/source><\/source><\/picture>\n <\/div>\n<\/div><\/div>\n<\/p><\/div>\n<\/div>\n\n","protected":false},"excerpt":{"rendered":"<p>Jos\u00e9 Mourinhoactual entrenador del Fenerbah\u00e7e turco, ha confesado en una entrevista con el &#8216;Corriere Dello Sport&#8217; algunos de sus remordimientos tras 25 a\u00f1os entrenando al m\u00e1ximo nivel en Europa. Se arrepiente del &#8216;no&#8217; a Florentino El que fuese entrenador del Real Madrid de 2010 a 2013 ha dejado claro que se arrepiente de no haber &hellip;<\/p>\n","protected":false},"author":1,"featured_media":8618,"comment_status":"open","ping_status":"open","sticky":false,"template":"","format":"standard","meta":{"fifu_image_url":"https:\/\/fotografias.antena3.com\/clipping\/cmsimages01\/2015\/12\/18\/509FD68B-6DBA-4112-93A2-1048C33B3A5C\/69.jpg?crop=706,397,x44,y0&width=1280&height=720&optimize=low&format=jpg","fifu_image_alt":"","footnotes":""},"categories":[6],"tags":[],"class_list":["post-8616","post","type-post","status-publish","format-standard","has-post-thumbnail","","category-deportes"],"_links":{"self":[{"href":"https:\/\/noticiasveraces.com\/index.php?rest_route=\/wp\/v2\/posts\/8616","targetHints":{"allow":["GET"]}}],"collection":[{"href":"https:\/\/noticiasveraces.com\/index.php?rest_route=\/wp\/v2\/posts"}],"about":[{"href":"https:\/\/noticiasveraces.com\/index.php?rest_route=\/wp\/v2\/types\/post"}],"author":[{"embeddable":true,"href":"https:\/\/noticiasveraces.com\/index.php?rest_route=\/wp\/v2\/users\/1"}],"replies":[{"embeddable":true,"href":"https:\/\/noticiasveraces.com\/index.php?rest_route=%2Fwp%2Fv2%2Fcomments&post=8616"}],"version-history":[{"count":0,"href":"https:\/\/noticiasveraces.com\/index.php?rest_route=\/wp\/v2\/posts\/8616\/revisions"}],"wp:featuredmedia":[{"embeddable":true,"href":"https:\/\/noticiasveraces.com\/index.php?rest_route=\/wp\/v2\/media\/8618"}],"wp:attachment":[{"href":"https:\/\/noticiasveraces.com\/index.php?rest_route=%2Fwp%2Fv2%2Fmedia&parent=8616"}],"wp:term":[{"taxonomy":"category","embeddable":true,"href":"https:\/\/noticiasveraces.com\/index.php?rest_route=%2Fwp%2Fv2%2Fcategories&post=8616"},{"taxonomy":"post_tag","embeddable":true,"href":"https:\/\/noticiasveraces.com\/index.php?rest_route=%2Fwp%2Fv2%2Ftags&post=8616"}],"curies":[{"name":"wp","href":"https:\/\/api.w.org\/{rel}","templated":true}]}}