{"id":8602,"date":"2025-01-01T04:55:34","date_gmt":"2025-01-01T08:55:34","guid":{"rendered":"https:\/\/noticiasveraces.com\/?p=8602"},"modified":"2025-01-01T04:55:34","modified_gmt":"2025-01-01T08:55:34","slug":"la-esperanza-del-mundo-esta-en-la-fraternidad-dw-31-12-2024","status":"publish","type":"post","link":"https:\/\/noticiasveraces.com\/?p=8602","title":{"rendered":"\u00abLa esperanza del mundo est\u00e1 en la fraternidad\u00bb \u2013 DW \u2013 31\/12\/2024"},"content":{"rendered":"<p> \n<\/p>\n<div>\n<p>El Papa Francisco apel\u00f3 a la fraternidad como base de esperanza del mundo ante el A\u00f1o Nuevo, en la \u00faltima misa del a\u00f1o celebrada la noche de este martes (31.12.2024) en la bas\u00edlica de San Pedro del Vaticano.<\/p>\n<p>\u00abS\u00ed, la esperanza del mundo est\u00e1 en la fraternidad\u00bb, dijo el papa en las primeras v\u00edsperas de la Solemnidad de Mar\u00eda Sant\u00edsima Madre de Dios, un acto solemne en el que se enton\u00f3 un &#8216;Te Deum&#8217; de agradecimiento por la conclusi\u00f3n del a\u00f1o. .<\/p>\n<p>\u00ab\u00bfLa esperanza de una humanidad fraterna es s\u00f3lo un eslogan ret\u00f3rico o tiene una base s\u00f3lida sobre la que construir algo estable y duradero?\u00bb, pregunt\u00f3 el pont\u00edfice.<\/p>\n<p>Seg\u00fan remarc\u00f3, \u00abla respuesta la da la Santa Madre de Dios mostr\u00e1ndonos a Jes\u00fas\u00bb.<\/p>\n<p>\u00abLa esperanza de un mundo fraterno no es una ideolog\u00eda, no es un sistema econ\u00f3mico, no es el progreso tecnol\u00f3gico\u00bb, sino que se trata del \u00abhijo encarnado, enviado por el Padre para que todos podamos convertirnos en lo que somos: hijos del Padre que est\u00e1 en los Cielos, y por lo tanto, hermanos y hermanas, entre nosotros\u00bb, declar\u00f3 el papa.<\/p>\n<p>Francisco inst\u00f3 a \u00abcaminar juntos, como peregrinos de esperanza, por el camino de la fraternidad\u00bb.<\/p>\n<figure class=\"placeholder-image master_landscape big\"><img data-format=\"MASTER_LANDSCAPE\" data-id=\"71191953\" data-url=\"https:\/\/static.dw.com\/image\/71191953_${formatId}.jpg\" data-aspect-ratio=\"16\/9\" alt=\"El Papa Francisco encabez\u00f3 la \u00faltima misa del a\u00f1o en la bas\u00edlica de San Pedro.\" style=\"padding-bottom: 56.25%; height: 0; max-height: 0;\"\/><figcaption class=\"img-caption\">El Papa Francisco encabez\u00f3 la \u00faltima misa del a\u00f1o en la bas\u00edlica de San Pedro.<small class=\"copyright\">Imagen: Vatican Media\/ipa-agency\/picture Alliance<\/small><\/figcaption><\/figure>\n<h2>Saludo a fieles en la plaza<\/h2>\n<p>El pont\u00edfice tambi\u00e9n hizo referencia a las preparaciones de este \u00faltimo a\u00f1o en la ciudad de Roma de cara al Jubileo, celebraci\u00f3n que se alargar\u00e1 durante todo 2025 y que comenz\u00f3 el pasado 24 de diciembre. Esta festividad se celebra cada cuarto de siglo y ofrece la indulgencia de los pecados a los peregrinos que asisten a ella, que se espera que sean al menos 30 millones en los pr\u00f3ximos doce meses.<\/p>\n<p>\u00abEl a\u00f1o que termina ha sido muy exigente para la ciudad de Roma\u00bb, mencion\u00f3 Francisco.<\/p>\n<p>Tras la misa, el pont\u00edfice sali\u00f3 a la plaza de San Pedro, donde visit\u00f3 el pesebre expuesto en el lugar, cercano al \u00e1rbol de Navidad, y salud\u00f3 a cientos de fieles en la misma plaza.<\/p>\n<p>jc (efe, Vatican News)<\/p>\n<\/p>\n<\/div>\n\n","protected":false},"excerpt":{"rendered":"<p>El Papa Francisco apel\u00f3 a la fraternidad como base de esperanza del mundo ante el A\u00f1o Nuevo, en la \u00faltima misa del a\u00f1o celebrada la noche de este martes (31.12.2024) en la bas\u00edlica de San Pedro del Vaticano. \u00abS\u00ed, la esperanza del mundo est\u00e1 en la fraternidad\u00bb, dijo el papa en las primeras v\u00edsperas de &hellip;<\/p>\n","protected":false},"author":1,"featured_media":8603,"comment_status":"open","ping_status":"open","sticky":false,"template":"","format":"standard","meta":{"fifu_image_url":"https:\/\/static.dw.com\/image\/71191974_6.jpg","fifu_image_alt":"","footnotes":""},"categories":[13],"tags":[],"class_list":["post-8602","post","type-post","status-publish","format-standard","has-post-thumbnail","","category-mundo"],"_links":{"self":[{"href":"https:\/\/noticiasveraces.com\/index.php?rest_route=\/wp\/v2\/posts\/8602","targetHints":{"allow":["GET"]}}],"collection":[{"href":"https:\/\/noticiasveraces.com\/index.php?rest_route=\/wp\/v2\/posts"}],"about":[{"href":"https:\/\/noticiasveraces.com\/index.php?rest_route=\/wp\/v2\/types\/post"}],"author":[{"embeddable":true,"href":"https:\/\/noticiasveraces.com\/index.php?rest_route=\/wp\/v2\/users\/1"}],"replies":[{"embeddable":true,"href":"https:\/\/noticiasveraces.com\/index.php?rest_route=%2Fwp%2Fv2%2Fcomments&post=8602"}],"version-history":[{"count":0,"href":"https:\/\/noticiasveraces.com\/index.php?rest_route=\/wp\/v2\/posts\/8602\/revisions"}],"wp:featuredmedia":[{"embeddable":true,"href":"https:\/\/noticiasveraces.com\/index.php?rest_route=\/wp\/v2\/media\/8603"}],"wp:attachment":[{"href":"https:\/\/noticiasveraces.com\/index.php?rest_route=%2Fwp%2Fv2%2Fmedia&parent=8602"}],"wp:term":[{"taxonomy":"category","embeddable":true,"href":"https:\/\/noticiasveraces.com\/index.php?rest_route=%2Fwp%2Fv2%2Fcategories&post=8602"},{"taxonomy":"post_tag","embeddable":true,"href":"https:\/\/noticiasveraces.com\/index.php?rest_route=%2Fwp%2Fv2%2Ftags&post=8602"}],"curies":[{"name":"wp","href":"https:\/\/api.w.org\/{rel}","templated":true}]}}