{"id":8600,"date":"2025-01-01T03:50:12","date_gmt":"2025-01-01T07:50:12","guid":{"rendered":"https:\/\/noticiasveraces.com\/?p=8600"},"modified":"2025-01-01T03:50:12","modified_gmt":"2025-01-01T07:50:12","slug":"macron-asume-responsabilidad-por-la-crisis-politica-francesa-dw-31-12-2024","status":"publish","type":"post","link":"https:\/\/noticiasveraces.com\/?p=8600","title":{"rendered":"Macron asume responsabilidad por la crisis pol\u00edtica francesa \u2013 DW \u2013 31\/12\/2024"},"content":{"rendered":"<p> \n<\/p>\n<div>\n<p>El presidente de Francia, Emmanuel Macron, reconoci\u00f3 este martes (31.12.2024) que las elecciones anticipadas que convoc\u00f3 en junio pasado han tra\u00eddo m\u00e1s inestabilidad al pa\u00eds, por lo que asumi\u00f3 su responsabilidad al tomar esa discutida decisi\u00f3n.<\/p>\n<p>\u00abLa lucidez y la humildad obligan a reconocer que, en estos momentos, esa decisi\u00f3n ha producido m\u00e1s inestabilidad que serenidad y asumo mi responsabilidad\u00bb, afirm\u00f3 Macron en su mensaje de A\u00f1o Nuevo a los franceses.<\/p>\n<p>La elecci\u00f3n dio lugar a una Asamblea Nacional sin mayor\u00edas, con un Gobierno que solo pudo formarse en septiembre y que apenas dur\u00f3 tres meses, por lo que el nuevo Ejecutivo, que consider\u00f3 la semana pasada, debe intentar a marchas forzadas lograr aprobar un presupuesto para 2025.<\/p>\n<p>Se trata de la primera vez que Macron admite que su decisi\u00f3n de convocar elecciones anticipadas, que provoc\u00f3 sorpresa e incomprensi\u00f3n hasta en su propio bloque pol\u00edtico, ha tenido m\u00e1s resultados negativos que positivos.<\/p>\n<h2>\u00abM\u00e1s divisiones que soluciones\u00bb<\/h2>\n<p>Explic\u00f3 que si disolvi\u00f3 la Asamblea Nacional fue para \u00abdarles la palabra\u00bb a los franceses y \u00abevitar el inmovilismo\u00bb, pero- admiti\u00f3- \u00abdebo reconocer que esta disoluci\u00f3n ha tra\u00eddo por ahora m\u00e1s divisiones a la Asamblea que soluciones a los franceses\u00bb.<\/p>\n<p>La intervenci\u00f3n, de casi una vez minutos de duraci\u00f3n, incluy\u00f3 im\u00e1genes de dos grandes momentos que han marcado el a\u00f1o 2024 en Francia: los Juegos Ol\u00edmpicos y Paral\u00edmpicos de Par\u00eds y la reapertura de la catedral de Notre Dame despu\u00e9s de m\u00e1s de cinco a\u00f1os de trabajos tras el grave incendio de abril de 2019.<\/p>\n<p>Macron avanz\u00f3 que durante 2025 que los franceses se pronunciaban sobre \u00abasuntos importantes\u00bb, en una aparente alusi\u00f3n a que puede convocar alg\u00fan refer\u00e9ndum o una convenci\u00f3n ciudadana.<\/p>\n<p>\u00abLa esperanza, la prosperidad y la paz del cuarto de siglo venidero dependen de nuestras elecciones de hoy, y por eso en 2025 (&#8230;) les pedir\u00e9 que decidan sobre ciertos temas cruciales\u00bb, dijo Macron en su discurso.<\/p>\n<p>jc (efe, afp)<\/p>\n<\/p>\n<\/div>\n\n","protected":false},"excerpt":{"rendered":"<p>El presidente de Francia, Emmanuel Macron, reconoci\u00f3 este martes (31.12.2024) que las elecciones anticipadas que convoc\u00f3 en junio pasado han tra\u00eddo m\u00e1s inestabilidad al pa\u00eds, por lo que asumi\u00f3 su responsabilidad al tomar esa discutida decisi\u00f3n. \u00abLa lucidez y la humildad obligan a reconocer que, en estos momentos, esa decisi\u00f3n ha producido m\u00e1s inestabilidad que &hellip;<\/p>\n","protected":false},"author":1,"featured_media":8601,"comment_status":"open","ping_status":"open","sticky":false,"template":"","format":"standard","meta":{"fifu_image_url":"https:\/\/static.dw.com\/image\/71143761_6.jpg","fifu_image_alt":"","footnotes":""},"categories":[13],"tags":[],"class_list":["post-8600","post","type-post","status-publish","format-standard","has-post-thumbnail","","category-mundo"],"_links":{"self":[{"href":"https:\/\/noticiasveraces.com\/index.php?rest_route=\/wp\/v2\/posts\/8600","targetHints":{"allow":["GET"]}}],"collection":[{"href":"https:\/\/noticiasveraces.com\/index.php?rest_route=\/wp\/v2\/posts"}],"about":[{"href":"https:\/\/noticiasveraces.com\/index.php?rest_route=\/wp\/v2\/types\/post"}],"author":[{"embeddable":true,"href":"https:\/\/noticiasveraces.com\/index.php?rest_route=\/wp\/v2\/users\/1"}],"replies":[{"embeddable":true,"href":"https:\/\/noticiasveraces.com\/index.php?rest_route=%2Fwp%2Fv2%2Fcomments&post=8600"}],"version-history":[{"count":0,"href":"https:\/\/noticiasveraces.com\/index.php?rest_route=\/wp\/v2\/posts\/8600\/revisions"}],"wp:featuredmedia":[{"embeddable":true,"href":"https:\/\/noticiasveraces.com\/index.php?rest_route=\/wp\/v2\/media\/8601"}],"wp:attachment":[{"href":"https:\/\/noticiasveraces.com\/index.php?rest_route=%2Fwp%2Fv2%2Fmedia&parent=8600"}],"wp:term":[{"taxonomy":"category","embeddable":true,"href":"https:\/\/noticiasveraces.com\/index.php?rest_route=%2Fwp%2Fv2%2Fcategories&post=8600"},{"taxonomy":"post_tag","embeddable":true,"href":"https:\/\/noticiasveraces.com\/index.php?rest_route=%2Fwp%2Fv2%2Ftags&post=8600"}],"curies":[{"name":"wp","href":"https:\/\/api.w.org\/{rel}","templated":true}]}}