{"id":8598,"date":"2025-01-01T03:30:12","date_gmt":"2025-01-01T07:30:12","guid":{"rendered":"https:\/\/noticiasveraces.com\/?p=8598"},"modified":"2025-01-01T03:30:12","modified_gmt":"2025-01-01T07:30:12","slug":"lento-declive-sombrio-diagnostico-para-la-economia-alemana","status":"publish","type":"post","link":"https:\/\/noticiasveraces.com\/?p=8598","title":{"rendered":"&#8216;Lento declive&#8217;: Sombr\u00edo diagn\u00f3stico para la econom\u00eda alemana"},"content":{"rendered":"<p> \n<\/p>\n<div id=\"article\">\n<div class=\"article_WYSIWYG__O0uhw article_articlePage__UMz3q text-[18px] leading-8\">\n<p>Seg\u00fan un informe de Bloomberg Economics, Alemania corre el riesgo de entrar en una espiral econ\u00f3mica descendente que parece casi irreversible. En los \u00faltimos cinco a\u00f1os, la mayor econom\u00eda de Europa ha sufrido considerables p\u00e9rdidas de crecimiento: El producto interior bruto (PIB) est\u00e1 un 5% por debajo del nivel que habr\u00eda sido posible sin las perturbaciones relacionadas con la pandemia. Los hogares est\u00e1n sometidos a una presi\u00f3n financiera cada vez mayor, mientras que los pol\u00edticos siguen sin ofrecer soluciones convincentes. <\/p>\n<p><strong>Los choques estructurales lastran la competitividad<\/strong> <\/p>\n<p>El informe identifica los retos estructurales como las principales causas de la crisis actual. La p\u00e9rdida del gas ruso barato y las dificultades de la industria automovil\u00edstica, sobre todo de Volkswagen (ETR:), han debilitado la econom\u00eda alemana. Como consecuencia, los hogares alemanes est\u00e1n perdiendo unos 2.500 euros anuales de ingresos. Seg\u00fan las estimaciones, ser\u00e1 dif\u00edcil recuperar el d\u00e9ficit. <\/p>\n<p>Amy Webb, Directora General del Future Today Institute, advierte de las consecuencias a largo plazo: \u00abEl declive de Alemania no es un colapso repentino, sino un proceso gradual que empeorar\u00e1 poco a poco la vida de las personas, posiblemente para el resto de sus vidas\u00bb. El impacto en Europa tambi\u00e9n podr\u00eda ser grave, ya que el desequilibrio econ\u00f3mico seguir\u00eda agrav\u00e1ndose. <\/p>\n<p><strong>La desindustrializaci\u00f3n como problema central.<\/strong> <\/p>\n<p>Seg\u00fan los expertos, la r\u00e1pida desindustrializaci\u00f3n de Alemania exige un replanteamiento fundamental de la estructura econ\u00f3mica. Sin embargo, Stefan Koopman, estratega macroecon\u00f3mico senior de Rabobank, ve pocos indicios de tal cambio hasta el momento. Las industrias con uso intensivo de energ\u00eda est\u00e1n luchando contra el fuerte aumento de los costos de producci\u00f3n, mientras que las exportaciones est\u00e1n disminuyendo y las empresas est\u00e1n invirtiendo menos en Alemania. <\/p>\n<p>Las consecuencias tambi\u00e9n se dejan sentir en el mercado laboral: la tasa de desempleo alcanz\u00f3 el 6% en 2024, su nivel m\u00e1s alto desde 2016, y grandes empresas como Thyssenkrupp (ETR:), Bosch y Ford (NYSE:) han anunciado amplios recortes de empleo. Aunque los despidos obligatorios en Volkswagen se evitaron por el momento, el Grupo todav\u00eda planea recortar m\u00e1s de 35.000 puestos de trabajo para 2030. <\/p>\n<p><strong>La electromovilidad y la escasez de personal cualificada como retos adicionales.<\/strong> <\/p>\n<p>La transici\u00f3n a la electromovilidad plantea nuevos retos. Seg\u00fan la Asociaci\u00f3n Alemana de la Industria del Autom\u00f3vil (VDA), el empleo en este sector podr\u00eda reducirse en 186.000 puestos de trabajo de aqu\u00ed a 2035. El experto en mercado laboral Enzo Weber subraya que el verdadero problema no radica s\u00f3lo en la p\u00e9rdida de antiguos puestos de trabajo, sino sobre todo en la falta de creaci\u00f3n de nuevas oportunidades de empleo y de inversi\u00f3n en \u00e1reas de futuro. <\/p>\n<p><strong>Quedan oportunidades de reforma<\/strong> <\/p>\n<p>A pesar de la situaci\u00f3n aleccionadora, Bloomberg Economics tambi\u00e9n ve oportunidades para Alemania. El coeficiente de endeudamiento, comparativamente bajo en comparaci\u00f3n con los est\u00e1ndares internacionales, ofrece margen para la inversi\u00f3n. Los economistas prev\u00e9n una recuperaci\u00f3n econ\u00f3mica moderada a medio plazo. Sin embargo, esto no debe ocultar el hecho de que se necesitan urgentemente reformas de gran calado. \u00abLos pol\u00edticos no deben ver en una mejora temporal una raz\u00f3n para posponer las medidas que se necesitan urgentemente\u00bb, advierte Salomon Fiedler, del banco privado Berenberg. <\/p>\n<p>E incluso si los pol\u00edticos marcan el rumbo correcto e importante en el pr\u00f3ximo a\u00f1o, no surtir\u00e1n efecto inmediatamente, sino que llevar\u00e1n tiempo. Mientras tanto, la situaci\u00f3n podr\u00eda deteriorarse para todos en Alemania. Y precisamente por eso probablemente nunca ha sido tan importante tomar uno mismo las decisiones correctas y hacer previsiones privadas. No s\u00f3lo en Alemania, sino en toda Europa. <\/p>\n<p>Si empiezas con 5.000 euros, en 10 a\u00f1os tendr\u00e1s&#8230; <\/p>\n<p>&#8230;con una rentabilidad anual del 8 % 10.764 euros <br \/>&#8230;con una rentabilidad anual del 15 % 20.227 euros <br \/>&#8230;54.576 euros con una rentabilidad anual del 27 %. <\/p>\n<p>Si adem\u00e1s se a\u00f1ade una tasa de ahorro mensual, bastante m\u00e1s. El gran apalancamiento es la rentabilidad, y ah\u00ed es exactamente donde podemos ayudar. Nuestro rendimiento ha sido sistem\u00e1ticamente superior al 27 % de rentabilidad anual desde 2016. Puede encontrar m\u00e1s informaci\u00f3n sobre nosotros en nuestra p\u00e1gina web a trav\u00e9s del enlace que aparece junto a mi foto de perfil m\u00e1s arriba. <\/p>\n<p><em><u>Descarga de responsabilidad\/advertencia de riesgo:<\/u><\/em> <br \/><em>Los art\u00edculos aqu\u00ed ofrecidos son meramente informativos y no constituyen recomendaciones de compra o venta. No deben entenderse ni expl\u00edcita ni impl\u00edcitamente como garant\u00eda de una evoluci\u00f3n concreta de los precios de los instrumentos financieros mencionados ni como una llamada a la acci\u00f3n. La adquisici\u00f3n de valores conlleva riesgos que pueden conducir a la p\u00e9rdida total del capital invertido. La informaci\u00f3n no sustituye al asesoramiento experto en inversiones adaptado a las necesidades individuales. No se asume ni expresa ni impl\u00edcitamente responsabilidad ni garant\u00eda alguna por la actualidad, correcci\u00f3n, idoneidad e integridad de la informaci\u00f3n facilitada ni por p\u00e9rdidas financieras. No se trata expresamente de an\u00e1lisis financieros, sino de textos period\u00edsticos. Los lectores que tomen decisiones de inversi\u00f3n o realicen transacciones analizando en la informaci\u00f3n aqu\u00ed facilitada lo hacen bajo su propia responsabilidad. Los autores pueden poseer valores de las empresas\/valores\/acciones comentadas en el momento de la publicaci\u00f3n, por lo que puede existir un conflicto de intereses.<\/em><\/p>\n<\/div>\n<\/div>\n\n","protected":false},"excerpt":{"rendered":"<p>Seg\u00fan un informe de Bloomberg Economics, Alemania corre el riesgo de entrar en una espiral econ\u00f3mica descendente que parece casi irreversible. En los \u00faltimos cinco a\u00f1os, la mayor econom\u00eda de Europa ha sufrido considerables p\u00e9rdidas de crecimiento: El producto interior bruto (PIB) est\u00e1 un 5% por debajo del nivel que habr\u00eda sido posible sin las &hellip;<\/p>\n","protected":false},"author":1,"featured_media":8599,"comment_status":"open","ping_status":"open","sticky":false,"template":"","format":"standard","meta":{"fifu_image_url":"https:\/\/i-invdn-com.investing.com\/redesign\/images\/seo\/investingcom_analysis_og.jpg","fifu_image_alt":"","footnotes":""},"categories":[3],"tags":[],"class_list":["post-8598","post","type-post","status-publish","format-standard","has-post-thumbnail","","category-negocio"],"_links":{"self":[{"href":"https:\/\/noticiasveraces.com\/index.php?rest_route=\/wp\/v2\/posts\/8598","targetHints":{"allow":["GET"]}}],"collection":[{"href":"https:\/\/noticiasveraces.com\/index.php?rest_route=\/wp\/v2\/posts"}],"about":[{"href":"https:\/\/noticiasveraces.com\/index.php?rest_route=\/wp\/v2\/types\/post"}],"author":[{"embeddable":true,"href":"https:\/\/noticiasveraces.com\/index.php?rest_route=\/wp\/v2\/users\/1"}],"replies":[{"embeddable":true,"href":"https:\/\/noticiasveraces.com\/index.php?rest_route=%2Fwp%2Fv2%2Fcomments&post=8598"}],"version-history":[{"count":0,"href":"https:\/\/noticiasveraces.com\/index.php?rest_route=\/wp\/v2\/posts\/8598\/revisions"}],"wp:featuredmedia":[{"embeddable":true,"href":"https:\/\/noticiasveraces.com\/index.php?rest_route=\/wp\/v2\/media\/8599"}],"wp:attachment":[{"href":"https:\/\/noticiasveraces.com\/index.php?rest_route=%2Fwp%2Fv2%2Fmedia&parent=8598"}],"wp:term":[{"taxonomy":"category","embeddable":true,"href":"https:\/\/noticiasveraces.com\/index.php?rest_route=%2Fwp%2Fv2%2Fcategories&post=8598"},{"taxonomy":"post_tag","embeddable":true,"href":"https:\/\/noticiasveraces.com\/index.php?rest_route=%2Fwp%2Fv2%2Ftags&post=8598"}],"curies":[{"name":"wp","href":"https:\/\/api.w.org\/{rel}","templated":true}]}}