{"id":8590,"date":"2025-01-01T03:13:15","date_gmt":"2025-01-01T07:13:15","guid":{"rendered":"https:\/\/noticiasveraces.com\/?p=8590"},"modified":"2025-01-01T03:13:15","modified_gmt":"2025-01-01T07:13:15","slug":"zara-tindall-es-una-de-las-miembros-de-la-realeza-mejor-vestidas-aqui-estan-sus-mejores-looks-de-2024-real-noticias","status":"publish","type":"post","link":"https:\/\/noticiasveraces.com\/?p=8590","title":{"rendered":"Zara Tindall es una de las &#8216;miembros de la realeza mejor vestidas&#8217;: aqu\u00ed est\u00e1n sus mejores looks de 2024 | Real | Noticias"},"content":{"rendered":"<p> \n<\/p>\n<div>\n<p>Zara Tindall asumi\u00f3 un papel protagonista durante 2024 y tras la ausencia de la princesa Kate por su reciente batalla contra el c\u00e1ncer. La hija de la princesa Ana represent\u00f3 a la Firma y los espectadores observaron atentamente sus conjuntos cuando representa a la Familia Real.<\/p>\n<p>El hombre de 43 a\u00f1os no cedi\u00f3 ante la presi\u00f3n, sino todo lo contrario. S\u00f3lo a trav\u00e9s de su sentido de la moda, Zara ha demostrado que es sofisticada y elegante.<\/p>\n<p>Durante las \u00faltimas dos d\u00e9cadas, hemos visto a la belleza rubia transformarse y evolucionar hasta convertirse en un \u00edcono. Durante los \u00faltimos 12 meses, ha lucido refinada, majestuosa y atemporal.<\/p>\n<p>La sobrina del rey Carlos ha realizado innumerables exhibiciones impresionantes en eventos y compromisos p\u00fablicos. E incluso termin\u00f3 el a\u00f1o cautivando a los espectadores despu\u00e9s de lucir el color de la temporada, demostrando que es partidaria de las \u00faltimas tendencias mientras crea su propio estilo.<\/p>\n<p data-mce-linkchecker-status=\"valid\">Es conocida por su amor por los cortes estructurados y la elecci\u00f3n atrevida de colores. Express.co.uk ha echado un vistazo a cada conjunto y ha encontrado las mejores opciones.<\/p>\n<\/div>\n<div>\n<p class=\"withoutCaption\"><picture><source type=\"image\/avif\" srcset=\"https:\/\/cdn.images.express.co.uk\/img\/dynamic\/106\/1200x712\/secondary\/Cheltenham-Festival-April-2024-5859616.avif?r=1735670905543\" media=\"screen and (min-width:10000px)\"><source type=\"image\/webp\" srcset=\"https:\/\/cdn.images.express.co.uk\/img\/dynamic\/106\/1200x712\/secondary\/Cheltenham-Festival-April-2024-5859616.webp?r=1735670905543\" media=\"screen and (min-width:10000px)\"><source type=\"image\/jpeg\" srcset=\"https:\/\/cdn.images.express.co.uk\/img\/dynamic\/106\/1200x712\/secondary\/Cheltenham-Festival-April-2024-5859616.jpg?r=1735670905543\" media=\"screen and (min-width:10000px)\"><source type=\"image\/avif\" srcset=\"https:\/\/cdn.images.express.co.uk\/img\/dynamic\/106\/940x\/secondary\/Cheltenham-Festival-April-2024-5859616.avif?r=1735670905543\" media=\"screen\"><source type=\"image\/webp\" srcset=\"https:\/\/cdn.images.express.co.uk\/img\/dynamic\/106\/940x\/secondary\/Cheltenham-Festival-April-2024-5859616.webp?r=1735670905543\" media=\"screen\"><img decoding=\"async\" class=\"zoomEnabled\" src=\"https:\/\/cdn.images.express.co.uk\/img\/dynamic\/106\/1200x712\/secondary\/Cheltenham-Festival-April-2024-5859616.jpg?r=1735670905543\" alt=\"Zara Tindall en el Festival de Cheltenham abril de 2024 \" title=\"Zara Tindall en el Festival de Cheltenham abril de 2024 \" width=\"940\" height=\"1410\" loading=\"lazy\"\/><\/source><\/source><\/source><\/source><\/source><\/picture><\/p>\n<div class=\"newsCaption\">\n<p>Zara es una gran fan\u00e1tica de la ropa de dise\u00f1ador y para el Festival de Cheltenham en abril, us\u00f3 un elegante abrigo Fairfax y Favor.<\/p>\n<p>Esta es una marca para la que modela y con la que tiene su propia colecci\u00f3n. Combin\u00f3 la chaqueta de dise\u00f1ador con un sofisticado bolso Aspinal of London.<\/p>\n<p>La belleza rubia es una orgullosa defensora de muchas marcas brit\u00e1nicas, pero tiene varios dise\u00f1os de Aspinal que ha coleccionado durante muchos a\u00f1os.<\/p>\n<p> <span class=\"caption\">(Imagen: Getty)<\/span><span class=\"magnifier\" data-img=\"https:\/\/cdn.images.express.co.uk\/img\/dynamic\/106\/1200x712\/secondary\/Cheltenham-Festival-April-2024-5859616.jpg?r=1735670905543\"\/><\/div>\n<\/div>\n<div>\n<p class=\"withoutCaption\"><picture><source type=\"image\/avif\" srcset=\"https:\/\/cdn.images.express.co.uk\/img\/dynamic\/106\/1200x712\/secondary\/The-Sovereign-s-Garden-Party-5859617.avif?r=1735670905549\" media=\"screen and (min-width:10000px)\"><source type=\"image\/webp\" srcset=\"https:\/\/cdn.images.express.co.uk\/img\/dynamic\/106\/1200x712\/secondary\/The-Sovereign-s-Garden-Party-5859617.webp?r=1735670905549\" media=\"screen and (min-width:10000px)\"><source type=\"image\/jpeg\" srcset=\"https:\/\/cdn.images.express.co.uk\/img\/dynamic\/106\/1200x712\/secondary\/The-Sovereign-s-Garden-Party-5859617.jpg?r=1735670905549\" media=\"screen and (min-width:10000px)\"><source type=\"image\/avif\" srcset=\"https:\/\/cdn.images.express.co.uk\/img\/dynamic\/106\/940x\/secondary\/The-Sovereign-s-Garden-Party-5859617.avif?r=1735670905549\" media=\"screen\"><source type=\"image\/webp\" srcset=\"https:\/\/cdn.images.express.co.uk\/img\/dynamic\/106\/940x\/secondary\/The-Sovereign-s-Garden-Party-5859617.webp?r=1735670905549\" media=\"screen\"><img decoding=\"async\" class=\"zoomEnabled\" src=\"https:\/\/cdn.images.express.co.uk\/img\/dynamic\/106\/1200x712\/secondary\/The-Sovereign-s-Garden-Party-5859617.jpg?r=1735670905549\" alt=\"La fiesta en el jard\u00edn del soberano\" title=\"La fiesta en el jard\u00edn del soberano\" width=\"940\" height=\"1581\" loading=\"lazy\"\/><\/source><\/source><\/source><\/source><\/source><\/picture><\/p>\n<div class=\"newsCaption\">\n<p>En mayo, Zara hizo una exhibici\u00f3n asombrosa cuando asisti\u00f3 a la fiesta en el jard\u00edn del soberano celebrada por el rey Carlos.<\/p>\n<p>El evento permite a los miembros de la Familia Real conocer y hablar con personas que han tenido un impacto positivo en sus comunidades durante el a\u00f1o.<\/p>\n<p>Zara luci\u00f3 un vestido personalizado de Laura Green y lo combin\u00f3 con los tacones Rebecca Makeup del dise\u00f1ador. Complet\u00f3 su look con el bolso de mano Natasha de Emmy London.<\/p>\n<p> <span class=\"caption\">(Imagen: Getty)<\/span><span class=\"magnifier\" data-img=\"https:\/\/cdn.images.express.co.uk\/img\/dynamic\/106\/1200x712\/secondary\/The-Sovereign-s-Garden-Party-5859617.jpg?r=1735670905549\"\/><\/div>\n<\/div>\n<div>\n<p class=\"withoutCaption\"><picture><source type=\"image\/avif\" srcset=\"https:\/\/cdn.images.express.co.uk\/img\/dynamic\/106\/1200x712\/secondary\/Film-premiere-of-Federer-Twelve-Final-Days-5859618.avif?r=1735670905554\" media=\"screen and (min-width:10000px)\"><source type=\"image\/webp\" srcset=\"https:\/\/cdn.images.express.co.uk\/img\/dynamic\/106\/1200x712\/secondary\/Film-premiere-of-Federer-Twelve-Final-Days-5859618.webp?r=1735670905554\" media=\"screen and (min-width:10000px)\"><source type=\"image\/jpeg\" srcset=\"https:\/\/cdn.images.express.co.uk\/img\/dynamic\/106\/1200x712\/secondary\/Film-premiere-of-Federer-Twelve-Final-Days-5859618.jpg?r=1735670905554\" media=\"screen and (min-width:10000px)\"><source type=\"image\/avif\" srcset=\"https:\/\/cdn.images.express.co.uk\/img\/dynamic\/106\/940x\/secondary\/Film-premiere-of-Federer-Twelve-Final-Days-5859618.avif?r=1735670905554\" media=\"screen\"><source type=\"image\/webp\" srcset=\"https:\/\/cdn.images.express.co.uk\/img\/dynamic\/106\/940x\/secondary\/Film-premiere-of-Federer-Twelve-Final-Days-5859618.webp?r=1735670905554\" media=\"screen\"><img decoding=\"async\" class=\"zoomEnabled\" src=\"https:\/\/cdn.images.express.co.uk\/img\/dynamic\/106\/1200x712\/secondary\/Film-premiere-of-Federer-Twelve-Final-Days-5859618.jpg?r=1735670905554\" alt=\"Zara y Mike Tindall en el estreno de Federer: Twelve Final Days\" title=\"Zara y Mike Tindall en el estreno de Federer: Twelve Final Days\" width=\"940\" height=\"1410\" loading=\"lazy\"\/><\/source><\/source><\/source><\/source><\/source><\/picture><\/p>\n<div class=\"newsCaption\">\n<p>Zara estuvo acompa\u00f1ada de su marido Mike Tindall al estreno de Federer: Twelve Final Days que se celebr\u00f3 en el Odeon Luxe de Leicester Square en Londres.<\/p>\n<p>Para el evento, luci\u00f3 un impresionante conjunto negro que contaba con un impresionante detalle dorado.<\/p>\n<p>El miembro de la Familia Real luci\u00f3 un dise\u00f1o que presentaba mangas abullonadas y detalles florales adornados de Rebecca Vallance.<\/p>\n<p>Complet\u00f3 el look acentu\u00e1ndolo con accesorios de dos marcas favoritas de la realeza: el bolso de mano Strathberry Crescent en un tono dorado brillante y zapatos de tac\u00f3n de gamuza negra de Aquazurra.<\/p>\n<p> <span class=\"caption\">(Imagen: GETTY)<\/span><span class=\"magnifier\" data-img=\"https:\/\/cdn.images.express.co.uk\/img\/dynamic\/106\/1200x712\/secondary\/Film-premiere-of-Federer-Twelve-Final-Days-5859618.jpg?r=1735670905554\"\/><\/div>\n<\/div>\n<div>\n<p class=\"withoutCaption\"><picture><source type=\"image\/avif\" srcset=\"https:\/\/cdn.images.express.co.uk\/img\/dynamic\/106\/1200x712\/secondary\/Royal-Ascot-Wedensday-5859619.avif?r=1735670905559\" media=\"screen and (min-width:10000px)\"><source type=\"image\/webp\" srcset=\"https:\/\/cdn.images.express.co.uk\/img\/dynamic\/106\/1200x712\/secondary\/Royal-Ascot-Wedensday-5859619.webp?r=1735670905559\" media=\"screen and (min-width:10000px)\"><source type=\"image\/jpeg\" srcset=\"https:\/\/cdn.images.express.co.uk\/img\/dynamic\/106\/1200x712\/secondary\/Royal-Ascot-Wedensday-5859619.jpg?r=1735670905559\" media=\"screen and (min-width:10000px)\"><source type=\"image\/avif\" srcset=\"https:\/\/cdn.images.express.co.uk\/img\/dynamic\/106\/940x\/secondary\/Royal-Ascot-Wedensday-5859619.avif?r=1735670905559\" media=\"screen\"><source type=\"image\/webp\" srcset=\"https:\/\/cdn.images.express.co.uk\/img\/dynamic\/106\/940x\/secondary\/Royal-Ascot-Wedensday-5859619.webp?r=1735670905559\" media=\"screen\"><img decoding=\"async\" class=\"zoomEnabled\" src=\"https:\/\/cdn.images.express.co.uk\/img\/dynamic\/106\/1200x712\/secondary\/Royal-Ascot-Wedensday-5859619.jpg?r=1735670905559\" alt=\"Royal Ascot \u2013 mi\u00e9rcoles \" title=\"Royal Ascot \u2013 mi\u00e9rcoles \" width=\"940\" height=\"1410\" loading=\"lazy\"\/><\/source><\/source><\/source><\/source><\/source><\/picture><\/p>\n<div class=\"newsCaption\">\n<p>Zara es una gran fan\u00e1tica de la equitaci\u00f3n y a menudo se la fotograf\u00eda asistiendo a las carreras, por lo que no sorprende que haya participado en la procesi\u00f3n real en Ascot durante el verano.<\/p>\n<p>El segundo d\u00eda llevaba un vestido midi blanco que ten\u00eda un estampado bot\u00e1nico en rojo, rosa y violeta claro.<\/p>\n<p>El vestido fue dise\u00f1ado por Anna Mason London y cost\u00f3 \u00a31,286. Lo combin\u00f3 con un hermoso tocado rosa claro, zapatos de tac\u00f3n blancos y un bolso de mano met\u00e1lico en un tono similar de blanco.<\/p>\n<p> <span class=\"caption\">(Imagen: GETTY)<\/span><span class=\"magnifier\" data-img=\"https:\/\/cdn.images.express.co.uk\/img\/dynamic\/106\/1200x712\/secondary\/Royal-Ascot-Wedensday-5859619.jpg?r=1735670905559\"\/><\/div>\n<\/div>\n\n","protected":false},"excerpt":{"rendered":"<p>Zara Tindall asumi\u00f3 un papel protagonista durante 2024 y tras la ausencia de la princesa Kate por su reciente batalla contra el c\u00e1ncer. La hija de la princesa Ana represent\u00f3 a la Firma y los espectadores observaron atentamente sus conjuntos cuando representa a la Familia Real. El hombre de 43 a\u00f1os no cedi\u00f3 ante la &hellip;<\/p>\n","protected":false},"author":1,"featured_media":8592,"comment_status":"open","ping_status":"open","sticky":false,"template":"","format":"standard","meta":{"fifu_image_url":"https:\/\/cdn.images.express.co.uk\/img\/dynamic\/106\/1200x630\/5859777.jpg","fifu_image_alt":"","footnotes":""},"categories":[763],"tags":[],"class_list":["post-8590","post","type-post","status-publish","format-standard","has-post-thumbnail","","category-estilo-de-vida"],"_links":{"self":[{"href":"https:\/\/noticiasveraces.com\/index.php?rest_route=\/wp\/v2\/posts\/8590","targetHints":{"allow":["GET"]}}],"collection":[{"href":"https:\/\/noticiasveraces.com\/index.php?rest_route=\/wp\/v2\/posts"}],"about":[{"href":"https:\/\/noticiasveraces.com\/index.php?rest_route=\/wp\/v2\/types\/post"}],"author":[{"embeddable":true,"href":"https:\/\/noticiasveraces.com\/index.php?rest_route=\/wp\/v2\/users\/1"}],"replies":[{"embeddable":true,"href":"https:\/\/noticiasveraces.com\/index.php?rest_route=%2Fwp%2Fv2%2Fcomments&post=8590"}],"version-history":[{"count":0,"href":"https:\/\/noticiasveraces.com\/index.php?rest_route=\/wp\/v2\/posts\/8590\/revisions"}],"wp:featuredmedia":[{"embeddable":true,"href":"https:\/\/noticiasveraces.com\/index.php?rest_route=\/wp\/v2\/media\/8592"}],"wp:attachment":[{"href":"https:\/\/noticiasveraces.com\/index.php?rest_route=%2Fwp%2Fv2%2Fmedia&parent=8590"}],"wp:term":[{"taxonomy":"category","embeddable":true,"href":"https:\/\/noticiasveraces.com\/index.php?rest_route=%2Fwp%2Fv2%2Fcategories&post=8590"},{"taxonomy":"post_tag","embeddable":true,"href":"https:\/\/noticiasveraces.com\/index.php?rest_route=%2Fwp%2Fv2%2Ftags&post=8590"}],"curies":[{"name":"wp","href":"https:\/\/api.w.org\/{rel}","templated":true}]}}