{"id":8582,"date":"2025-01-01T02:49:11","date_gmt":"2025-01-01T06:49:11","guid":{"rendered":"https:\/\/noticiasveraces.com\/?p=8582"},"modified":"2025-01-01T02:49:11","modified_gmt":"2025-01-01T06:49:11","slug":"zelenski-dice-que-en-2025-luchara-por-una-ucrania-fuerte-dw-01-01-2025","status":"publish","type":"post","link":"https:\/\/noticiasveraces.com\/?p=8582","title":{"rendered":"Zelenski dice que en 2025 luchar\u00e1 \u00abpor una Ucrania fuerte\u00bb \u2013 DW \u2013 01\/01\/2025"},"content":{"rendered":"<p> \n<\/p>\n<div>\n<p>El presidente de Ucrania, Volodimir Zelenski, dijo el martes (31.12.2024) que su pa\u00eds luchar\u00e1 en 2025 en el \u00abcampo de batalla\u00bb y tambi\u00e9n en la \u00abmesa de negociaciones\u00bb para terminar con tres a\u00f1os de invasi\u00f3n rusa.<\/p>\n<p>\u00abCada d\u00eda del a\u00f1o pr\u00f3ximo vamos a luchar por una Ucrania fuerte. Para que Ucrania sea respetada y escuchada. Tanto en el campo de batalla como en la mesa de negociaciones\u00bb, declar\u00f3 en un mensaje al pa\u00eds.<\/p>\n<p>El 2024 fue un a\u00f1o dif\u00edcil para Ucrania, pues perdi\u00f3 siete veces m\u00e1s territorio en beneficio de Rusia que en 2023, seg\u00fan la agencia francesa AFP.<\/p>\n<p>Y en 2025 hay temor por la posible reducci\u00f3n del apoyo militar y pol\u00edtico de Estados Unidos con el retorno de Donald Trump a la presidencia.<\/p>\n<p>\u00abNo tengo ninguna duda de que el nuevo presidente estadounidense desea y es capaz de lograr la paz y terminar con la agresi\u00f3n de Putin\u00bb, se\u00f1al\u00f3 Zelenski en su discurso.<\/p>\n<p>En su mensaje de A\u00f1o Nuevo el martes, el presidente ruso, Vladimir Putin, no mencion\u00f3 de manera expl\u00edcita la guerra en Ucrania, pero s\u00ed salud\u00f3 a los soldados rusos por su \u00abvalent\u00eda\u00bb.<\/p>\n<p>gs (afp, Rubryka.com)<\/p>\n<\/div>\n\n","protected":false},"excerpt":{"rendered":"<p>El presidente de Ucrania, Volodimir Zelenski, dijo el martes (31.12.2024) que su pa\u00eds luchar\u00e1 en 2025 en el \u00abcampo de batalla\u00bb y tambi\u00e9n en la \u00abmesa de negociaciones\u00bb para terminar con tres a\u00f1os de invasi\u00f3n rusa. \u00abCada d\u00eda del a\u00f1o pr\u00f3ximo vamos a luchar por una Ucrania fuerte. Para que Ucrania sea respetada y escuchada. &hellip;<\/p>\n","protected":false},"author":1,"featured_media":8583,"comment_status":"open","ping_status":"open","sticky":false,"template":"","format":"standard","meta":{"fifu_image_url":"https:\/\/static.dw.com\/image\/71194585_6.jpg","fifu_image_alt":"","footnotes":""},"categories":[13],"tags":[],"class_list":["post-8582","post","type-post","status-publish","format-standard","has-post-thumbnail","","category-mundo"],"_links":{"self":[{"href":"https:\/\/noticiasveraces.com\/index.php?rest_route=\/wp\/v2\/posts\/8582","targetHints":{"allow":["GET"]}}],"collection":[{"href":"https:\/\/noticiasveraces.com\/index.php?rest_route=\/wp\/v2\/posts"}],"about":[{"href":"https:\/\/noticiasveraces.com\/index.php?rest_route=\/wp\/v2\/types\/post"}],"author":[{"embeddable":true,"href":"https:\/\/noticiasveraces.com\/index.php?rest_route=\/wp\/v2\/users\/1"}],"replies":[{"embeddable":true,"href":"https:\/\/noticiasveraces.com\/index.php?rest_route=%2Fwp%2Fv2%2Fcomments&post=8582"}],"version-history":[{"count":0,"href":"https:\/\/noticiasveraces.com\/index.php?rest_route=\/wp\/v2\/posts\/8582\/revisions"}],"wp:featuredmedia":[{"embeddable":true,"href":"https:\/\/noticiasveraces.com\/index.php?rest_route=\/wp\/v2\/media\/8583"}],"wp:attachment":[{"href":"https:\/\/noticiasveraces.com\/index.php?rest_route=%2Fwp%2Fv2%2Fmedia&parent=8582"}],"wp:term":[{"taxonomy":"category","embeddable":true,"href":"https:\/\/noticiasveraces.com\/index.php?rest_route=%2Fwp%2Fv2%2Fcategories&post=8582"},{"taxonomy":"post_tag","embeddable":true,"href":"https:\/\/noticiasveraces.com\/index.php?rest_route=%2Fwp%2Fv2%2Ftags&post=8582"}],"curies":[{"name":"wp","href":"https:\/\/api.w.org\/{rel}","templated":true}]}}