{"id":8542,"date":"2024-12-31T19:06:21","date_gmt":"2024-12-31T23:06:21","guid":{"rendered":"https:\/\/noticiasveraces.com\/?p=8542"},"modified":"2024-12-31T19:06:21","modified_gmt":"2024-12-31T23:06:21","slug":"aregawi-y-kiplimo-baten-el-record-historico-de-la-san-silvestre-y-entran-juntos-a-la-meta","status":"publish","type":"post","link":"https:\/\/noticiasveraces.com\/?p=8542","title":{"rendered":"Aregawi y Kiplimo baten el r\u00e9cord hist\u00f3rico de la San Silvestre \u00a1Y entran juntos a la meta!"},"content":{"rendered":"<p> \n<\/p>\n<div id=\"intext\">\n<p>La San Silvestre Vallecana ha concluido con una <b>imagen para el recuerdo<\/b>. Los corredores Berihu Aregawi y Jacob Kiplimo llevaron un ritmo <b>endiablado<\/b> Durante toda la prueba y, llegando al final, los corredores decidieron <b>entrar juntos<\/b> con un tiempo de 26:30 y sujetando entre ambos el cartel de la mejor marca tras <b>hacer historia<\/b>ya que esta marca supone <b>el mejor de la San Silvestre y el tercero mejor de todos los tiempos<\/b>. A\u00fan as\u00ed, el comit\u00e9 organizador apareci\u00f3 que <b>Aregawi piso primero<\/b> la l\u00ednea y le nombraron ganador, aunque les otorgaron el mismo tiempo.<\/p>\n<p>Aregawi, de <b>bronceado solo 23 a\u00f1os<\/b>ha participado en dos ediciones de los <b>Juegos Ol\u00edmpicos<\/b>consiguiendo una <b>plata<\/b> en los \u00faltimos Juegos de Par\u00eds en la prueba de 10k, la misma distancia que esta San Silvestre y hasta otras 3 platas en el <b>Campeonato Mundial de Campo a trav\u00e9s<\/b> en 2023 y 2024, tanto en las modalidades por equipos como en la individual.<\/p>\n<p>Por su parte, Jacob Kiplimo, de 24 a\u00f1os, ha participado en <b>tres ediciones<\/b> de los Juegos Ol\u00edmpicos entre los a\u00f1os 2016 y 2024, obteniendo una medalla de <b>bronce<\/b> en Tokio 2020, en la prueba de 10k. Adem\u00e1s, gan\u00f3 una medalla de bronce en el Campeonato Mundial de Atletismo de 2022 y dos medallas en el Campeonato Mundial de Media Marat\u00f3n de 2020, una de ellas fue un <b>oro<\/b>. El tercero en el podio fue el <b>englishAbel Mechaal<\/b>que recuper\u00f3 posiciones desde la <b>quinta posici\u00f3n<\/b> y se col\u00f3 en el podio.<\/p>\n<h2 class=\"title-h2\">Marca hist\u00f3rica para el atletismo espa\u00f1ol.<\/h2>\n<p>En la <b>edici\u00f3n femenina<\/b>la fondista y m\u00e9dica espa\u00f1ola, <b>Marta Garc\u00eda<\/b>dej\u00f3 atr\u00e1s a su competidora, Ruth Chepngetich y finaliz\u00f3 la carrera en <b>31:19, llev\u00e1ndose la marca hist\u00f3rica<\/b> de la competici\u00f3n en su categor\u00eda y coron\u00e1ndose como <b>la primera espa\u00f1ola<\/b> en ganar esta carrera desde <b>200<\/b>8. Marta Garc\u00eda ha ganado <b>varios campeonatos nacionales<\/b> y, en 2024, se hizo con la medalla de<b> bronce<\/b> de los 5000 m en el Campeonato Europeo. Ahora, se hace con el primer puesto en la San Silvestre y pone el<b> list\u00f3n muy alto<\/b> para las pr\u00f3ximas ediciones.<\/p>\n<p><i>S\u00edguenos en nuestro <b>canal de whatsapp<\/b> y no te pierdas la \u00faltima hora y toda la actualidad de antena3noticias.com<\/i><\/p>\n<div class=\"recirculation-video\" data-mod=\"a3mod_recirculation_video\">\n<div class=\"recirculation-video-wrapper\">\n<div>\n<div class=\"video-wrapper\">\n  <picture class=\"video-main-picture\"><source media=\"(min-width: 481px)\" srcset=\"https:\/\/fotografias.antena3.com\/clipping\/cmsimages01\/2024\/12\/27\/CF317580-EFB4-4D23-91F1-6DDCC1BA693D\/cristina-gutierrez-piloto-dakar-2025_94.jpg?crop=1920,1080,x0,y0&amp;width=800&amp;height=450&amp;optimize=medium&amp;format=webply\" width=\"800\" height=\"450\"><source media=\"(min-width: 391px) and (max-width: 480px)\" srcset=\"https:\/\/fotografias.antena3.com\/clipping\/cmsimages01\/2024\/12\/27\/CF317580-EFB4-4D23-91F1-6DDCC1BA693D\/cristina-gutierrez-piloto-dakar-2025_70.jpg?crop=1920,1080,x0,y0&amp;width=480&amp;height=270&amp;optimize=high&amp;format=webply\" width=\"480\" height=\"270\"><source media=\"(min-width: 321px) and (max-width: 390px)\" srcset=\"https:\/\/fotografias.antena3.com\/clipping\/cmsimages01\/2024\/12\/27\/CF317580-EFB4-4D23-91F1-6DDCC1BA693D\/cristina-gutierrez-piloto-dakar-2025_92.jpg?crop=1920,1078,x0,y1&amp;width=390&amp;height=219&amp;optimize=high&amp;format=webply\" width=\"390\" height=\"219\"><source media=\"(max-width: 320px)\" srcset=\"https:\/\/fotografias.antena3.com\/clipping\/cmsimages01\/2024\/12\/27\/CF317580-EFB4-4D23-91F1-6DDCC1BA693D\/cristina-gutierrez-piloto-dakar-2025_52.jpg?crop=1920,1080,x0,y0&amp;width=320&amp;height=180&amp;optimize=high&amp;format=webply\" width=\"320\" height=\"180\"><img decoding=\"async\" title=\"Cristina Guti\u00e9rrez, piloto del Dakar 2025\" alt=\"Cristina Guti\u00e9rrez, piloto del Dakar 2025\" width=\"480\" height=\"270\" src=\"https:\/\/fotografias.antena3.com\/clipping\/cmsimages01\/2024\/12\/27\/CF317580-EFB4-4D23-91F1-6DDCC1BA693D\/cristina-gutierrez-piloto-dakar-2025_70.jpg?crop=1920,1080,x0,y0&amp;width=480&amp;height=270&amp;optimize=high&amp;format=webply\" loading=\"lazy\" class=\"lazy\"\/><br \/>\n  <\/source><\/source><\/source><\/source><\/picture>\n <\/div>\n<\/div><\/div>\n<\/p><\/div>\n<\/div>\n\n","protected":false},"excerpt":{"rendered":"<p>La San Silvestre Vallecana ha concluido con una imagen para el recuerdo. Los corredores Berihu Aregawi y Jacob Kiplimo llevaron un ritmo endiablado Durante toda la prueba y, llegando al final, los corredores decidieron entrar juntos con un tiempo de 26:30 y sujetando entre ambos el cartel de la mejor marca tras hacer historiaya que &hellip;<\/p>\n","protected":false},"author":1,"featured_media":8544,"comment_status":"open","ping_status":"open","sticky":false,"template":"","format":"standard","meta":{"fifu_image_url":"https:\/\/fotografias.antena3.com\/clipping\/cmsimages01\/2024\/12\/31\/5B7997C0-9F7D-4464-9A9F-A81763CECEF5\/berihu-aregawi-jacob-kiplimo-san-silvestre-vallecana_69.jpg?crop=5911,3325,x0,y208&width=1280&height=720&optimize=low&format=jpg","fifu_image_alt":"","footnotes":""},"categories":[6],"tags":[],"class_list":["post-8542","post","type-post","status-publish","format-standard","has-post-thumbnail","","category-deportes"],"_links":{"self":[{"href":"https:\/\/noticiasveraces.com\/index.php?rest_route=\/wp\/v2\/posts\/8542","targetHints":{"allow":["GET"]}}],"collection":[{"href":"https:\/\/noticiasveraces.com\/index.php?rest_route=\/wp\/v2\/posts"}],"about":[{"href":"https:\/\/noticiasveraces.com\/index.php?rest_route=\/wp\/v2\/types\/post"}],"author":[{"embeddable":true,"href":"https:\/\/noticiasveraces.com\/index.php?rest_route=\/wp\/v2\/users\/1"}],"replies":[{"embeddable":true,"href":"https:\/\/noticiasveraces.com\/index.php?rest_route=%2Fwp%2Fv2%2Fcomments&post=8542"}],"version-history":[{"count":0,"href":"https:\/\/noticiasveraces.com\/index.php?rest_route=\/wp\/v2\/posts\/8542\/revisions"}],"wp:featuredmedia":[{"embeddable":true,"href":"https:\/\/noticiasveraces.com\/index.php?rest_route=\/wp\/v2\/media\/8544"}],"wp:attachment":[{"href":"https:\/\/noticiasveraces.com\/index.php?rest_route=%2Fwp%2Fv2%2Fmedia&parent=8542"}],"wp:term":[{"taxonomy":"category","embeddable":true,"href":"https:\/\/noticiasveraces.com\/index.php?rest_route=%2Fwp%2Fv2%2Fcategories&post=8542"},{"taxonomy":"post_tag","embeddable":true,"href":"https:\/\/noticiasveraces.com\/index.php?rest_route=%2Fwp%2Fv2%2Ftags&post=8542"}],"curies":[{"name":"wp","href":"https:\/\/api.w.org\/{rel}","templated":true}]}}