{"id":8514,"date":"2024-12-31T11:15:54","date_gmt":"2024-12-31T15:15:54","guid":{"rendered":"https:\/\/noticiasveraces.com\/?p=8514"},"modified":"2024-12-31T11:15:54","modified_gmt":"2024-12-31T15:15:54","slug":"se-emite-orden-de-arresto-contra-el-presidente-surcoreano-destituido-a-medida-que-se-profundiza-la-crisis-politica","status":"publish","type":"post","link":"https:\/\/noticiasveraces.com\/?p=8514","title":{"rendered":"Se emite orden de arresto contra el presidente surcoreano destituido a medida que se profundiza la crisis pol\u00edtica"},"content":{"rendered":"<p> \n<\/p>\n<div>\n<p class=\"speakable\">Un tribunal de Corea del Sur aprob\u00f3 el martes \u00f3rdenes de arresto para detener al presidente Yoon Suk Yeol y registrar su oficina y residencia en medio de una investigaci\u00f3n criminal sobre su decreto de ley marcial a principios de este mes.<\/p>\n<p class=\"speakable\">La medida marca la primera vez que un presidente en ejercicio del pa\u00eds enfrenta un arresto y ocurre despu\u00e9s de semanas de intensa agitaci\u00f3n pol\u00edtica en Corea del Sur, la cuarta econom\u00eda m\u00e1s grande de Asia y un aliado clave de Estados Unidos. El pa\u00eds tambi\u00e9n est\u00e1 lidiando con el mortal accidente a\u00e9reo de Jeju Air que mat\u00f3 a 179 personas el domingo. <\/p>\n<p>El Tribunal del Distrito Occidental de Se\u00fal emiti\u00f3 \u00f3rdenes para detener a Yoon y registrar la oficina presidencial y la residencia en el centro de Se\u00fal, seg\u00fan un comunicado de la Oficina de Investigaci\u00f3n de la Corrupci\u00f3n para Funcionarios de Alto Rango, que dirige una investigaci\u00f3n conjunta con la polic\u00eda y las autoridades militares.<\/p>\n<div class=\"image-ct inline\">\n<div class=\"m\"><picture><source media=\"(max-width: 767px)\" srcset=\"https:\/\/a57.foxnews.com\/static.foxnews.com\/foxnews.com\/content\/uploads\/2023\/01\/343\/192\/AP23010674340985-e1673632352783.jpg?ve=1&amp;tl=1, https:\/\/a57.foxnews.com\/static.foxnews.com\/foxnews.com\/content\/uploads\/2023\/01\/686\/384\/AP23010674340985-e1673632352783.jpg?ve=1&amp;tl=1 2x\" height=\"192\" width=\"343\"><source media=\"(min-width: 768px) and (max-width: 1023px)\" srcset=\"https:\/\/a57.foxnews.com\/static.foxnews.com\/foxnews.com\/content\/uploads\/2023\/01\/672\/378\/AP23010674340985-e1673632352783.jpg?ve=1&amp;tl=1, https:\/\/a57.foxnews.com\/static.foxnews.com\/foxnews.com\/content\/uploads\/2023\/01\/1344\/756\/AP23010674340985-e1673632352783.jpg?ve=1&amp;tl=1 2x\" height=\"378\" width=\"672\"><source media=\"(min-width: 1024px) and (max-width: 1279px)\" srcset=\"https:\/\/a57.foxnews.com\/static.foxnews.com\/foxnews.com\/content\/uploads\/2023\/01\/931\/523\/AP23010674340985-e1673632352783.jpg?ve=1&amp;tl=1, https:\/\/a57.foxnews.com\/static.foxnews.com\/foxnews.com\/content\/uploads\/2023\/01\/1862\/1046\/AP23010674340985-e1673632352783.jpg?ve=1&amp;tl=1 2x\" height=\"523\" width=\"931\"><source media=\"(min-width: 1280px)\" srcset=\"https:\/\/a57.foxnews.com\/static.foxnews.com\/foxnews.com\/content\/uploads\/2023\/01\/720\/405\/AP23010674340985-e1673632352783.jpg?ve=1&amp;tl=1, https:\/\/a57.foxnews.com\/static.foxnews.com\/foxnews.com\/content\/uploads\/2023\/01\/1440\/810\/AP23010674340985-e1673632352783.jpg?ve=1&amp;tl=1 2x\" height=\"405\" width=\"720\"><img loading=\"lazy\" decoding=\"async\" src=\"https:\/\/a57.foxnews.com\/static.foxnews.com\/foxnews.com\/content\/uploads\/2023\/01\/1200\/675\/AP23010674340985-e1673632352783.jpg?ve=1&amp;tl=1\" alt=\"Yoon de Corea del Sur\" width=\"1200\" height=\"675\"\/><\/source><\/source><\/source><\/source><\/picture><\/div>\n<div class=\"info\">\n<div class=\"caption\">\n<p><span>Un tribunal de Corea del Sur aprob\u00f3 el martes \u00f3rdenes de arresto para detener al presidente impugnado Yoon Suk Yeol.<\/span> <span>(Foto AP\/Lee Jin-man)<\/span><\/p>\n<\/div>\n<\/div>\n<\/div>\n<p><strong>EXPERTO EN AVIACI\u00d3N PLANTEA DUDAS SOBRE LA TEOR\u00cdA DEL CHOQUE DE AVES EN EL MORTAL ACCIDENTE DE AVI\u00d3N EN COREA DEL SUR: &#8216;NO TIENE SENTIDO&#8217;<\/strong><\/p>\n<p>La agencia dice que ha estado investigando si la declaraci\u00f3n de Yoon del 3 de diciembre equival\u00eda a rebeli\u00f3n y ha sido suspendido de su cargo.<\/p>\n<p>Seg\u00fan la ley surcoreana, el l\u00edder de una rebeli\u00f3n puede enfrentarse a la pena de muerte o cadena perpetua si es declarado culpable. <\/p>\n<p>No est\u00e1 claro cu\u00e1ndo proceder\u00e1n las autoridades con las \u00f3rdenes, y el abogado del presidente las calific\u00f3 de \u00abinv\u00e1lidas\u00bb e \u00abilegales\u00bb. Su paradero no se conoce p\u00fablicamente y se le ha prohibido salir del pa\u00eds.<\/p>\n<p>Yoon tiene inmunidad presidencial frente a la mayor\u00eda de los procesos penales, pero el privilegio no se extiende a las acusaciones de rebeli\u00f3n o traici\u00f3n.<\/p>\n<p>Por ley, un presidente de Corea del Sur puede declarar la ley marcial s\u00f3lo durante tiempos de guerra o emergencias similares y no tiene derecho a suspender las operaciones del parlamento, incluso bajo la ley marcial.<\/p>\n<p>Yoon impuso abruptamente la ley marcial y prometi\u00f3 eliminar las fuerzas \u00abantiestatales\u00bb despu\u00e9s de que tuvo dificultades para hacer avanzar su agenda en el parlamento dominado por la oposici\u00f3n. Sin embargo, la ley marcial s\u00f3lo estuvo en vigor durante unas seis horas desde que la Asamblea Nacional vot\u00f3 para anular la decisi\u00f3n del presidente.<\/p>\n<p><strong>ACCIDENTE DE AVI\u00d3N MORTAL EN COREA DEL SUR: EE.UU. ENV\u00cdA INVESTIGADORES AL PA\u00cdS A\u00daN RECUERDO DEL DESASTRE QUE MUERTO A 179<\/strong><\/p>\n<div class=\"image-ct inline\">\n<div class=\"m\"><picture><source media=\"(max-width: 767px)\" srcset=\"https:\/\/a57.foxnews.com\/static.foxnews.com\/foxnews.com\/content\/uploads\/2024\/12\/343\/192\/south-korea-crash-aftermath-2.jpg?ve=1&amp;tl=1, https:\/\/a57.foxnews.com\/static.foxnews.com\/foxnews.com\/content\/uploads\/2024\/12\/686\/384\/south-korea-crash-aftermath-2.jpg?ve=1&amp;tl=1 2x\" height=\"192\" width=\"343\"><source media=\"(min-width: 768px) and (max-width: 1023px)\" srcset=\"https:\/\/a57.foxnews.com\/static.foxnews.com\/foxnews.com\/content\/uploads\/2024\/12\/672\/378\/south-korea-crash-aftermath-2.jpg?ve=1&amp;tl=1, https:\/\/a57.foxnews.com\/static.foxnews.com\/foxnews.com\/content\/uploads\/2024\/12\/1344\/756\/south-korea-crash-aftermath-2.jpg?ve=1&amp;tl=1 2x\" height=\"378\" width=\"672\"><source media=\"(min-width: 1024px) and (max-width: 1279px)\" srcset=\"https:\/\/a57.foxnews.com\/static.foxnews.com\/foxnews.com\/content\/uploads\/2024\/12\/931\/523\/south-korea-crash-aftermath-2.jpg?ve=1&amp;tl=1, https:\/\/a57.foxnews.com\/static.foxnews.com\/foxnews.com\/content\/uploads\/2024\/12\/1862\/1046\/south-korea-crash-aftermath-2.jpg?ve=1&amp;tl=1 2x\" height=\"523\" width=\"931\"><source media=\"(min-width: 1280px)\" srcset=\"https:\/\/a57.foxnews.com\/static.foxnews.com\/foxnews.com\/content\/uploads\/2024\/12\/720\/405\/south-korea-crash-aftermath-2.jpg?ve=1&amp;tl=1, https:\/\/a57.foxnews.com\/static.foxnews.com\/foxnews.com\/content\/uploads\/2024\/12\/1440\/810\/south-korea-crash-aftermath-2.jpg?ve=1&amp;tl=1 2x\" height=\"405\" width=\"720\"><img loading=\"lazy\" decoding=\"async\" src=\"https:\/\/a57.foxnews.com\/static.foxnews.com\/foxnews.com\/content\/uploads\/2024\/12\/1200\/675\/south-korea-crash-aftermath-2.jpg?ve=1&amp;tl=1\" alt=\"Secuelas del accidente a\u00e9reo en Corea del Sur con equipo de rescate\" width=\"1200\" height=\"675\"\/><\/source><\/source><\/source><\/source><\/picture><\/div>\n<div class=\"info\">\n<div class=\"caption\">\n<p><span>El pa\u00eds tambi\u00e9n est\u00e1 lidiando con el mortal accidente a\u00e9reo de Jeju Air que mat\u00f3 a 179 personas el domingo. <\/span> <span>(Foto AP\/Ahn Young-joon)<\/span><\/p>\n<\/div>\n<\/div>\n<\/div>\n<p>Luego, los legisladores presentaron una moci\u00f3n para acusar al presidente por su declaraci\u00f3n de ley marcial, y el l\u00edder del Partido del Poder Popular, Han Dong-hun, critic\u00f3 la declaraci\u00f3n de ley marcial como \u00abinconstitucional\u00bb.<\/p>\n<p>Despu\u00e9s de declarar la ley marcial, Yoon envi\u00f3 cientos de tropas y polic\u00edas al parlamento para intentar impedir la votaci\u00f3n del decreto antes de retirarse despu\u00e9s de que el parlamento lo rechazara. No se produjeron actos de violencia importantes, pero aumentaron las protestas p\u00fablicas tanto en la oposici\u00f3n como en apoyo a Yoon.<\/p>\n<p>La Asamblea Nacional vot\u00f3 a favor de destituirlo el 14 de diciembre, durante el cual cientos de tropas y polic\u00edas fueron desplegados en la asamblea.<\/p>\n<p>El primer ministro Han Duck-soo, que reemplaz\u00f3 a Yoon como presidente interino, tambi\u00e9n ha sido acusado por el parlamento despu\u00e9s de que no logr\u00f3 cubrir tres esca\u00f1os de justicia en el tribunal constitucional de nueve miembros. Yoon s\u00f3lo puede ser destituido de su cargo si el tribunal confirma su juicio pol\u00edtico.<\/p>\n<p>Los expertos dicen que agregar m\u00e1s jueces podr\u00eda aumentar las posibilidades de juicio pol\u00edtico a Yoon, ya que eso requiere el apoyo de al menos seis jueces. La pr\u00f3xima audiencia en el caso de Yoon ante el Tribunal Constitucional est\u00e1 prevista para el viernes.<\/p>\n<div class=\"image-ct inline\">\n<div class=\"m\"><picture><source media=\"(max-width: 767px)\" srcset=\"https:\/\/a57.foxnews.com\/static.foxnews.com\/foxnews.com\/content\/uploads\/2024\/12\/343\/192\/ap24365197939670.jpg?ve=1&amp;tl=1, https:\/\/a57.foxnews.com\/static.foxnews.com\/foxnews.com\/content\/uploads\/2024\/12\/686\/384\/ap24365197939670.jpg?ve=1&amp;tl=1 2x\" height=\"192\" width=\"343\"><source media=\"(min-width: 768px) and (max-width: 1023px)\" srcset=\"https:\/\/a57.foxnews.com\/static.foxnews.com\/foxnews.com\/content\/uploads\/2024\/12\/672\/378\/ap24365197939670.jpg?ve=1&amp;tl=1, https:\/\/a57.foxnews.com\/static.foxnews.com\/foxnews.com\/content\/uploads\/2024\/12\/1344\/756\/ap24365197939670.jpg?ve=1&amp;tl=1 2x\" height=\"378\" width=\"672\"><source media=\"(min-width: 1024px) and (max-width: 1279px)\" srcset=\"https:\/\/a57.foxnews.com\/static.foxnews.com\/foxnews.com\/content\/uploads\/2024\/12\/931\/523\/ap24365197939670.jpg?ve=1&amp;tl=1, https:\/\/a57.foxnews.com\/static.foxnews.com\/foxnews.com\/content\/uploads\/2024\/12\/1862\/1046\/ap24365197939670.jpg?ve=1&amp;tl=1 2x\" height=\"523\" width=\"931\"><source media=\"(min-width: 1280px)\" srcset=\"https:\/\/a57.foxnews.com\/static.foxnews.com\/foxnews.com\/content\/uploads\/2024\/12\/720\/405\/ap24365197939670.jpg?ve=1&amp;tl=1, https:\/\/a57.foxnews.com\/static.foxnews.com\/foxnews.com\/content\/uploads\/2024\/12\/1440\/810\/ap24365197939670.jpg?ve=1&amp;tl=1 2x\" height=\"405\" width=\"720\"><img loading=\"lazy\" decoding=\"async\" src=\"https:\/\/a57.foxnews.com\/static.foxnews.com\/foxnews.com\/content\/uploads\/2024\/12\/1200\/675\/ap24365197939670.jpg?ve=1&amp;tl=1\" alt=\"Memorial de Corea del Sur\" width=\"1200\" height=\"675\"\/><\/source><\/source><\/source><\/source><\/picture><\/div>\n<div class=\"info\">\n<div class=\"caption\">\n<p><span>El presidente interino de Corea del Sur, Choi Sang-mok, coloca una flor para las v\u00edctimas de un avi\u00f3n que se sali\u00f3 de la pista y estall\u00f3 en llamas, en un altar conmemorativo en el parque deportivo Muan en Muan, Corea del Sur, el 30 de diciembre de 2024. <\/span> <span>(Foto AP\/Ahn Young-joon)<\/span><\/p>\n<\/div>\n<\/div>\n<\/div>\n<p><strong>HAGA CLIC AQU\u00cd PARA OBTENER LA APLICACI\u00d3N FOX NEWS<\/strong><\/p>\n<p>Kim Yong-hyun, que dimiti\u00f3 como ministro de Defensa de Yoon tras desempe\u00f1ar un papel importante en el decreto de ley marcial, ha sido detenido y acusado el viernes de cargos de insurrecci\u00f3n y abuso de poder.<\/p>\n<p>El nuevo presidente en funciones, Choi Sang-mok, presidi\u00f3 el lunes una reuni\u00f3n del grupo de trabajo que investiga el desastre de Jeju Air. El avi\u00f3n Boeing 737-800 aterriz\u00f3 sin el tren de aterrizaje delantero desplegado, se sali\u00f3 de la pista, se estrell\u00f3 contra una valla de hormig\u00f3n y estall\u00f3 en una bola de fuego. <\/p>\n<p><i>Associated Press y Reuters contribuyeron a este informe. <\/i><\/p>\n<p> <!----> <\/p>\n<div class=\"article-meta\">\n<div class=\"author-bio\">\n<p>Michael Dorgan es escritor de Fox News Digital y Fox Business.<\/p>\n<p>Puede enviar sugerencias a michael.dorgan@fox.com y seguirlo en Twitter @M_Dorgan.<\/p>\n<\/div>\n<\/div>\n<\/div>\n\n","protected":false},"excerpt":{"rendered":"<p>Un tribunal de Corea del Sur aprob\u00f3 el martes \u00f3rdenes de arresto para detener al presidente Yoon Suk Yeol y registrar su oficina y residencia en medio de una investigaci\u00f3n criminal sobre su decreto de ley marcial a principios de este mes. La medida marca la primera vez que un presidente en ejercicio del pa\u00eds &hellip;<\/p>\n","protected":false},"author":1,"featured_media":8516,"comment_status":"open","ping_status":"open","sticky":false,"template":"","format":"standard","meta":{"fifu_image_url":"https:\/\/static.foxnews.com\/foxnews.com\/content\/uploads\/2023\/01\/AP23010674340985-e1673632352783.jpg","fifu_image_alt":"","footnotes":""},"categories":[13],"tags":[],"class_list":["post-8514","post","type-post","status-publish","format-standard","has-post-thumbnail","","category-mundo"],"_links":{"self":[{"href":"https:\/\/noticiasveraces.com\/index.php?rest_route=\/wp\/v2\/posts\/8514","targetHints":{"allow":["GET"]}}],"collection":[{"href":"https:\/\/noticiasveraces.com\/index.php?rest_route=\/wp\/v2\/posts"}],"about":[{"href":"https:\/\/noticiasveraces.com\/index.php?rest_route=\/wp\/v2\/types\/post"}],"author":[{"embeddable":true,"href":"https:\/\/noticiasveraces.com\/index.php?rest_route=\/wp\/v2\/users\/1"}],"replies":[{"embeddable":true,"href":"https:\/\/noticiasveraces.com\/index.php?rest_route=%2Fwp%2Fv2%2Fcomments&post=8514"}],"version-history":[{"count":0,"href":"https:\/\/noticiasveraces.com\/index.php?rest_route=\/wp\/v2\/posts\/8514\/revisions"}],"wp:featuredmedia":[{"embeddable":true,"href":"https:\/\/noticiasveraces.com\/index.php?rest_route=\/wp\/v2\/media\/8516"}],"wp:attachment":[{"href":"https:\/\/noticiasveraces.com\/index.php?rest_route=%2Fwp%2Fv2%2Fmedia&parent=8514"}],"wp:term":[{"taxonomy":"category","embeddable":true,"href":"https:\/\/noticiasveraces.com\/index.php?rest_route=%2Fwp%2Fv2%2Fcategories&post=8514"},{"taxonomy":"post_tag","embeddable":true,"href":"https:\/\/noticiasveraces.com\/index.php?rest_route=%2Fwp%2Fv2%2Ftags&post=8514"}],"curies":[{"name":"wp","href":"https:\/\/api.w.org\/{rel}","templated":true}]}}