{"id":8507,"date":"2024-12-31T10:07:15","date_gmt":"2024-12-31T14:07:15","guid":{"rendered":"https:\/\/noticiasveraces.com\/?p=8507"},"modified":"2024-12-31T10:07:15","modified_gmt":"2024-12-31T14:07:15","slug":"asi-dijo-adios-jesus-navas-en-un-pizjuan-entregado","status":"publish","type":"post","link":"https:\/\/noticiasveraces.com\/?p=8507","title":{"rendered":"as\u00ed dijo adi\u00f3s Jes\u00fas Navas en un Pizju\u00e1n entregado"},"content":{"rendered":"<p> \n<\/p>\n<div id=\"intext\">\n<p>No falt\u00f3 absolutamente nadie en el <b>Adi\u00f3s de Jes\u00fas Navas al f\u00fatbol. <\/b>ya su amado Sevilla. El Sanchez <b>Pizju\u00e1n<\/b>la que fue, es y ser\u00e1 su casa para siempre, le despidi\u00f3 como la leyenda que es en uno de los<b> actos m\u00e1s emotivos y multitudinarios que se recuerdan<\/b> en el f\u00fatbol espa\u00f1ol.<\/p>\n<p>A los 39 a\u00f1os y despu\u00e9s de recibir un precioso homenaje en el Santiago Bernab\u00e9u hace unos d\u00edas, el de Los Palacios y Villafranca cerr\u00f3 su gira de despedida como si de una estrella de rock se tratara.<\/p>\n<p>El hist\u00f3rico jugador del Sevilla escuchaba emocionado el himno interpretado por El Arrebato en un S\u00e1nchez Pizju\u00e1n lleno hasta la bandera, y es que su adi\u00f3s ha sido un tributo que va m\u00e1s all\u00e1 del Sevilla FC y m\u00e1s all\u00e1 de la Selecci\u00f3n Espa\u00f1ola, es un homenaje a un jugador excelente ya un profesional de bandera. Las l\u00e1grimas estaban aseguradas.<\/p>\n<p>El club y la afici\u00f3n hispalense se volcaron con su leyenda m\u00e1s universal, y muy pocos quisieron perderse este homenaje: Sergio Ramos, Rodri Hern\u00e1ndez, Marchena, el propio Arrebato junto estuvo al andaluz en sus \u00faltimos momentos como exjugador sevillista (ya lo hizo en el c\u00e9sped <b>ante el Celta hace 15 d\u00edas<\/b>).<\/p>\n<p>Por el c\u00e9sped pas\u00f3 gran parte de los compa\u00f1eros que se han cruzado con \u00e9l en campo a lo largo de estas dos d\u00e9cadas de carrera, pero la emoci\u00f3n se desbord\u00f3 cuando apareci\u00f3 el hijo de Antonio Puerta y las hijas de Jos\u00e9 Antonio Reyes, otras dos leyendas. del servilismo que perdieron la vida en tr\u00e1gicas circunstancias.<\/p>\n<h2 class=\"title-h2\">El palmar\u00e9s de Navas<\/h2>\n<p>Jes\u00fas Navas dijo adi\u00f3s al f\u00fatbol en el Santiago Bernab\u00e9u (4-2 para los blancos) a los 39 a\u00f1os y habiendo ganado <b>16 t\u00edtulos<\/b> entre el Sevilla, el Manchester City (2013-17) y la Selecci\u00f3n Espa\u00f1ola: 1 Premier League, 2 Copas de Inglaterra, 4 Europa League, 2 Supercopas de Espa\u00f1a, 2 Copas del Rey, 1 Supercopa de Europa, 1 Mundial, 2 Eurocopas y 1 Liga de Naciones. En total ha disputado 882 partidos jugados, ha marcado <b>45 goles<\/b> y ha repartido 154 asistencias.<\/p>\n<p><i>>S\u00edguenos en nuestro canal de WhatsApp y no te pierdas la \u00faltima hora y toda la actualidad de antena3noticias.com<\/i><\/p>\n<div class=\"recirculation-video\" data-mod=\"a3mod_recirculation_video\">\n<div class=\"recirculation-video-wrapper\">\n<div>\n<div class=\"video-wrapper\">\n  <picture class=\"video-main-picture\"><source media=\"(min-width: 481px)\" srcset=\"https:\/\/fotografias.antena3.com\/clipping\/cmsimages01\/2024\/12\/25\/F38E7565-FA62-4678-AD3F-C1863D43E449\/carlos-sainz-cuatro-veces-ganador-dakar_94.jpg?crop=1920,1080,x0,y0&amp;width=800&amp;height=450&amp;optimize=medium&amp;format=webply\" width=\"800\" height=\"450\"><source media=\"(min-width: 391px) and (max-width: 480px)\" srcset=\"https:\/\/fotografias.antena3.com\/clipping\/cmsimages01\/2024\/12\/25\/F38E7565-FA62-4678-AD3F-C1863D43E449\/carlos-sainz-cuatro-veces-ganador-dakar_70.jpg?crop=1920,1080,x0,y0&amp;width=480&amp;height=270&amp;optimize=high&amp;format=webply\" width=\"480\" height=\"270\"><source media=\"(min-width: 321px) and (max-width: 390px)\" srcset=\"https:\/\/fotografias.antena3.com\/clipping\/cmsimages01\/2024\/12\/25\/F38E7565-FA62-4678-AD3F-C1863D43E449\/carlos-sainz-cuatro-veces-ganador-dakar_92.jpg?crop=1920,1078,x0,y1&amp;width=390&amp;height=219&amp;optimize=high&amp;format=webply\" width=\"390\" height=\"219\"><source media=\"(max-width: 320px)\" srcset=\"https:\/\/fotografias.antena3.com\/clipping\/cmsimages01\/2024\/12\/25\/F38E7565-FA62-4678-AD3F-C1863D43E449\/carlos-sainz-cuatro-veces-ganador-dakar_52.jpg?crop=1920,1080,x0,y0&amp;width=320&amp;height=180&amp;optimize=high&amp;format=webply\" width=\"320\" height=\"180\"><img decoding=\"async\" title=\"Carlos Sainz, cuatro veces ganador del Dakar\" alt=\"Carlos Sainz, cuatro veces ganador del Dakar\" width=\"480\" height=\"270\" src=\"https:\/\/fotografias.antena3.com\/clipping\/cmsimages01\/2024\/12\/25\/F38E7565-FA62-4678-AD3F-C1863D43E449\/carlos-sainz-cuatro-veces-ganador-dakar_70.jpg?crop=1920,1080,x0,y0&amp;width=480&amp;height=270&amp;optimize=high&amp;format=webply\" loading=\"lazy\" class=\"lazy\"\/><br \/>\n  <\/source><\/source><\/source><\/source><\/picture>\n <\/div>\n<\/div><\/div>\n<\/p><\/div>\n<\/div>\n\n","protected":false},"excerpt":{"rendered":"<p>No falt\u00f3 absolutamente nadie en el Adi\u00f3s de Jes\u00fas Navas al f\u00fatbol. ya su amado Sevilla. El Sanchez Pizju\u00e1nla que fue, es y ser\u00e1 su casa para siempre, le despidi\u00f3 como la leyenda que es en uno de los actos m\u00e1s emotivos y multitudinarios que se recuerdan en el f\u00fatbol espa\u00f1ol. A los 39 a\u00f1os &hellip;<\/p>\n","protected":false},"author":1,"featured_media":8509,"comment_status":"open","ping_status":"open","sticky":false,"template":"","format":"standard","meta":{"fifu_image_url":"https:\/\/fotografias.antena3.com\/clipping\/cmsimages01\/2024\/12\/31\/7AEC37C6-1B65-448C-B674-8B49F0CF4506\/jesus-navas-sergio-ramos-rodri-hernandez_69.jpg?crop=2816,1584,x0,y0&width=1280&height=720&optimize=low&format=jpg","fifu_image_alt":"","footnotes":""},"categories":[6],"tags":[],"class_list":["post-8507","post","type-post","status-publish","format-standard","has-post-thumbnail","","category-deportes"],"_links":{"self":[{"href":"https:\/\/noticiasveraces.com\/index.php?rest_route=\/wp\/v2\/posts\/8507","targetHints":{"allow":["GET"]}}],"collection":[{"href":"https:\/\/noticiasveraces.com\/index.php?rest_route=\/wp\/v2\/posts"}],"about":[{"href":"https:\/\/noticiasveraces.com\/index.php?rest_route=\/wp\/v2\/types\/post"}],"author":[{"embeddable":true,"href":"https:\/\/noticiasveraces.com\/index.php?rest_route=\/wp\/v2\/users\/1"}],"replies":[{"embeddable":true,"href":"https:\/\/noticiasveraces.com\/index.php?rest_route=%2Fwp%2Fv2%2Fcomments&post=8507"}],"version-history":[{"count":0,"href":"https:\/\/noticiasveraces.com\/index.php?rest_route=\/wp\/v2\/posts\/8507\/revisions"}],"wp:featuredmedia":[{"embeddable":true,"href":"https:\/\/noticiasveraces.com\/index.php?rest_route=\/wp\/v2\/media\/8509"}],"wp:attachment":[{"href":"https:\/\/noticiasveraces.com\/index.php?rest_route=%2Fwp%2Fv2%2Fmedia&parent=8507"}],"wp:term":[{"taxonomy":"category","embeddable":true,"href":"https:\/\/noticiasveraces.com\/index.php?rest_route=%2Fwp%2Fv2%2Fcategories&post=8507"},{"taxonomy":"post_tag","embeddable":true,"href":"https:\/\/noticiasveraces.com\/index.php?rest_route=%2Fwp%2Fv2%2Ftags&post=8507"}],"curies":[{"name":"wp","href":"https:\/\/api.w.org\/{rel}","templated":true}]}}