{"id":8481,"date":"2024-12-31T06:00:33","date_gmt":"2024-12-31T10:00:33","guid":{"rendered":"https:\/\/noticiasveraces.com\/?p=8481"},"modified":"2024-12-31T06:00:33","modified_gmt":"2024-12-31T10:00:33","slug":"islamistas-en-puestos-militares-de-alto-rango-dw-31-12-2024","status":"publish","type":"post","link":"https:\/\/noticiasveraces.com\/?p=8481","title":{"rendered":"Islamistas en puestos militares de alto rango \u2013 DW \u2013 31\/12\/2024"},"content":{"rendered":"<p> \n<\/p>\n<div>\n<p>Las nuevas autoridades sirias anunciaron la semana pasada un acuerdo con los grupos armados procedentes de la coalici\u00f3n de islamistas radicales que derroc\u00f3 al presidente Bashar al Asad el 8 de diciembre. Este acuerdo supondr\u00eda el paso para su disoluci\u00f3n y su integraci\u00f3n en el Ministerio de Defensa.<\/p>\n<p>Estas facciones islamistas tomaron Damasco tras un rel\u00e1mpago ofensivo de menos de dos semanas liderado por el grupo Hayat Tharir al Sham (HTS), dirigido por Ahmed al Sharaa. <\/p>\n<p>En un decreto publicado en Telegram, el \u00abComando General\u00bb de Ahmed al Sharaa incluye una lista de 49 nombres, entre ellos los de rebeldes sirios y de antiguos oficiales del ej\u00e9rcito que desertaron tras el inicio de la guerra en 2011 y se aliaron con los rebeldes islamistas. Estos nombramientos se producen \u00aben el marco del desarrollo y modernizaci\u00f3n del ej\u00e9rcito\u00bb. [&#8230;]para garantizar la seguridad y la estabilidad\u00bb, reza el decreto.<\/p>\n<h2>Tambi\u00e9n yihadistas extranjeros<\/h2>\n<p>\u00abLa mayor\u00eda de las personas ascendidas pertenecen al c\u00edrculo \u00edntimo de Ahmed al Sharaa\u00bb, explica al respecto Rami Abdel Rahman, director del Observatorio Sirio de Derechos Humanos (OSDH).<\/p>\n<p>El OSDH, que dispone de una vasta red de fuentes en Siria, identific\u00f3 al menos a \u00abseis yihadistas extranjeros\u00bb en la lista, particularmente a un alban\u00e9s, un jordano, un hombre de Tayikist\u00e1n, un uigur y un turco que formaba parte de HTS.<\/p>\n<p>Por su parte, el experto en movimientos yihadistas y en el conflicto sirio, Aymen al Tamimi, ha identificado al menos a tres extranjeros: un uigur, un jordano y un turco \u00abque se dirigi\u00f3 a los combatientes turcos bajo el mando de HTS y es ahora [tras el ascenso] un oficial de brigada\u00bb. MS (afp\/dlf) <\/p>\n<\/p>\n<\/p>\n<\/div>\n\n","protected":false},"excerpt":{"rendered":"<p>Las nuevas autoridades sirias anunciaron la semana pasada un acuerdo con los grupos armados procedentes de la coalici\u00f3n de islamistas radicales que derroc\u00f3 al presidente Bashar al Asad el 8 de diciembre. Este acuerdo supondr\u00eda el paso para su disoluci\u00f3n y su integraci\u00f3n en el Ministerio de Defensa. Estas facciones islamistas tomaron Damasco tras un &hellip;<\/p>\n","protected":false},"author":1,"featured_media":8482,"comment_status":"open","ping_status":"open","sticky":false,"template":"","format":"standard","meta":{"fifu_image_url":"https:\/\/static.dw.com\/image\/71153668_6.jpg","fifu_image_alt":"","footnotes":""},"categories":[13],"tags":[],"class_list":["post-8481","post","type-post","status-publish","format-standard","has-post-thumbnail","","category-mundo"],"_links":{"self":[{"href":"https:\/\/noticiasveraces.com\/index.php?rest_route=\/wp\/v2\/posts\/8481","targetHints":{"allow":["GET"]}}],"collection":[{"href":"https:\/\/noticiasveraces.com\/index.php?rest_route=\/wp\/v2\/posts"}],"about":[{"href":"https:\/\/noticiasveraces.com\/index.php?rest_route=\/wp\/v2\/types\/post"}],"author":[{"embeddable":true,"href":"https:\/\/noticiasveraces.com\/index.php?rest_route=\/wp\/v2\/users\/1"}],"replies":[{"embeddable":true,"href":"https:\/\/noticiasveraces.com\/index.php?rest_route=%2Fwp%2Fv2%2Fcomments&post=8481"}],"version-history":[{"count":0,"href":"https:\/\/noticiasveraces.com\/index.php?rest_route=\/wp\/v2\/posts\/8481\/revisions"}],"wp:featuredmedia":[{"embeddable":true,"href":"https:\/\/noticiasveraces.com\/index.php?rest_route=\/wp\/v2\/media\/8482"}],"wp:attachment":[{"href":"https:\/\/noticiasveraces.com\/index.php?rest_route=%2Fwp%2Fv2%2Fmedia&parent=8481"}],"wp:term":[{"taxonomy":"category","embeddable":true,"href":"https:\/\/noticiasveraces.com\/index.php?rest_route=%2Fwp%2Fv2%2Fcategories&post=8481"},{"taxonomy":"post_tag","embeddable":true,"href":"https:\/\/noticiasveraces.com\/index.php?rest_route=%2Fwp%2Fv2%2Ftags&post=8481"}],"curies":[{"name":"wp","href":"https:\/\/api.w.org\/{rel}","templated":true}]}}