{"id":8466,"date":"2024-12-31T02:55:36","date_gmt":"2024-12-31T06:55:36","guid":{"rendered":"https:\/\/noticiasveraces.com\/?p=8466"},"modified":"2024-12-31T02:55:36","modified_gmt":"2024-12-31T06:55:36","slug":"el-ministro-de-asuntos-exteriores-ruso-sergei-lavrov-descarta-el-supuesto-acuerdo-de-paz-de-trump","status":"publish","type":"post","link":"https:\/\/noticiasveraces.com\/?p=8466","title":{"rendered":"El ministro de Asuntos Exteriores ruso, Sergei Lavrov, descarta el supuesto acuerdo de paz de Trump"},"content":{"rendered":"<p> \n<\/p>\n<div>\n<div class=\"article-gating gated-overlay show-gate\">\n<div class=\"article-gating-wrapper\">\n<p>\u00danase a Fox News para acceder a este contenido<\/p>\n<p>Ha alcanzado su n\u00famero m\u00e1ximo de art\u00edculos. Inicia sesi\u00f3n o crea una cuenta GRATIS para continuar leyendo.<\/p>\n<div class=\"article-gating-legal tablet-desktop\">Al ingresar su correo electr\u00f3nico y presionar Continuar, acepta los T\u00e9rminos de uso y la Pol\u00edtica de privacidad de Fox News, que incluye nuestro Aviso de incentivo financiero.\n    <\/div>\n<p><span>Por favor, introduce una direcci\u00f3n de correo electr\u00f3nico v\u00e1lida.<\/span><\/p>\n<footer class=\"article-gating-footer\">\u00bfTienes problemas? Haga clic aqu\u00ed.<\/footer>\n<\/div>\n<\/div>\n<p class=\"speakable\">El Ministro de Relaciones Exteriores de Rusia rechaz\u00f3 un acuerdo de paz que involucra a Ucrania y la OTAN, alegando que las propuestas han sido hechas por los asesores del presidente electo Trump.<\/p>\n<p class=\"speakable\">El Ministro de Asuntos Exteriores ruso, Sergei Lavrov, hizo estos comentarios durante una entrevista con TASS, una agencia de noticias estatal rusa, el lunes. Durante la entrevista, Lavrov afirm\u00f3 que Estados Unidos planea \u00absuspender las hostilidades a lo largo de la l\u00ednea de contacto y transferir la responsabilidad de la confrontaci\u00f3n con Rusia a los europeos\u00bb.<\/p>\n<p>\u00abPor supuesto, no estamos contentos con las propuestas hechas por los miembros del equipo Trump de posponer la admisi\u00f3n de Ucrania en la OTAN durante 20 a\u00f1os y de estacionar fuerzas de paz brit\u00e1nicas y europeas en Ucrania\u00bb, dijo el ministro de Asuntos Exteriores, aunque ese acuerdo no se ha concretado. sido anunciado por ning\u00fan funcionario estadounidense.<\/p>\n<p>Lavrov dijo que la propuesta surgi\u00f3 a trav\u00e9s de \u00abfiltraciones\u00bb y de la reciente entrevista de Trump con la revista TIME, pero la entrevista de Trump no conten\u00eda ninguna referencia a la OTAN. El Ministro de Asuntos Exteriores tambi\u00e9n afirm\u00f3 que la OTAN \u00abha estado ampliando su alcance durante muchos a\u00f1os, lo que se convirti\u00f3 en una de las principales causas de la crisis de Ucrania\u00bb.<\/p>\n<p><strong><u>EE.UU. IMPONE SANCIONES A EMPRESAS VINCULADAS A NORD STREAM 2 EN UN INTENTO POR EXPRIMIR A RUSIA<\/u><\/strong><\/p>\n<div class=\"image-ct inline\">\n<div class=\"m\"><picture><source media=\"(max-width: 767px)\" srcset=\"https:\/\/a57.foxnews.com\/static.foxnews.com\/foxnews.com\/content\/uploads\/2024\/12\/343\/192\/screenshot-2024-12-30-195511.png?ve=1&amp;tl=1, https:\/\/a57.foxnews.com\/static.foxnews.com\/foxnews.com\/content\/uploads\/2024\/12\/686\/384\/screenshot-2024-12-30-195511.png?ve=1&amp;tl=1 2x\" height=\"192\" width=\"343\"><source media=\"(min-width: 768px) and (max-width: 1023px)\" srcset=\"https:\/\/a57.foxnews.com\/static.foxnews.com\/foxnews.com\/content\/uploads\/2024\/12\/672\/378\/screenshot-2024-12-30-195511.png?ve=1&amp;tl=1, https:\/\/a57.foxnews.com\/static.foxnews.com\/foxnews.com\/content\/uploads\/2024\/12\/1344\/756\/screenshot-2024-12-30-195511.png?ve=1&amp;tl=1 2x\" height=\"378\" width=\"672\"><source media=\"(min-width: 1024px) and (max-width: 1279px)\" srcset=\"https:\/\/a57.foxnews.com\/static.foxnews.com\/foxnews.com\/content\/uploads\/2024\/12\/931\/523\/screenshot-2024-12-30-195511.png?ve=1&amp;tl=1, https:\/\/a57.foxnews.com\/static.foxnews.com\/foxnews.com\/content\/uploads\/2024\/12\/1862\/1046\/screenshot-2024-12-30-195511.png?ve=1&amp;tl=1 2x\" height=\"523\" width=\"931\"><source media=\"(min-width: 1280px)\" srcset=\"https:\/\/a57.foxnews.com\/static.foxnews.com\/foxnews.com\/content\/uploads\/2024\/12\/720\/405\/screenshot-2024-12-30-195511.png?ve=1&amp;tl=1, https:\/\/a57.foxnews.com\/static.foxnews.com\/foxnews.com\/content\/uploads\/2024\/12\/1440\/810\/screenshot-2024-12-30-195511.png?ve=1&amp;tl=1 2x\" height=\"405\" width=\"720\"><img loading=\"lazy\" decoding=\"async\" src=\"https:\/\/a57.foxnews.com\/static.foxnews.com\/foxnews.com\/content\/uploads\/2024\/12\/1200\/675\/screenshot-2024-12-30-195511.png?ve=1&amp;tl=1\" alt=\"Separaci\u00f3n de Lavrov y Trump\" width=\"1200\" height=\"675\"\/><\/source><\/source><\/source><\/source><\/picture><\/div>\n<div class=\"info\">\n<div class=\"caption\">\n<p><span>El ministro de Asuntos Exteriores ruso, Sergei Lavrov, desestim\u00f3 un acuerdo de paz con Ucrania que, seg\u00fan se informa, fue propuesto por el equipo de Trump.<\/span> <span>(Im\u00e1genes falsas)<\/span><\/p>\n<\/div>\n<\/div>\n<\/div>\n<p>\u00abA aquellos que acusan a Rusia de diversos hechos se les deber\u00eda aconsejar que se miren en el espejo\u00bb, dijo m\u00e1s tarde el Ministro de Asuntos Exteriores durante la entrevista. \u00abLos militares y mercenarios de la OTAN participan abiertamente en la planificaci\u00f3n de operaciones de combate y combates del lado de las Fuerzas Armadas de Ucrania\u00bb.<\/p>\n<p>\u00abLa OTAN es c\u00f3mplice de la invasi\u00f3n de la regi\u00f3n de Kursk y de los ataques con misiles de largo alcance dentro de Rusia\u00bb, continu\u00f3 Lavrov. \u00abEl presidente Vladimir Putin lo dej\u00f3 muy claro en sus recientes declaraciones p\u00fablicas.\u00bb<\/p>\n<p>Durante su entrevista como Persona del A\u00f1o en TIME, Trump dijo que era \u00abuna ventaja para ambas partes\u00bb poner fin a la guerra ruso-ucraniana, y afirm\u00f3 que Rusia no habr\u00eda invadido Ucrania si \u00e9l fuera presidente en 2022.<\/p>\n<p><strong><u>FUNCIONARIO UCRANIANO SE RECONOCE EL CR\u00c9DITO DESPU\u00c9S DE QUE EL GENERAL RUSO IGOR KIRILLOV MUERTE POR UN DISPOSITIVO EXPLOSIVO EN MOSC\u00da<\/u><\/strong><\/p>\n<div class=\"image-ct inline\">\n<div class=\"m\"><picture><source media=\"(max-width: 767px)\" srcset=\"https:\/\/a57.foxnews.com\/static.foxnews.com\/foxnews.com\/content\/uploads\/2024\/12\/343\/192\/putin-432.jpg?ve=1&amp;tl=1, https:\/\/a57.foxnews.com\/static.foxnews.com\/foxnews.com\/content\/uploads\/2024\/12\/686\/384\/putin-432.jpg?ve=1&amp;tl=1 2x\" height=\"192\" width=\"343\"><source media=\"(min-width: 768px) and (max-width: 1023px)\" srcset=\"https:\/\/a57.foxnews.com\/static.foxnews.com\/foxnews.com\/content\/uploads\/2024\/12\/672\/378\/putin-432.jpg?ve=1&amp;tl=1, https:\/\/a57.foxnews.com\/static.foxnews.com\/foxnews.com\/content\/uploads\/2024\/12\/1344\/756\/putin-432.jpg?ve=1&amp;tl=1 2x\" height=\"378\" width=\"672\"><source media=\"(min-width: 1024px) and (max-width: 1279px)\" srcset=\"https:\/\/a57.foxnews.com\/static.foxnews.com\/foxnews.com\/content\/uploads\/2024\/12\/931\/523\/putin-432.jpg?ve=1&amp;tl=1, https:\/\/a57.foxnews.com\/static.foxnews.com\/foxnews.com\/content\/uploads\/2024\/12\/1862\/1046\/putin-432.jpg?ve=1&amp;tl=1 2x\" height=\"523\" width=\"931\"><source media=\"(min-width: 1280px)\" srcset=\"https:\/\/a57.foxnews.com\/static.foxnews.com\/foxnews.com\/content\/uploads\/2024\/12\/720\/405\/putin-432.jpg?ve=1&amp;tl=1, https:\/\/a57.foxnews.com\/static.foxnews.com\/foxnews.com\/content\/uploads\/2024\/12\/1440\/810\/putin-432.jpg?ve=1&amp;tl=1 2x\" height=\"405\" width=\"720\"><img loading=\"lazy\" decoding=\"async\" src=\"https:\/\/a57.foxnews.com\/static.foxnews.com\/foxnews.com\/content\/uploads\/2024\/12\/1200\/675\/putin-432.jpg?ve=1&amp;tl=1\" alt=\"El presidente ruso Vladimir Putin\" width=\"1200\" height=\"675\"\/><\/source><\/source><\/source><\/source><\/picture><\/div>\n<div class=\"info\">\n<div class=\"caption\">\n<p><span>El presidente ruso Vladimir Putin celebra su conferencia de prensa anual de fin de a\u00f1o en Mosc\u00fa el 19 de diciembre de 2024.<\/span> <span>(ALEXANDER NEMENOV\/AFP v\u00eda Getty Images)<\/span><\/p>\n<\/div>\n<\/div>\n<\/div>\n<p>\u00abEstoy totalmente en desacuerdo con el env\u00edo de misiles a cientos de millas dentro de Rusia. \u00bfPor qu\u00e9 hacemos eso?\u00bb dijo Trump en ese momento. \u00abSimplemente estamos intensificando esta guerra y empeor\u00e1ndola&#8230;[but] Quiero llegar a un acuerdo y la \u00fanica forma de llegar a un acuerdo es no abandonar\u00bb.<\/p>\n<p>La reciente entrevista de Lavrov se produjo una semana despu\u00e9s de que el presidente ruso <u>Vlad\u00edmir Putin<\/u> expres\u00f3 su voluntad de llegar a un compromiso con Trump, aunque insisti\u00f3 en que Rusia est\u00e1 en una posici\u00f3n m\u00e1s fuerte que en 2022.<\/p>\n<p>\u00abPronto, los ucranianos que quieran luchar se acabar\u00e1n. En mi opini\u00f3n, pronto no quedar\u00e1 nadie que quiera luchar\u00bb, dijo Putin. \u00abEstamos listos, pero la otra parte necesita estar lista tanto para negociaciones como para compromisos\u00bb.<\/p>\n<p>\u00abSiempre hemos dicho que estamos preparados para negociaciones y compromisos\u00bb.<\/p>\n<p><strong><u>HAGA CLIC AQU\u00cd PARA OBTENER LA APLICACI\u00d3N FOX NEWS<\/u><\/strong><\/p>\n<div class=\"image-ct inline\">\n<div class=\"m\"><picture><source media=\"(max-width: 767px)\" srcset=\"https:\/\/a57.foxnews.com\/static.foxnews.com\/foxnews.com\/content\/uploads\/2024\/12\/343\/192\/gettyimages-2190485862-1-scaled.jpg?ve=1&amp;tl=1, https:\/\/a57.foxnews.com\/static.foxnews.com\/foxnews.com\/content\/uploads\/2024\/12\/686\/384\/gettyimages-2190485862-1-scaled.jpg?ve=1&amp;tl=1 2x\" height=\"192\" width=\"343\"><source media=\"(min-width: 768px) and (max-width: 1023px)\" srcset=\"https:\/\/a57.foxnews.com\/static.foxnews.com\/foxnews.com\/content\/uploads\/2024\/12\/672\/378\/gettyimages-2190485862-1-scaled.jpg?ve=1&amp;tl=1, https:\/\/a57.foxnews.com\/static.foxnews.com\/foxnews.com\/content\/uploads\/2024\/12\/1344\/756\/gettyimages-2190485862-1-scaled.jpg?ve=1&amp;tl=1 2x\" height=\"378\" width=\"672\"><source media=\"(min-width: 1024px) and (max-width: 1279px)\" srcset=\"https:\/\/a57.foxnews.com\/static.foxnews.com\/foxnews.com\/content\/uploads\/2024\/12\/931\/523\/gettyimages-2190485862-1-scaled.jpg?ve=1&amp;tl=1, https:\/\/a57.foxnews.com\/static.foxnews.com\/foxnews.com\/content\/uploads\/2024\/12\/1862\/1046\/gettyimages-2190485862-1-scaled.jpg?ve=1&amp;tl=1 2x\" height=\"523\" width=\"931\"><source media=\"(min-width: 1280px)\" srcset=\"https:\/\/a57.foxnews.com\/static.foxnews.com\/foxnews.com\/content\/uploads\/2024\/12\/720\/405\/gettyimages-2190485862-1-scaled.jpg?ve=1&amp;tl=1, https:\/\/a57.foxnews.com\/static.foxnews.com\/foxnews.com\/content\/uploads\/2024\/12\/1440\/810\/gettyimages-2190485862-1-scaled.jpg?ve=1&amp;tl=1 2x\" height=\"405\" width=\"720\"><img loading=\"lazy\" decoding=\"async\" src=\"https:\/\/a57.foxnews.com\/static.foxnews.com\/foxnews.com\/content\/uploads\/2024\/12\/1200\/675\/gettyimages-2190485862-1-scaled.jpg?ve=1&amp;tl=1\" alt=\"El presidente electo Donald Trump\" width=\"1200\" height=\"675\"\/><\/source><\/source><\/source><\/source><\/picture><\/div>\n<div class=\"info\">\n<div class=\"caption\">\n<p><span> El presidente electo de Estados Unidos, Donald Trump, sonr\u00ede durante el AmericaFest de Turning Point USA en el Centro de Convenciones de Phoenix el 22 de diciembre de 2024 en Phoenix, Arizona.<\/span> <span>(Rebecca Noble\/Getty Images)<\/span><\/p>\n<\/div>\n<\/div>\n<\/div>\n<p>Fox News Digital contact\u00f3 al equipo de Trump para hacer comentarios, pero no recibi\u00f3 respuesta de inmediato.<\/p>\n<p><i>Reuters contribuy\u00f3 a este informe.<\/i><\/p>\n<\/div>\n\n","protected":false},"excerpt":{"rendered":"<p>\u00danase a Fox News para acceder a este contenido Ha alcanzado su n\u00famero m\u00e1ximo de art\u00edculos. Inicia sesi\u00f3n o crea una cuenta GRATIS para continuar leyendo. Al ingresar su correo electr\u00f3nico y presionar Continuar, acepta los T\u00e9rminos de uso y la Pol\u00edtica de privacidad de Fox News, que incluye nuestro Aviso de incentivo financiero. Por &hellip;<\/p>\n","protected":false},"author":1,"featured_media":8468,"comment_status":"open","ping_status":"open","sticky":false,"template":"","format":"standard","meta":{"fifu_image_url":"https:\/\/static.foxnews.com\/foxnews.com\/content\/uploads\/2024\/12\/screenshot-2024-12-30-195511.png","fifu_image_alt":"","footnotes":""},"categories":[13],"tags":[],"class_list":["post-8466","post","type-post","status-publish","format-standard","has-post-thumbnail","","category-mundo"],"_links":{"self":[{"href":"https:\/\/noticiasveraces.com\/index.php?rest_route=\/wp\/v2\/posts\/8466","targetHints":{"allow":["GET"]}}],"collection":[{"href":"https:\/\/noticiasveraces.com\/index.php?rest_route=\/wp\/v2\/posts"}],"about":[{"href":"https:\/\/noticiasveraces.com\/index.php?rest_route=\/wp\/v2\/types\/post"}],"author":[{"embeddable":true,"href":"https:\/\/noticiasveraces.com\/index.php?rest_route=\/wp\/v2\/users\/1"}],"replies":[{"embeddable":true,"href":"https:\/\/noticiasveraces.com\/index.php?rest_route=%2Fwp%2Fv2%2Fcomments&post=8466"}],"version-history":[{"count":0,"href":"https:\/\/noticiasveraces.com\/index.php?rest_route=\/wp\/v2\/posts\/8466\/revisions"}],"wp:featuredmedia":[{"embeddable":true,"href":"https:\/\/noticiasveraces.com\/index.php?rest_route=\/wp\/v2\/media\/8468"}],"wp:attachment":[{"href":"https:\/\/noticiasveraces.com\/index.php?rest_route=%2Fwp%2Fv2%2Fmedia&parent=8466"}],"wp:term":[{"taxonomy":"category","embeddable":true,"href":"https:\/\/noticiasveraces.com\/index.php?rest_route=%2Fwp%2Fv2%2Fcategories&post=8466"},{"taxonomy":"post_tag","embeddable":true,"href":"https:\/\/noticiasveraces.com\/index.php?rest_route=%2Fwp%2Fv2%2Ftags&post=8466"}],"curies":[{"name":"wp","href":"https:\/\/api.w.org\/{rel}","templated":true}]}}